{"id":689085,"date":"2026-01-25T22:20:12","date_gmt":"2026-01-25T22:20:12","guid":{"rendered":"https:\/\/www.europesays.com\/fr\/689085\/"},"modified":"2026-01-25T22:20:12","modified_gmt":"2026-01-25T22:20:12","slug":"usa-a-minnneapolis-les-autorites-federales-defendent-les-agents-de-limmigration-malgre-des-preuves-video","status":"publish","type":"post","link":"https:\/\/www.europesays.com\/fr\/689085\/","title":{"rendered":"USA-A Minnneapolis, les autorit\u00e9s f\u00e9d\u00e9rales d\u00e9fendent les agents de l&rsquo;immigration malgr\u00e9 des preuves vid\u00e9o"},"content":{"rendered":"<p>MINNEAPOLIS, 25 janvier (Reuters) &#8211; Des responsables de l&rsquo;administration de Donald Trump ont d\u00e9fendu dimanche les agents de l&rsquo;immigration qui ont abattu samedi \u00e0 Minneapolis Alex Pretti, un infirmier am\u00e9ricain de 37 ans, alors m\u00eame que des images vid\u00e9o semblent contredire la version des faits des autorit\u00e9s f\u00e9d\u00e9rales, tandis que les tensions s&rsquo;intensifient entre les forces de l&rsquo;ordre locales et les agents f\u00e9d\u00e9raux.<\/p>\n<p>\n              Dimanche, les habitants de la ville se recueillaient devant un autel improvis\u00e9 avec des fleurs et des bougies, bravant le froid et la neige, pour rendre hommage \u00e0 Alex Pretti, dont la mort par balle impliquant des agents f\u00e9d\u00e9raux de l&rsquo;immigration (la Border Patrol) est la deuxi\u00e8me ce mois-ci \u00e0 Minneapolis, apr\u00e8s le d\u00e9c\u00e8s d&rsquo;une autre citoyenne am\u00e9ricaine, Renee Good, le 7 janvier.<\/p>\n<p>\n              Depuis plusieurs semaines, Minneapolis et d&rsquo;autres villes am\u00e9ricaines sont secou\u00e9es par des manifestations contre la pr\u00e9sence de la police de l&rsquo;immigration (Immigration and Customs Enforcement ou ICE). <\/p>\n<p>\n              L&rsquo;administration de Donald Trump soutient cependant qu&rsquo;Alex Pretti a agress\u00e9 les agents f\u00e9d\u00e9raux, les obligeant \u00e0 tirer en \u00e9tat de l\u00e9gitime d\u00e9fense.<\/p>\n<p>\n              Gregory Bovino, commandant g\u00e9n\u00e9ral de la Border Patrol, une agence f\u00e9d\u00e9rale de l&rsquo;immigration, qui s&rsquo;est exprim\u00e9 lors de l&rsquo;\u00e9mission \u00ab\u00a0State of the Union\u00a0\u00bb sur CNN, n&rsquo;a pas pu prouver qu&rsquo;Alex Pretti tentait d&rsquo;entraver une op\u00e9ration des forces de l&rsquo;ordre, mais s&rsquo;est concentr\u00e9 sur le fait que l&rsquo;infirmier en r\u00e9animation portait une arme, pour laquelle il disposait d&rsquo;un permis.<\/p>\n<p>\n              \u00ab\u00a0Les victimes ce sont des agents de la patrouille frontali\u00e8re\u00a0\u00bb, a d\u00e9clar\u00e9 Gregory Bovino. \u00ab\u00a0Les forces de l&rsquo;ordre n&rsquo;agressent personne\u00a0\u00bb, a-t-il ajout\u00e9.<\/p>\n<p>\n              Gregory Bovino et la secr\u00e9taire \u00e0 la S\u00e9curit\u00e9 int\u00e9rieure (Homeland Security), Kristi Noem, ont accus\u00e9 Alex Pretti  d&rsquo;avoir agress\u00e9 les agents, de s&rsquo;\u00eatre livr\u00e9 \u00e0 des \u00e9meutes et d&rsquo;avoir fait obstruction \u00e0 leur travail.<\/p>\n<p>\n              \u00ab\u00a0Nous savons qu&rsquo;il est venu sur les lieux et qu&rsquo;il a entrav\u00e9 une op\u00e9ration des forces de l&rsquo;ordre, ce qui est contraire \u00e0 la loi f\u00e9d\u00e9rale\u00a0\u00bb, a d\u00e9clar\u00e9 Kristi Noem lors de l&rsquo;\u00e9mission \u00ab\u00a0Sunday Briefing\u00a0\u00bb sur Fox News. <\/p>\n<p>\n              \u00ab\u00a0C&rsquo;est un crime. Lorsqu&rsquo;il a agi de la sorte, en interagissant avec ces agents, lorsqu&rsquo;ils ont essay\u00e9 de l&rsquo;amener \u00e0 se d\u00e9sengager, il est devenu agressif et leur a r\u00e9sist\u00e9\u00a0\u00bb, a-t-elle ajout\u00e9.<\/p>\n<p>\n              Le chef de file des d\u00e9mocrates au S\u00e9nat am\u00e9ricain, Chuck Schumer, a d\u00e9clar\u00e9 que son parti voterait contre le projet de loi de financement incluant des fonds pour le d\u00e9partement de la S\u00e9curit\u00e9 int\u00e9rieure, qui supervise l&rsquo;ICE. Le Congr\u00e8s a jusqu&rsquo;au 30 janvier pour voter les fonds destin\u00e9s \u00e0 l&rsquo;administration f\u00e9d\u00e9rale, sous peine d&rsquo;un nouveau \u00ab\u00a0shutdown\u00a0\u00bb, la paralysie des services f\u00e9d\u00e9raux.<\/p>\n<p>\n              Dans un communiqu\u00e9 publi\u00e9 dimanche, Chuck Schumer affirme que les r\u00e9publicains devraient \u00ab\u00a0se joindre aux d\u00e9mocrates pour r\u00e9former en profondeur l&rsquo;ICE et le CBP afin de prot\u00e9ger le public\u00a0\u00bb, faisant r\u00e9f\u00e9rence au Service des douanes et de la protection des fronti\u00e8res des Etats-Unis.<\/p>\n<p>\n              Les d\u00e9mocrates mod\u00e9r\u00e9s, qui ont rompu avec leur parti lors du dernier shutdown et qui ont \u00e9t\u00e9 les plus prudents pour ne pas appara\u00eetre comme hostiles aux forces de l&rsquo;ordre, se sont joints \u00e0 l&rsquo;appel de Chuck Schumer.<\/p>\n<p>\n              \u00ab\u00a0Il ne s&rsquo;agit clairement pas d&rsquo;assurer la s\u00e9curit\u00e9 des Am\u00e9ricains, mais de brutaliser les citoyens am\u00e9ricains et les immigr\u00e9s respectueux des lois\u00a0\u00bb, a d\u00e9clar\u00e9 la s\u00e9natrice du Nevada, Catherine Cortez Masto, dans un communiqu\u00e9 concernant l&rsquo;op\u00e9ration de l&rsquo;ICE.<\/p>\n<p>\n              L&rsquo;ancien pr\u00e9sident d\u00e9mocrate Barack Obama et l&rsquo;ancienne Premi\u00e8re dame Michelle Obama ont publi\u00e9 un communiqu\u00e9 dans lequel ils affirment que de nombreuses valeurs fondamentales de l&rsquo;Am\u00e9rique sont menac\u00e9es. \u00ab\u00a0Il faut que cela cesse\u00a0\u00bb, ont-ils d\u00e9clar\u00e9.<\/p>\n<p>\n              La th\u00e8se officielle sur les circonstances de la mort d&rsquo;Alex Pretti, reprise par d&rsquo;autres responsables de l&rsquo;administration de Donald Trump dimanche, a suscit\u00e9 l&rsquo;indignation des forces de l&rsquo;ordre locales, de nombreux habitants de Minneapolis et des \u00e9lus d\u00e9mocrates au Capitole, les images vid\u00e9os film\u00e9es par des passants semblant montrer une version diff\u00e9rente des faits.<\/p>\n<p><b>LA VICTIME TENAIT UN T\u00c9L\u00c9PHONE ET NON UNE ARME<\/b><\/p>\n<p>\n              Des vid\u00e9os prises par des t\u00e9moins sur les lieux, v\u00e9rifi\u00e9es et examin\u00e9es par Reuters, montrent Alex Pretti tenant un t\u00e9l\u00e9phone \u00e0 la main, et non une arme, alors qu&rsquo;il tentait d&rsquo;aider d&rsquo;autres manifestants qui avaient \u00e9t\u00e9 pouss\u00e9s au sol par les agents.<\/p>\n<p>\n              Au d\u00e9but des images, on voit Alex Pretti filmer un agent f\u00e9d\u00e9ral qui repousse une femme et en jette une autre au sol. Alex Pretti s&rsquo;interpose entre l&rsquo;agent et les femmes, puis l\u00e8ve le bras gauche pour se prot\u00e9ger lorsque l&rsquo;agent l&rsquo;asperge de gaz lacrymog\u00e8ne.<\/p>\n<p>\n              Plusieurs agents saisissent alors Alex Pretti, qui se d\u00e9bat, et le forcent \u00e0 se mettre \u00e0 quatre pattes. Tandis qu&rsquo;ils le maintiennent au sol, quelqu&rsquo;un crie, semblant signaler la pr\u00e9sence d&rsquo;une arme. Les images vid\u00e9o montrent ensuite l&rsquo;un des agents prendre l&rsquo;arme d&rsquo;Alex Pretti et s&rsquo;\u00e9loigner avec du groupe.<\/p>\n<p>\n              Par la suite, un policier, arme au poing, braque Alex Pretti dans le dos et tire quatre coups de feu successivement. On entend ensuite plusieurs autres d\u00e9tonations, un autre agent semblant tirer sur Alex Pretti.<\/p>\n<p>\n              Dans un premier temps, les agents s&rsquo;\u00e9loignent tous du corps d&rsquo;Alex Pretti, gisant au sol. Certains semblent ensuite lui porter secours, tandis que d&rsquo;autres intiment aux passants de rester \u00e0 bonne distance.<\/p>\n<p>\n              Darius Reeves, ancien chef du bureau local de l&rsquo;ICE \u00e0 Baltimore, a d\u00e9clar\u00e9 \u00e0 Reuters que le manque apparent de dialogue entre les agents f\u00e9d\u00e9raux \u00e9tait troublant. \u00ab\u00a0Il est \u00e9vident pour moi que personne ne communique, d&rsquo;apr\u00e8s ce que j&rsquo;ai pu observer de la fa\u00e7on dont cette \u00e9quipe a r\u00e9agi\u00a0\u00bb, a-t-il d\u00e9clar\u00e9.<\/p>\n<p>\n              L&rsquo;un des agents semble avoir pris possession de l&rsquo;arme d&rsquo;Alex Pretti avant qu&rsquo;il ne soit tu\u00e9, a-t-il ajout\u00e9. \u00ab\u00a0La preuve, c&rsquo;est que tout le monde se disperse\u00a0\u00bb, a-t-il d\u00e9clar\u00e9. \u00ab\u00a0Ils regardent autour d&rsquo;eux, essayant de comprendre d&rsquo;o\u00f9 viennent les coups de feu.<\/p>\n<p><b>\u00ab\u00a0LES VID\u00c9OS PARLENT D&rsquo;ELLES-M\u00caMES\u00a0\u00bb<\/b><\/p>\n<p>\n              Brian O&rsquo;Hara, le chef de la police de Minneapolis, a d\u00e9clar\u00e9 lors de l&rsquo;\u00e9mission \u00ab\u00a0Face the Nation\u00a0\u00bb sur la cha\u00eene CBS que \u00ab\u00a0les vid\u00e9os parlaient d&rsquo;elles-m\u00eames\u00a0\u00bb, ajoutant que la version des \u00e9v\u00e9nements donn\u00e9e par l&rsquo;administration Trump \u00e9tait \u00ab\u00a0profond\u00e9ment troublante\u00a0\u00bb.<\/p>\n<p>\n              Il a d\u00e9clar\u00e9 qu&rsquo;il n&rsquo;avait vu aucune preuve qu&rsquo;Alex Pretti avait brandi une arme.  \u00a0<\/p>\n<p>\n              Les tensions dans la ville \u00e9taient d\u00e9j\u00e0 vives depuis qu&rsquo;un agent f\u00e9d\u00e9ral a abattu Renee Good, une autre citoyenne am\u00e9ricaine, au volant de sa voiture le 7 janvier. Les repr\u00e9sentants de l&rsquo;administration de Donald Trump affirment qu&rsquo;elle essayait de percuter l&rsquo;agent avec sa voiture, mais d&rsquo;autres observateurs soutiennent que les vid\u00e9os des passants sugg\u00e8rent qu&rsquo;elle essayait de s&rsquo;\u00e9loigner de l&rsquo;agent qui l&rsquo;a abattue.<\/p>\n<p>\n              Les autorit\u00e9s f\u00e9d\u00e9rales ont refus\u00e9 aux responsables locaux le droit de prendre part \u00e0 l&rsquo;enqu\u00eate sur ce nouvel incident.<\/p>\n<p>\n              La s\u00e9natrice d\u00e9mocrate du Minnesota Amy Klobuchar a d\u00e9clar\u00e9 lors de l&rsquo;\u00e9mission \u00ab\u00a0This Week\u00a0\u00bb sur la cha\u00eene ABC News que l&rsquo;arriv\u00e9e massive d&rsquo;agents f\u00e9d\u00e9raux \u00e0 Minneapolis \u00e9tait \u00ab\u00a0compl\u00e8tement incontr\u00f4lable et d\u00e9s\u00e9quilibr\u00e9e\u00a0\u00bb et qu&rsquo;ils devraient quitter l&rsquo;Etat. Elle a estim\u00e9 que la mort d&rsquo;Alex  Pretti \u00e9tait \u00ab\u00a0clairement horrible\u00a0\u00bb.<\/p>\n<p>\n              Les d\u00e9c\u00e8s de Renee Good et d&rsquo;Alex Pretti ont d\u00e9clench\u00e9 de grandes manifestations dans cette ville dirig\u00e9e par les d\u00e9mocrates, m\u00eame si dimanche matin, le secteur o\u00f9 l&rsquo;infirmier a \u00e9t\u00e9 abattu \u00e9tait calme.<\/p>\n<p>\n              Une femme portant une blouse d&rsquo;infirmi\u00e8re est sortie dimanche malgr\u00e9 les temp\u00e9ratures glaciales pour rendre hommage \u00e0 Alex Pretti, disant avoir travaill\u00e9 avec lui, avant de fondre en larmes, lorsqu&rsquo;on lui a demand\u00e9 ce qui l&rsquo;avait amen\u00e9e \u00e0 accomplir ce geste.<\/p>\n<p>\n              \u00ab\u00a0Il \u00e9tait attentionn\u00e9 et gentil. Tout cela n&rsquo;a aucun sens\u00a0\u00bb,  a-t-elle d\u00e9clar\u00e9, demandant \u00e0 ne pas \u00eatre identifi\u00e9e par son nom, disant craindre des repr\u00e9sailles de la part de l&rsquo;administration f\u00e9d\u00e9rale.<\/p>\n<p>\n              \u00ab\u00a0Le reste du pays doit savoir que ce qui se passe ici pourrait se produire partout\u00a0\u00bb, a d\u00e9clar\u00e9 Eric Gray, un manifestant \u00e2g\u00e9 de 50 ans, r\u00e9sidant \u00e0 Minneapolis.<\/p>\n<p>\n              \u00ab\u00a0Je pense que le Minnesota est en train de devenir le point de d\u00e9part, ou le test d\u00e9cisif\u00a0\u00bb, a-t-il ajout\u00e9.<\/p>\n<p>\n              Outre les grandes manifestations organis\u00e9es \u00e0 Minneapolis depuis la mort de Renee Good, des rassemblements ont eu lieu dans d&rsquo;autres villes sous l&rsquo;\u00e9gide de responsables politiques issus du camp d\u00e9mocrate, notamment \u00e0 Los Angeles et \u00e0 Washington D.C.<\/p>\n<p><b>ACTIONS EN JUSTICE <\/b><\/p>\n<p>\n              Donald Trump a d\u00e9fendu \u00e0 plusieurs reprises l&rsquo;envoi des agents de l&rsquo;immigration et des troupes de la Garde nationale dans ces Etats d\u00e9mocrates, affirmant que ces op\u00e9rations sont n\u00e9cessaires pour r\u00e9duire la criminalit\u00e9 et faire respecter les lois sur l&rsquo;immigration.<\/p>\n<p>\n              La mort d&rsquo;Alex Pretti a d\u00e9clench\u00e9 des actions en justice samedi soir de la part des autorit\u00e9s locales et de l&rsquo;Etat du Minnesota, ainsi que d&rsquo;autres personnes.<\/p>\n<p>\n              Un juge de district am\u00e9ricain a \u00e9mis une ordonnance restrictive temporaire interdisant aux fonctionnaires f\u00e9d\u00e9raux de d\u00e9truire ou d&rsquo;alt\u00e9rer les preuves li\u00e9es \u00e0 la fusillade, en r\u00e9ponse \u00e0 une plainte d\u00e9pos\u00e9e par le procureur g\u00e9n\u00e9ral du Minnesota, le bureau du procureur du comt\u00e9 de Hennepin et l&rsquo;agence gouvernementale Minnesota Bureau of Criminal Apprehension. Une audience est pr\u00e9vue lundi.<\/p>\n<p>\n              Les avocats repr\u00e9sentant les manifestants du Minnesota ont \u00e9galement demand\u00e9 \u00e0 une cour d&rsquo;appel de r\u00e9tablir l&rsquo;ordonnance d&rsquo;une juridiction inf\u00e9rieure qui emp\u00eachait les agents f\u00e9d\u00e9raux d&rsquo;exercer des repr\u00e9sailles violentes \u00e0 l&rsquo;encontre les manifestants, s&rsquo;appuyant notamment sur le d\u00e9c\u00e8s d&rsquo;Alex Pretti.<\/p>\n<p>\n              Les dirigeants de plusieurs grandes entreprises du Minnesota, dont Target, Cargill et Best Buy, ont publi\u00e9 une lettre appelant \u00e0 une \u00ab\u00a0d\u00e9sescalade imm\u00e9diate des tensions et \u00e0 une collaboration entre les autorit\u00e9s locales, f\u00e9d\u00e9rales et de l&rsquo;\u00c9tat pour trouver de vraies solutions.\u00a0\u00bb Ils n&rsquo;ont pas condamn\u00e9 le d\u00e9c\u00e8s d&rsquo;Alex Pretti.<\/p>\n<p>\n              Un r\u00e9cent sondage Reuters indique que les \u00e9lecteurs d\u00e9mocrates ne soutiennent pas les mesures de r\u00e9pression de l&rsquo;immigration prises par l&rsquo;administration de Donald Trump, tandis qu&rsquo;une part importante des partisans des r\u00e9publicains (39%) expriment leur doute sur l&rsquo;approche adopt\u00e9e par le pr\u00e9sident am\u00e9ricain.<\/p>\n<p>\n              Parmi les ind\u00e9pendants, 73% ont d\u00e9clar\u00e9 que les autorit\u00e9s devraient donner la priorit\u00e9 \u00e0 la r\u00e9duction des dommages collat\u00e9raux, tandis que 19% ont dit qu&rsquo;elles devraient \u00eatre pr\u00eates \u00e0 risquer des blessures graves ou la mort dans le cadre de ces arrestations.<\/p>\n<p>\n               (Reportage Brad Brooks, Tim Reid, Tom Polansek, Brad Heath et Doina Chiacu; r\u00e9dig\u00e9 par Tim Reid; version fran\u00e7aise Claude Chendjou)<\/p>\n<p>\n            par Brad Brooks et Tim Reid<\/p>\n","protected":false},"excerpt":{"rendered":"MINNEAPOLIS, 25 janvier (Reuters) &#8211; Des responsables de l&rsquo;administration de Donald Trump ont d\u00e9fendu dimanche les agents de&hellip;\n","protected":false},"author":2,"featured_media":689086,"comment_status":"","ping_status":"","sticky":false,"template":"","format":"standard","meta":{"footnotes":""},"categories":[1589],"tags":[11,340,73,1866,12,1864,1865,1863,308],"class_list":{"0":"post-689085","1":"post","2":"type-post","3":"status-publish","4":"format-standard","5":"has-post-thumbnail","7":"category-etats-unis","8":"tag-actualites","9":"tag-bourse","10":"tag-etats-unis","11":"tag-etats-unis-damerique","12":"tag-news","13":"tag-united-states","14":"tag-united-states-of-america","15":"tag-us","16":"tag-usa"},"share_on_mastodon":{"url":"https:\/\/pubeurope.com\/@fr\/115958069652685301","error":""},"_links":{"self":[{"href":"https:\/\/www.europesays.com\/fr\/wp-json\/wp\/v2\/posts\/689085","targetHints":{"allow":["GET"]}}],"collection":[{"href":"https:\/\/www.europesays.com\/fr\/wp-json\/wp\/v2\/posts"}],"about":[{"href":"https:\/\/www.europesays.com\/fr\/wp-json\/wp\/v2\/types\/post"}],"author":[{"embeddable":true,"href":"https:\/\/www.europesays.com\/fr\/wp-json\/wp\/v2\/users\/2"}],"replies":[{"embeddable":true,"href":"https:\/\/www.europesays.com\/fr\/wp-json\/wp\/v2\/comments?post=689085"}],"version-history":[{"count":0,"href":"https:\/\/www.europesays.com\/fr\/wp-json\/wp\/v2\/posts\/689085\/revisions"}],"wp:featuredmedia":[{"embeddable":true,"href":"https:\/\/www.europesays.com\/fr\/wp-json\/wp\/v2\/media\/689086"}],"wp:attachment":[{"href":"https:\/\/www.europesays.com\/fr\/wp-json\/wp\/v2\/media?parent=689085"}],"wp:term":[{"taxonomy":"category","embeddable":true,"href":"https:\/\/www.europesays.com\/fr\/wp-json\/wp\/v2\/categories?post=689085"},{"taxonomy":"post_tag","embeddable":true,"href":"https:\/\/www.europesays.com\/fr\/wp-json\/wp\/v2\/tags?post=689085"}],"curies":[{"name":"wp","href":"https:\/\/api.w.org\/{rel}","templated":true}]}}