{"id":689127,"date":"2026-01-25T22:46:10","date_gmt":"2026-01-25T22:46:10","guid":{"rendered":"https:\/\/www.europesays.com\/fr\/689127\/"},"modified":"2026-01-25T22:46:10","modified_gmt":"2026-01-25T22:46:10","slug":"le-fossile-quasi-complet-de-lancetre-du-grand-requin-blanc-decouvert-au-perou","status":"publish","type":"post","link":"https:\/\/www.europesays.com\/fr\/689127\/","title":{"rendered":"le fossile quasi complet de l&rsquo;anc\u00eatre du grand requin blanc d\u00e9couvert au P\u00e9rou"},"content":{"rendered":"<p><strong>Dans le d\u00e9sert aride du bassin de Pisco, au P\u00e9rou, une d\u00e9couverte pal\u00e9ontologique majeure vient d\u2019\u00eatre r\u00e9alis\u00e9e. En effet, des pal\u00e9ontologues ont mis au jour un fossile presque complet de Cosmopolitodus hastalis, un animal \u00e9teint \u00e9troitement apparent\u00e9 au grand requin blanc moderne. Cette d\u00e9couverte exceptionnelle apporte au passage un nouvel \u00e9clairage sur les \u00e9cosyst\u00e8mes marins pr\u00e9historiques.<\/strong><\/p>\n<p>Une d\u00e9couverte dans le bassin de Pisco<\/p>\n<p>Le bassin de Pisco, une r\u00e9gion chaude et d\u00e9sertique, est depuis longtemps pris\u00e9 pour la recherche d\u2019esp\u00e8ces marines anciennes du fait des <strong>conditions locales id\u00e9ales pour la fossilisation<\/strong>\u00a0<a href=\"https:\/\/sciencepost.fr\/megalodon-nez-des-cachalots\/\" target=\"_blank\" rel=\"noopener\">et des avanc\u00e9es scientifiques qu\u2019elle a permis de r\u00e9aliser<\/a>. En effet, cette r\u00e9gion a \u00e9t\u00e9 le th\u00e9\u00e2tre de nombreuses d\u00e9couvertes majeures, notamment <a href=\"https:\/\/sciencepost.fr\/crocodile-gavial-12-millions-annees-decouvert-perou\/\" target=\"_blank\" rel=\"noopener\">des crocodiles ancestraux<\/a> et le <a href=\"https:\/\/sciencepost.fr\/decouverte-plus-grand-dauphin-deau-douce-connu\/\" target=\"_blank\" rel=\"noopener\">plus grand cr\u00e2ne de dauphin de rivi\u00e8re jamais trouv\u00e9<\/a>, qui ont toutes contribu\u00e9 \u00e0 une meilleure compr\u00e9hension de la faune marine pr\u00e9historique riche du P\u00e9rou.<\/p>\n<p>Et il semble que ces plaines arides aient une fois de plus r\u00e9v\u00e9l\u00e9 une trouvaille remarquable. En effet, le lundi 20 janvier dernier, des scientifiques ont pr\u00e9sent\u00e9 un fossile <strong>vieux de neuf millions d\u2019ann\u00e9es<\/strong> de Cosmopolitodus hastalis, un<strong> redoutable et imposant parent du grand requin blanc actuel<\/strong>. Ce sp\u00e9cimen presque complet fournit des informations pr\u00e9cieuses sur les oc\u00e9ans pr\u00e9historiques du Pacifique Sud o\u00f9 ce g\u00e9ant pr\u00e9dateur r\u00e9gnait autrefois en ma\u00eetre.<\/p>\n<p>Le fossile, d\u00e9couvert \u00e0 environ 235 kilom\u00e8tres au sud de Lima par l\u2019Institut g\u00e9ologique, minier et m\u00e9tallurgique du P\u00e9rou (INGEMMET), repr\u00e9sente l\u2019une des d\u00e9couvertes pal\u00e9ontologiques les plus significatives de ces derni\u00e8res ann\u00e9es, notamment au regard de son \u00e9tat de conservation exceptionnel et du fait qu\u2019il est<strong> extr\u00eamement rare de trouver des sp\u00e9cimens aussi complets<\/strong>.<\/p>\n<p><img loading=\"lazy\" decoding=\"async\" class=\"size-full wp-image-303236\" src=\"https:\/\/www.europesays.com\/fr\/wp-content\/uploads\/2026\/01\/requin-Cosmopolitodus-Hastalis-mako.jpg\" alt=\"requin Cosmopolitodus Hastalis mako\" width=\"1023\" height=\"671\"  \/>Source: DRCr\u00e9dits : DD News\/X<br \/>\nUn requin g\u00e9ant du Pacifique ancien<\/p>\n<p>Souvent consid\u00e9r\u00e9 comme un anc\u00eatre du grand requin blanc moderne, C. hastalis \u00e9tait un pr\u00e9dateur dominant des eaux du Pacifique ancien. Ce redoutable chasseur <strong>mesurait pr\u00e8s de sept m\u00e8tres<\/strong>, soit la taille d\u2019un petit bateau, et poss\u00e9dait des dents qui pouvaient atteindre <strong>8,9 centim\u00e8tres de long<\/strong>. La m\u00e2choire fossilis\u00e9e massive du sp\u00e9cimen met d\u2019ailleurs en \u00e9vidence ses rang\u00e9es de dents tranchantes et dentel\u00e9es parfaitement adapt\u00e9es pour d\u00e9couper la chair de ses proies.<\/p>\n<p>Le pal\u00e9ontologue Mario Urbina insiste sur l\u2019importance de cette d\u00e9couverte : \u00ab Il n\u2019existe pas beaucoup de fossiles de requins complets dans le monde. Cette d\u00e9couverte offre <strong>un aper\u00e7u rare de l\u2019anatomie et des habitudes alimentaires<\/strong> de l\u2019un des plus grands pr\u00e9dateurs oc\u00e9aniques d\u2019il y a des millions d\u2019ann\u00e9es. \u00bb La pr\u00e9sence de nombreux restes de sardines dans l\u2019estomac du requin confirme en effet son r\u00f4le de pr\u00e9dateur.<\/p>\n<p>Cette d\u00e9couverte relat\u00e9e par <a href=\"https:\/\/www.reuters.com\/science\/great-white-sharks-9-million-year-old-ancestor-found-peru-2025-01-20\/\" target=\"_blank\" rel=\"noopener\">Reuters<\/a> apporte plus globalement de nouvelles perspectives sur le fonctionnement des environnements marins pr\u00e9historiques au cours des \u00e9poques du Mioc\u00e8ne et du Plioc\u00e8ne, soit environ 23 \u00e0 2,6 millions d\u2019ann\u00e9es en arri\u00e8re. L\u2019\u00e9poque du Mioc\u00e8ne a notamment vu une explosion de la vie marine dans l\u2019oc\u00e9an Pacifique Sud avec d\u2019importants bancs de sardines qui nourrissaient les pr\u00e9dateurs marins comme Cosmopolitodus hastalis. Or, les preuves fossiles sugg\u00e8rent que ces requins anciens jouaient <strong>un r\u00f4le crucial dans le maintien de l\u2019\u00e9quilibre de la vie marine, \u00e0 l\u2019instar de leurs homologues modernes<\/strong>.<\/p>\n<p>\u00ab Ce requin \u00e9tait un pr\u00e9dateur de sommet qui \u00e9tait essentiel pour r\u00e9guler les populations de petits poissons comme les sardines \u00bb, ajoute Urbina. La pr\u00e9sence de C. hastalis indique <strong>un \u00e9cosyst\u00e8me marin \u00e9quilibr\u00e9 qui soutenait \u00e0 la fois de grands pr\u00e9dateurs et une abondance de proies<\/strong>. La cha\u00eene alimentaire complexe qui relie ce requin \u00e0 ses choix de proies met en lumi\u00e8re les dynamiques \u00e0 l\u2019\u0153uvre dans le monde marin d\u2019il y a des millions d\u2019ann\u00e9es et d\u00e9montre \u00e0 quel point ces habitats pr\u00e9historiques \u00e9taient r\u00e9silients et multifacettes.<\/p>\n","protected":false},"excerpt":{"rendered":"Dans le d\u00e9sert aride du bassin de Pisco, au P\u00e9rou, une d\u00e9couverte pal\u00e9ontologique majeure vient d\u2019\u00eatre r\u00e9alis\u00e9e. En&hellip;\n","protected":false},"author":2,"featured_media":689128,"comment_status":"","ping_status":"","sticky":false,"template":"","format":"standard","meta":{"footnotes":""},"categories":[7],"tags":[1011,27,56,43,40,41,39,1650,42,44],"class_list":{"0":"post-689127","1":"post","2":"type-post","3":"status-publish","4":"format-standard","5":"has-post-thumbnail","7":"category-sciences-et-technologies","8":"tag-fr","9":"tag-france","10":"tag-push","11":"tag-science","12":"tag-science-and-technology","13":"tag-sciences","14":"tag-sciences-et-technologies","15":"tag-selection","16":"tag-technologies","17":"tag-technology"},"share_on_mastodon":{"url":"https:\/\/pubeurope.com\/@fr\/115958171891453294","error":""},"_links":{"self":[{"href":"https:\/\/www.europesays.com\/fr\/wp-json\/wp\/v2\/posts\/689127","targetHints":{"allow":["GET"]}}],"collection":[{"href":"https:\/\/www.europesays.com\/fr\/wp-json\/wp\/v2\/posts"}],"about":[{"href":"https:\/\/www.europesays.com\/fr\/wp-json\/wp\/v2\/types\/post"}],"author":[{"embeddable":true,"href":"https:\/\/www.europesays.com\/fr\/wp-json\/wp\/v2\/users\/2"}],"replies":[{"embeddable":true,"href":"https:\/\/www.europesays.com\/fr\/wp-json\/wp\/v2\/comments?post=689127"}],"version-history":[{"count":0,"href":"https:\/\/www.europesays.com\/fr\/wp-json\/wp\/v2\/posts\/689127\/revisions"}],"wp:featuredmedia":[{"embeddable":true,"href":"https:\/\/www.europesays.com\/fr\/wp-json\/wp\/v2\/media\/689128"}],"wp:attachment":[{"href":"https:\/\/www.europesays.com\/fr\/wp-json\/wp\/v2\/media?parent=689127"}],"wp:term":[{"taxonomy":"category","embeddable":true,"href":"https:\/\/www.europesays.com\/fr\/wp-json\/wp\/v2\/categories?post=689127"},{"taxonomy":"post_tag","embeddable":true,"href":"https:\/\/www.europesays.com\/fr\/wp-json\/wp\/v2\/tags?post=689127"}],"curies":[{"name":"wp","href":"https:\/\/api.w.org\/{rel}","templated":true}]}}