{"id":689131,"date":"2026-01-25T22:48:14","date_gmt":"2026-01-25T22:48:14","guid":{"rendered":"https:\/\/www.europesays.com\/fr\/689131\/"},"modified":"2026-01-25T22:48:14","modified_gmt":"2026-01-25T22:48:14","slug":"lepineux-transfert-des-prisonniers-djihadistes-de-syrie","status":"publish","type":"post","link":"https:\/\/www.europesays.com\/fr\/689131\/","title":{"rendered":"L\u2019\u00e9pineux transfert des prisonniers djihadistes de Syrie"},"content":{"rendered":"<p>\n    <strong>D\u00c9CRYPTAGE &#8211;<\/strong> Les \u00c9tats-Unis les \u00e9vacuent \u00e0 la h\u00e2te vers l\u2019Irak. La France refuse de rapatrier les siens, pr\u00e9f\u00e9rant financer leur d\u00e9tention.<\/p>\n<p class=\"fig-paragraph\">Inquiet que le pouvoir syrien, issu de la matrice djihadiste, ne puisse contr\u00f4ler les prisonniers djihadistes qu\u2019il a r\u00e9cup\u00e9r\u00e9s au terme de son\u00a0<a href=\"http:\/\/www.lefigaro.fr\/international\/syrie-comment-ahmed-al-charaa-a-defait-les-kurdes-grace-au-lachage-americain-20260120\" data-fig-type=\"Article\" data-gtm-custom-categorie=\"navigation\" data-gtm-custom-action=\"crossclick\" data-gtm-custom-label=\"Contextuel\" data-gtm-event=\"customEventSPE\" data-fig-domain=\"LEFIGARO\" target=\"_blank\" rel=\"noopener\">offensive victorieuse la semaine derni\u00e8re contre les\u00a0Kurdes,<\/a>\u00a0Washington s\u2019est lanc\u00e9 dans une vaste op\u00e9ration de transfert de 7\u00a0000\u00a0islamistes radicaux vers l\u2019Irak voisin.<\/p>\n<p class=\"fig-paragraph\">Les 150 premiers ont \u00e9t\u00e9 transf\u00e9r\u00e9s mercredi, puis plac\u00e9s dans une prison de Bagdad, avant un deuxi\u00e8me groupe de 1\u00a0000, au cours du week-end. Parmi le premier lot, on compte 65\u00a0Irakiens, 19\u00a0Belges, dont 9\u00a0hommes, des Autrichiens, des Su\u00e9dois, des Marocains, des Alg\u00e9riens et d\u2019autres ressortissants de pays arabes et musulmans d\u2019Asie centrale et du Sud-Est asiatique. Ce sont \u00ab\u00a0des dirigeants de l\u2019organisation \u00c9tat islamique et certains sont des criminels parmi les plus notoires, ayant particip\u00e9 aux op\u00e9rations de Daech en Irak\u00a0\u00bb, a indiqu\u00e9 une source s\u00e9curitaire irakienne \u00e0 l\u2019AFP.<\/p>\n<p class=\"fig-paragraph\">Au terme de cet accord bilat\u00e9ral entre Washington et Bagdad, les \u00c9tats-Unis cherchent \u00e0 \u00ab\u00a0garantir\u2026<\/p>\n<p class=\"fig-premium-paywall__infos\">\n        Cet article est r\u00e9serv\u00e9 aux abonn\u00e9s.        Il vous reste 85% \u00e0 d\u00e9couvrir.\n    <\/p>\n<p>                <img  data- alt=\"Le Figaro\" class=\"fig-img--complete fig-img\"\/><\/p>\n<p class=\"fig-premium-paywall__title\">Vente Flash<\/p>\n<p class=\"fig-premium-paywall__subtitle\">6,49\u20ac par mois pendant 12 mois<\/p>\n<p class=\"fig-premium-paywall__connect\">\n                D\u00e9j\u00e0 abonn\u00e9\u00a0?                <a class=\"fig-premium-paywall__connect-link\" href=\"https:\/\/connect.lefigaro.fr\/login?client=horizon_web&amp;type=main&amp;redirect_uri=https%3A%2F%2Fwww.lefigaro.fr%2Finternational%2Fl-epineux-transfert-des-djihadistes-de-syrie-20260125\" data-js-gtm=\"{&quot;customCategorie&quot;: &quot;conversion&quot;, &quot;customAction&quot;: &quot;before_Landing_Connexion_paywall_auto&quot;, &quot;customLabel&quot;: &quot;bGVmaWdhcm8uZnJfXzFmMGY5ZTg3LWQ0NGEtNjBiNC1iNmQ3LTgzYWVlNDQ0NDE0ZV9fQXJ0aWNsZQ==_L\u2019\u00e9pineux transfert des prisonniers djihadistes de Syrie_97&quot;, &quot;customIDSPE&quot;: &quot;bGVmaWdhcm8uZnJfXzFmMGY5ZTg3LWQ0NGEtNjBiNC1iNmQ3LTgzYWVlNDQ0NDE0ZV9fQXJ0aWNsZQ==&quot;, &quot;event&quot;: &quot;customEventSPE&quot;}\" target=\"_blank\" rel=\"noopener\"><br \/>\n                    Connectez-vous<br \/>\n                <\/a>\n            <\/p>\n","protected":false},"excerpt":{"rendered":"D\u00c9CRYPTAGE &#8211; Les \u00c9tats-Unis les \u00e9vacuent \u00e0 la h\u00e2te vers l\u2019Irak. La France refuse de rapatrier les siens,&hellip;\n","protected":false},"author":2,"featured_media":689132,"comment_status":"","ping_status":"","sticky":false,"template":"","format":"standard","meta":{"footnotes":""},"categories":[5],"tags":[11,1011,27,14,12,32,28],"class_list":{"0":"post-689131","1":"post","2":"type-post","3":"status-publish","4":"format-standard","5":"has-post-thumbnail","7":"category-international","8":"tag-actualites","9":"tag-fr","10":"tag-france","11":"tag-international","12":"tag-news","13":"tag-syrie","14":"tag-world"},"share_on_mastodon":{"url":"https:\/\/pubeurope.com\/@fr\/115958180075367395","error":""},"_links":{"self":[{"href":"https:\/\/www.europesays.com\/fr\/wp-json\/wp\/v2\/posts\/689131","targetHints":{"allow":["GET"]}}],"collection":[{"href":"https:\/\/www.europesays.com\/fr\/wp-json\/wp\/v2\/posts"}],"about":[{"href":"https:\/\/www.europesays.com\/fr\/wp-json\/wp\/v2\/types\/post"}],"author":[{"embeddable":true,"href":"https:\/\/www.europesays.com\/fr\/wp-json\/wp\/v2\/users\/2"}],"replies":[{"embeddable":true,"href":"https:\/\/www.europesays.com\/fr\/wp-json\/wp\/v2\/comments?post=689131"}],"version-history":[{"count":0,"href":"https:\/\/www.europesays.com\/fr\/wp-json\/wp\/v2\/posts\/689131\/revisions"}],"wp:featuredmedia":[{"embeddable":true,"href":"https:\/\/www.europesays.com\/fr\/wp-json\/wp\/v2\/media\/689132"}],"wp:attachment":[{"href":"https:\/\/www.europesays.com\/fr\/wp-json\/wp\/v2\/media?parent=689131"}],"wp:term":[{"taxonomy":"category","embeddable":true,"href":"https:\/\/www.europesays.com\/fr\/wp-json\/wp\/v2\/categories?post=689131"},{"taxonomy":"post_tag","embeddable":true,"href":"https:\/\/www.europesays.com\/fr\/wp-json\/wp\/v2\/tags?post=689131"}],"curies":[{"name":"wp","href":"https:\/\/api.w.org\/{rel}","templated":true}]}}