{"id":68914,"date":"2025-05-02T08:41:20","date_gmt":"2025-05-02T08:41:20","guid":{"rendered":"https:\/\/www.europesays.com\/fr\/68914\/"},"modified":"2025-05-02T08:41:20","modified_gmt":"2025-05-02T08:41:20","slug":"palmares-des-villes-rouen-la-remontada","status":"publish","type":"post","link":"https:\/\/www.europesays.com\/fr\/68914\/","title":{"rendered":"Palmar\u00e8s des villes : Rouen, la remontada"},"content":{"rendered":"<p>La Ville s\u2019est ainsi engag\u00e9e \u00e0 mettre en place diff\u00e9rentes mesures afin de faire \u00e9voluer ses politiques publiques pour favoriser une cohabitation \u00e9quilibr\u00e9e entre humains et animaux. Ce plan s\u2019articule autour de quatre axes : soutenir le d\u00e9veloppement d\u2019une alimentation durable et \u00e9thique, int\u00e9grer et prot\u00e9ger les animaux domestiques, sauvages et liminaires en ville, prendre en compte les animaux de la rue et favoriser le lien social et informer et sensibiliser \u00e0 l\u2019\u00e9thique animale. Jean-Michel B\u00e9r\u00e9govoy, deuxi\u00e8me adjoint au maire de Rouen, d\u00e9l\u00e9gu\u00e9 \u00e0 la transition \u00e9nerg\u00e9tique, transition climatique, adaptation, biodiversit\u00e9, nous en dit plus sur ce plan.<\/p>\n<p> <img decoding=\"async\" src=\"https:\/\/www.europesays.com\/fr\/wp-content\/uploads\/2025\/05\/TMAM0438_001_CY498770.pdf1_-808x822.jpg\" title=\"Lucas Lorentz\" alt=\"Jean-Michel B\u00e9r\u00e9govoy, deuxi\u00e8me adjoint au maire de Rouen, a su convaincre une \u00e9quipe municipale a priori peu motiv\u00e9e.\" style=\"width: 600px\"\/>\u00a9 Lucas Lorentz \u2013 Jean-Michel B\u00e9r\u00e9govoy, deuxi\u00e8me adjoint au maire de Rouen, a su convaincre une \u00e9quipe municipale a priori peu motiv\u00e9e.<\/p>\n<p>                                            30MA\u00a0: quelles actions ont \u00e9t\u00e9 mises en place pour am\u00e9liorer la cohabitation entre les hommes et les animaux dans votre ville\u00a0?<\/p>\n<p>Jean-Michel B\u00e9r\u00e9govoy : Notre plan comprend quatre axes essentiels : Mettre en application les engagements sign\u00e9s avec les associations, pas seulement signer pour r\u00e9cup\u00e9rer des voix. Avoir un regard sur l\u2019ensemble du vivant pour bien vivre ensemble et prosp\u00e9rer ensemble ou en tout cas \u00ab\u00a0se mettre en r\u00e9silience ensemble\u00a0\u00bb au profit de l\u2019ensemble du vivant. Renaturer la ville pour cr\u00e9er des \u00eelots de fra\u00eecheur, pour que les animaux puissent s\u2019y r\u00e9implanter dans de bonnes conditions, pour r\u00e9cup\u00e9rer les eaux pluviales et cr\u00e9er les conditions pour maintenir l\u2019ensemble du vivant. Cr\u00e9er un \u00e9quilibre entre la faune sauvage et celle qui ne l\u2019est plus (chiens, chats, NAC) dans l\u2019espace public partag\u00e9. Le r\u00e9sultat\u00a0de toutes ces actions est que la faune sauvage est plus pr\u00e9sente aujourd\u2019hui dans nos villes qu\u2019elle ne l\u2019a jamais \u00e9t\u00e9.<\/p>\n<blockquote class=\"wp-block-quote is-layout-flow wp-block-quote-is-layout-flow\">\n<p>La faune sauvage est plus pr\u00e9sente aujourd\u2019hui qu\u2019elle ne l\u2019a jamais \u00e9t\u00e9.<\/p>\n<\/blockquote>\n<p>Quand nous avons annonc\u00e9 notre plan, aucun \u00e9lu ne semblait int\u00e9ress\u00e9. J\u2019ai \u00e9t\u00e9 tr\u00e8s surpris d\u2019avoir autant d\u2019efforts \u00e0 faire pour convaincre sur un sujet qui me paraissait tellement essentiel. En m\u00eame temps, les d\u00e9fenseurs des animaux pensaient que le projet n\u2019aboutirait pas et nous ont aussi mis des b\u00e2tons dans les roues.<\/p>\n<p>Par exemple, l\u2019association Cheval en Seine avait mis en place, en 2019, un projet d\u2019\u00e9quibus (v\u00e9hicule hippomobile qui devait transporter une vingtaine d\u2019\u00e9coliers jusqu\u2019\u00e0 l\u2019\u00e9cole Anatole France chaque matin). Nous lui avions propos\u00e9 l\u2019est de la ville, qui est l\u2019endroit le moins pollu\u00e9, le plus bois\u00e9, et o\u00f9 il y a le moins de circulation automobile pour pr\u00e9server le bien-\u00eatre des chevaux. Mais des militants antisp\u00e9cistes ont lanc\u00e9 une p\u00e9tition qui a recueilli 35 000 signatures. Elle pr\u00e9sentait l\u2019image d\u2019un cheval mort pr\u00e8s d\u2019une cal\u00e8che aux \u00c9tats-Unis. Le but du projet \u00e9tait pourtant de proposer un mod\u00e8le de transport alternatif pour r\u00e9duire la pollution. La ville avait de plus donn\u00e9 aux chevaux de l\u2019\u00e9quibus (qui sont des chevaux de trait de race normande, faits pour tracter) un immense terrain o\u00f9 ils vivaient en totale libert\u00e9, et avait permis \u00e0 l\u2019association d\u2019acheter une cal\u00e8che avec assistance \u00e9lectrique (qui aide les chevaux \u00e0 tracter sur les terrains difficiles), gr\u00e2ce \u00e0 une subvention de 22 900 euros. Le budget avait \u00e9t\u00e9 vot\u00e9 en d\u00e9cembre 2019 pour une mise en place pr\u00e9vue \u00e0 la rentr\u00e9e 2020, mais il n\u2019a finalement jamais vu le jour malgr\u00e9 notre soutien et celui des habitants. \u00c0 l\u2019\u00e9poque, Jean-Michel B\u00e9r\u00e9govoy avait confi\u00e9 sa d\u00e9convenue \u00e0 Paris-Normandie\u00a0: \u00ab\u00a0Tout a \u00e9t\u00e9 pens\u00e9 en fonction du bien-\u00eatre animal\u00a0: la l\u00e9g\u00e8ret\u00e9 de l\u2019attelage, son assistance \u00e9lectrique, le quartier o\u00f9 il y a peu de circulation et des p\u00e2turages. Va-t-on, au motif que ces animaux servent un homme, interdire les chiens guides d\u2019aveugle ou d\u2019avalanche\u00a0? \u00bb<\/p>\n<p>Honorine Sanchez est arriv\u00e9e \u00e0 ce moment-l\u00e0 dans le service bien-\u00eatre animal de la mairie. Elle a fait un travail incroyable et nous avons r\u00e9ussi ensemble \u00e0 entra\u00eener ce projet de plan bien-\u00eatre animal que nous avons pr\u00e9sent\u00e9 au maire et \u00e0 l\u2019\u00e9quipe municipale, mis au d\u00e9bat et fait voter. Il y aura un deuxi\u00e8me projet par la suite, on est loin d\u2019avoir fait le tour de la question, mais voil\u00e0 la gen\u00e8se du plan.<\/p>\n<p>                                            Rouen a \u00e9t\u00e9 la premi\u00e8re ville de France \u00e0 installer un lapiparc. Comment est n\u00e9e l\u2019id\u00e9e\u00a0?<\/p>\n<p>J.-M. B. : Le lapiparc est n\u00e9 d\u2019un appel \u00e0 projet citoyen qui a \u00e9t\u00e9 valid\u00e9 par la votation citoyenne. L\u2019id\u00e9e\u00a0\u00e9tait de cr\u00e9er un parc o\u00f9 les lapins et cochons d\u2019Inde qui vivent en appartement puissent se balader en libert\u00e9.<\/p>\n<p>On a trouv\u00e9 un parc qu\u2019on avait compl\u00e8tement r\u00e9nov\u00e9 \u00e0 Saint-Sever, et le lieu a satisfait la porteuse de projet. Il a \u00e9t\u00e9 tr\u00e8s fr\u00e9quent\u00e9 au d\u00e9but, aujourd\u2019hui un peu moins\u2026<\/p>\n<p> <img decoding=\"async\" src=\"https:\/\/www.europesays.com\/fr\/wp-content\/uploads\/2025\/05\/ROUEN8-808x1211.jpg\" title=\"Lucas Lorentz\" alt=\"A Rouen, 31 parcs et jardins sont accessibles aux chiens en laisse.\" style=\"width: 800px\"\/>\u00a9 Lucas Lorentz \u2013 A Rouen, 31 parcs et jardins sont accessibles aux chiens en laisse.<\/p>\n<p>                                            Quel \u00e9tait le but de l\u2019\u00e9v\u00e9nement organis\u00e9 le 2 octobre 2024, dans le cadre de la Journ\u00e9e mondiale des animaux\u00a0?<\/p>\n<p>J.-M. B. : La ville participe au d\u00e9fi Veganuary pour promouvoir une alimentation diff\u00e9rente, qui comprend moins de prot\u00e9ines animales. Le projet bien-\u00eatre animal pr\u00e9voit de renforcer les repas vegans dans les cantines scolaires. Lors de la Semaine du d\u00e9veloppement durable, on met aussi le bien-\u00eatre animal en avant. En somme, on profite de tous les \u00e9v\u00e9nements pour rappeler l\u2019importance de cet enjeu, et plus g\u00e9n\u00e9ralement celui du d\u00e9r\u00e8glement climatique, car m\u00eame si le grand public a pris conscience de la situation, je pense que \u00e7a reste fragile.<\/p>\n<p>                                            Quels sont les \u00e9quipements propos\u00e9s aux propri\u00e9taires de chiens rouennais\u00a0?<\/p>\n<p>J.-M. B. : Nous aurons 4 caniparcs \u00e9quip\u00e9s de parcours d\u2019agility, de sacs \u00e0 d\u00e9jections, de poubelles et de bancs \u00e0 la fin de notre mandat (en mars 2026 \u2013 sur les 5 pr\u00e9vus), alors qu\u2019il n\u2019y en avait aucun au d\u00e9but. 31 parcs et jardins sont accessibles aux chiens en laisse. Par ailleurs, l\u2019une de nos priorit\u00e9s est de faire remettre des poubelles dans toute la ville. En effet, le maire les a fait retirer parce qu\u2019il pense que moins il y a de poubelles, moins il y a de d\u00e9chets. Du coup, les sacs \u00e0 d\u00e9jections sont diss\u00e9min\u00e9s un peu partout. Dans les parcs et caniparcs que nous avons fait construire, les distributeurs de sacs \u00e0 d\u00e9jections et les poubelles ont \u00e9t\u00e9 install\u00e9s ensemble, mais dans la ville en g\u00e9n\u00e9ral, elles manquent.\u00a0<\/p>\n<p> <img decoding=\"async\" src=\"https:\/\/www.europesays.com\/fr\/wp-content\/uploads\/2025\/05\/ROUEN17-808x1131.jpg\" title=\"Lucas Lorentz\" alt=\"D'ici \u00e0 2026, quatre caniparcs seront \u00e9quip\u00e9s de parcours d'agility, de sac \u00e0 d\u00e9jections, de poubelles et de bancs.\" style=\"width: 800px\"\/>\u00a9 Lucas Lorentz \u2013 D&rsquo;ici \u00e0 2026, quatre caniparcs seront \u00e9quip\u00e9s de parcours d&rsquo;agility, de sac \u00e0 d\u00e9jections, de poubelles et de bancs.<\/p>\n<p>                                            Les transports en commun ne sont pas autoris\u00e9s aux chiens. Pourquoi\u00a0?<\/p>\n<p>J.-M. B. : On doit rencontrer le vice-pr\u00e9sident aux transports pour discuter du sujet.\u00a0Idem pour les animaux sur le lieu de travail\u00a0: la direction g\u00e9n\u00e9rale des Services a refus\u00e9 la demande des salari\u00e9s (une trentaine sur les 500 personnes qui travaillent \u00e0 la mairie), mais nous allons en reparler avec le maire parce que les arguments avanc\u00e9s (la peur des chiens, les puces\u2026) ne me semblent pas convaincants. Si tous les salari\u00e9s sont d\u2019accord et que nous mettons en place une charte de bonnes pratiques, je ne vois pas o\u00f9 est le probl\u00e8me.<\/p>\n<p> <img decoding=\"async\" src=\"https:\/\/www.europesays.com\/fr\/wp-content\/uploads\/2025\/05\/ROUEN12-1-808x1131.jpg\" title=\"Lucas Lorentz\" style=\"width: 800px\"\/>\u00a9 Lucas Lorentz<\/p>\n<p>                                            Vous avez mis en ligne sur le site de la ville une brochure intitul\u00e9e \u00ab\u00a0Les animaux de notre ville\u00a0\u00bb. Qui en est l\u2019auteur\u00a0?<\/p>\n<p>J.-M. B. : C\u2019est le service d\u2019Honorine Sanchez, et j\u2019ai \u00e9crit l\u2019\u00e9dito. Mais la couverture a fait l\u2019objet d\u2019un d\u00e9bat. Nous avions choisi d\u2019y faire figurer un sanglier, mais l\u2019animal ne fait pas l\u2019unanimit\u00e9 chez les habitants de Rouen, loin de l\u00e0. J\u2019ai persist\u00e9, parce que ces animaux font partie de la faune locale. Par ailleurs, je pense que quand on veut durer en tant qu\u2019\u00e9lu, il faut accepter d\u2019\u00e9viter l\u2019\u00e9lectoralisme, parce que \u00e7a marche une fois, mais pas deux, et qu\u2019il vaut mieux dire les choses telles qu\u2019elles sont.<\/p>\n<p>                                            Votre ville financera-t-elle \u00e0 l\u2019avenir des cours d\u2019\u00e9ducation canine\u00a0?<\/p>\n<p> <img decoding=\"async\" src=\"https:\/\/www.europesays.com\/fr\/wp-content\/uploads\/2025\/05\/ROUEN20-808x1131.jpg\" title=\"Lucas Lorentz\" style=\"width: 400px\"\/>\u00a9 Lucas Lorentz<br \/>\nJ.-M. B. : Nous avons pris contact avec des associations de chiens dans la ville. Il est possible que l\u2019on propose une prestation avec une association parce que la ville ne cr\u00e9era pas de poste d\u00e9di\u00e9. Nous avons organis\u00e9 beaucoup de r\u00e9unions avec des propri\u00e9taires qui ont r\u00e9uni chaque fois une soixantaine de personnes, donc il y a une vraie demande. C\u2019est pourquoi la piste n\u2019est pas \u00e9cart\u00e9e.<\/p>\n<p>                                            Et pour les animaux de la rue, que propose\u00a0la ville ?<\/p>\n<blockquote class=\"wp-block-quote is-layout-flow wp-block-quote-is-layout-flow\">\n<p>Dans la rue, le chien est v\u00e9ritablement indispensable pour survivre.<\/p>\n<\/blockquote>\n<p>J.-M. B. : C\u2019est une cause qui nous tient \u00e0 c\u0153ur, car pour les personnes qui vivent dans la rue, en particulier les femmes, le chien est v\u00e9ritablement indispensable pour survivre. Or ils sont souvent interdits dans les lieux d\u2019h\u00e9bergement. Donc les sans-abri pr\u00e9f\u00e8rent rester dehors pour pr\u00e9server le lien avec leur animal. Nous avons donc rencontr\u00e9 des associations dans le but d\u2019aider ces personnes \u00e0 nourrir leurs animaux (subvention \u00e0 Solidarit\u00e9 coup de patte), de cr\u00e9er les conditions d\u2019un accueil mixte et de trouver une solution de garde quand la personne est hospitalis\u00e9e. Aujourd\u2019hui, on n\u2019a pas de solution pour le troisi\u00e8me probl\u00e8me, mais nous y r\u00e9fl\u00e9chissons, et pour les deux autres, nous avan\u00e7ons. Nous voulions qu\u2019il y ait aussi un projet social autour du bien-\u00eatre animal, car l\u2019animal est un membre \u00e0 part enti\u00e8re du contrat social.<\/p>\n<p>                <a href=\"https:\/\/www.peuple-animal.com\/5-races-de-chiens-idales-pour-la-ville\/\" target=\"_blank\" class=\"gt_sujet\" rel=\"noopener\">&#13;<\/p>\n<p>                &#13;<br \/>\n                    &#13;<br \/>\n                    &#13;<br \/>\n                    &#13;<\/p>\n<p>                &#13;<br \/>\n                    <strong>\u00c0 lire aussi : <\/strong>5 races de chiens id\u00e9ales pour la ville<br \/>\n            &#13;<br \/>\n        <\/a><\/p>\n","protected":false},"excerpt":{"rendered":"La Ville s\u2019est ainsi engag\u00e9e \u00e0 mettre en place diff\u00e9rentes mesures afin de faire \u00e9voluer ses politiques publiques&hellip;\n","protected":false},"author":2,"featured_media":68915,"comment_status":"","ping_status":"","sticky":false,"template":"","format":"standard","meta":{"footnotes":""},"categories":[9587],"tags":[1111,11,4850,1777,674,1011,27,12,5161,5077,25,9590,4824],"class_list":{"0":"post-68914","1":"post","2":"type-post","3":"status-publish","4":"format-standard","5":"has-post-thumbnail","7":"category-rouen","8":"tag-actu","9":"tag-actualites","10":"tag-chien","11":"tag-eu","12":"tag-europe","13":"tag-fr","14":"tag-france","15":"tag-news","16":"tag-normandie","17":"tag-palmares","18":"tag-republique-francaise","19":"tag-rouen","20":"tag-ville"},"share_on_mastodon":{"url":"https:\/\/pubeurope.com\/@fr\/114437349989506583","error":""},"_links":{"self":[{"href":"https:\/\/www.europesays.com\/fr\/wp-json\/wp\/v2\/posts\/68914","targetHints":{"allow":["GET"]}}],"collection":[{"href":"https:\/\/www.europesays.com\/fr\/wp-json\/wp\/v2\/posts"}],"about":[{"href":"https:\/\/www.europesays.com\/fr\/wp-json\/wp\/v2\/types\/post"}],"author":[{"embeddable":true,"href":"https:\/\/www.europesays.com\/fr\/wp-json\/wp\/v2\/users\/2"}],"replies":[{"embeddable":true,"href":"https:\/\/www.europesays.com\/fr\/wp-json\/wp\/v2\/comments?post=68914"}],"version-history":[{"count":0,"href":"https:\/\/www.europesays.com\/fr\/wp-json\/wp\/v2\/posts\/68914\/revisions"}],"wp:featuredmedia":[{"embeddable":true,"href":"https:\/\/www.europesays.com\/fr\/wp-json\/wp\/v2\/media\/68915"}],"wp:attachment":[{"href":"https:\/\/www.europesays.com\/fr\/wp-json\/wp\/v2\/media?parent=68914"}],"wp:term":[{"taxonomy":"category","embeddable":true,"href":"https:\/\/www.europesays.com\/fr\/wp-json\/wp\/v2\/categories?post=68914"},{"taxonomy":"post_tag","embeddable":true,"href":"https:\/\/www.europesays.com\/fr\/wp-json\/wp\/v2\/tags?post=68914"}],"curies":[{"name":"wp","href":"https:\/\/api.w.org\/{rel}","templated":true}]}}