{"id":689169,"date":"2026-01-25T23:25:11","date_gmt":"2026-01-25T23:25:11","guid":{"rendered":"https:\/\/www.europesays.com\/fr\/689169\/"},"modified":"2026-01-25T23:25:11","modified_gmt":"2026-01-25T23:25:11","slug":"a-marseille-orange-demenage-un-site-en-raison-du-narcotrafic-reportage-france","status":"publish","type":"post","link":"https:\/\/www.europesays.com\/fr\/689169\/","title":{"rendered":"\u00c0 Marseille, Orange d\u00e9m\u00e9nage un site en raison du narcotrafic &#8211; Reportage France"},"content":{"rendered":"<p>\n                                                En France, l&rsquo;ins\u00e9curit\u00e9 qui touche certains quartiers conduit de grandes entreprises \u00e0 reconsid\u00e9rer leur implantation locale\u00a0; c&rsquo;est le cas d&rsquo;Orange, \u00e0 Marseille. Situ\u00e9e dans le quartier de Saint-Mauront, dans le centre de Marseille, l\u2019entreprise a ferm\u00e9 en d\u00e9cembre suite \u00e0 des rixes \u00e0 la sortie du m\u00e9tro puis a de nouveau ferm\u00e9 temporairement en janvier apr\u00e8s des impacts de balles retrouv\u00e9s sur la fa\u00e7ade du b\u00e2timent.                    <\/p>\n<p>De notre correspondante \u00e0 Marseille,<\/p>\n<p>\u00c0 la sortie du m\u00e9tro National s\u2019\u00e9rige un complexe de grands b\u00e2timents s\u00e9curis\u00e9s par des grilles et des agents de s\u00e9curit\u00e9, il s\u2019agit de l\u2019unique site de l&rsquo;entreprise Orange \u00e0 Marseille. Il abrite pr\u00e8s de 1\u00a0200 salari\u00e9s.\u00a0Depuis d\u00e9cembre, ces derniers vivent une situation exceptionnelle : \u00e0 la suite de\u00a0bagarres \u00e0 la sortie du m\u00e9tro, le site a \u00e9t\u00e9 temporairement ferm\u00e9 pendant deux semaines, puis, lorsqu\u2019il rouvre en janvier, les employ\u00e9s d\u00e9couvrent avec surprise quatre impacts de balles de kalachnikov sur la fa\u00e7ade.\u00a0<\/p>\n<p>\u00ab C&rsquo;est extr\u00eamement impressionnant\u00a0! Quand on voit \u00e7a, on se dit\u00a0: heureusement que le coll\u00e8gue n&rsquo;\u00e9tait pas \u00e0 son bureau et qu&rsquo;\u00e0 ce moment-l\u00e0, il n&rsquo;a pas eu besoin d&rsquo;aller chercher une photocopie,\u00a0t\u00e9moigne Nad\u00e8ge Po\u00ebt, repr\u00e9sentante du syndicat CFE-CGC. Je pense que c&rsquo;est plus pour nous effrayer, pour nous demander d&rsquo;arr\u00eater de porter l&rsquo;alerte et pour nous faire partir.\u00a0\u00bb<\/p>\n<p> Une d\u00e9gradation des relations avec le quartier <\/p>\n<p>L\u2019entreprise est \u00e0 la recherche d\u2019un nouveau site pour d\u00e9localiser une partie des salari\u00e9s. Mais une chose est s\u00fbre, Orange ne quittera pas Saint-Mauront, il s\u2019agit d\u2019un site trop strat\u00e9gique pour la compagnie de t\u00e9l\u00e9coms.\u00a0<\/p>\n<p>Orange est implant\u00e9 depuis 1974 dans ce quartier populaire de Marseille o\u00f9 plus de la moiti\u00e9 des habitants vivent sous le seuil de pauvret\u00e9.\u00a0\u00ab\u00a0Avant, on jouait avec les \u00e9quipes du quartier, on avait une \u00e9quipe d&rsquo;Orange qui jouait et les directeurs offraient au club de Saint-Mauront des maillots, des ballons, des sacs de sport. Il y avait quelque chose qui \u00e9tait fait socialement avec le quartier, se rappelle Olivier Neri, repr\u00e9sentant CGT. On \u00e9tait implant\u00e9s dans beaucoup d&rsquo;associations de quartier, \u00e7a faisait du bien-\u00eatre et c&rsquo;\u00e9tait le vivre-ensemble.\u00a0\u00bb<\/p>\n<p>Une situation qui a chang\u00e9, d\u00e9plore-t-il\u00a0:\u00a0\u00ab On sent que depuis une dizaine d&rsquo;ann\u00e9es, Orange a compl\u00e8tement arr\u00eat\u00e9 et je pense qu&rsquo;on est en train de le payer maintenant.\u00a0\u00bb<\/p>\n<p class=\"a-read-more\">\u00c0 \u00e9couter dans Grand reportage<a target=\"_self\" href=\"https:\/\/www.rfi.fr\/fr\/podcasts\/grand-reportage\/20250925-drogue-\u00e0-marseille-anatomie-d-un-syst\u00e8me-urbain\" class=\"a-read-more__link\" rel=\"nofollow noopener\">Drogue \u00e0 Marseille, anatomie d\u2019un syst\u00e8me urbain\u00a0<\/a><\/p>\n<p> \u00ab Presque une fois par semaine, il y a un d\u00e9c\u00e8s\u00a0\u00bb <\/p>\n<p>Dans ce quartier o\u00f9 les garages c\u00f4toient les alimentations g\u00e9n\u00e9rales, les r\u00e8glements de compte li\u00e9s au narcotrafic sont fr\u00e9quents.\u00a0\u00ab C&rsquo;est un quartier tr\u00e8s pauvre parce que la majorit\u00e9 des gens ne travaillent pas. Presque une fois par semaine, il y a un d\u00e9c\u00e8s, d\u00e9plore cette commer\u00e7ante qui n\u2019a pas souhait\u00e9 donner son nom. Ce sont surtout les r\u00e8glements de compte, les jeunes et tout&#8230;\u00a0\u00bb<\/p>\n<p>Pour elle, la situation se d\u00e9grade dans toute la ville.\u00a0\u00ab Maintenant, c&rsquo;est presque dans tous les quartiers de Marseille. C&rsquo;est de pire en pire, ajoute-t-elle. L\u00e0, maintenant, ils br\u00fblent et mettent dans les coffres, ils tuent comme \u00e7a. On a trop peur pour nos enfants.\u00a0\u00bb<\/p>\n<p>La pr\u00e9fecture de police des Bouches-du-Rh\u00f4ne a annonc\u00e9 plus de rondes et de patrouilles polici\u00e8res aux abords du site.\u00a0<\/p>\n<p class=\"a-read-more\">\u00c0 \u00e9couter dans 8 milliards de voisins<a target=\"_self\" href=\"https:\/\/www.rfi.fr\/fr\/podcasts\/8-milliards-de-voisins\/20251204-comment-le-trafic-de-drogue-a-infiltr\u00e9-le-milieu-du-rap\" class=\"a-read-more__link\" rel=\"nofollow noopener\">Comment le trafic de drogue a infiltr\u00e9 le milieu du rap\u00a0?<\/a><\/p>\n","protected":false},"excerpt":{"rendered":"En France, l&rsquo;ins\u00e9curit\u00e9 qui touche certains quartiers conduit de grandes entreprises \u00e0 reconsid\u00e9rer leur implantation locale\u00a0; c&rsquo;est le&hellip;\n","protected":false},"author":2,"featured_media":689170,"comment_status":"","ping_status":"","sticky":false,"template":"","format":"standard","meta":{"footnotes":"","_share_on_mastodon":"0"},"categories":[2814],"tags":[1111,11,1052,1777,674,1011,27,884,12,882,5920,25],"class_list":["post-689169","post","type-post","status-publish","format-standard","has-post-thumbnail","category-marseille","tag-actu","tag-actualites","tag-drogue","tag-eu","tag-europe","tag-fr","tag-france","tag-marseille","tag-news","tag-provence-alpes-cote-dazur","tag-reportage-france","tag-republique-francaise"],"share_on_mastodon":{"url":"https:\/\/pubeurope.com\/@fr\/115958325111034935","error":""},"_links":{"self":[{"href":"https:\/\/www.europesays.com\/fr\/wp-json\/wp\/v2\/posts\/689169","targetHints":{"allow":["GET"]}}],"collection":[{"href":"https:\/\/www.europesays.com\/fr\/wp-json\/wp\/v2\/posts"}],"about":[{"href":"https:\/\/www.europesays.com\/fr\/wp-json\/wp\/v2\/types\/post"}],"author":[{"embeddable":true,"href":"https:\/\/www.europesays.com\/fr\/wp-json\/wp\/v2\/users\/2"}],"replies":[{"embeddable":true,"href":"https:\/\/www.europesays.com\/fr\/wp-json\/wp\/v2\/comments?post=689169"}],"version-history":[{"count":0,"href":"https:\/\/www.europesays.com\/fr\/wp-json\/wp\/v2\/posts\/689169\/revisions"}],"wp:featuredmedia":[{"embeddable":true,"href":"https:\/\/www.europesays.com\/fr\/wp-json\/wp\/v2\/media\/689170"}],"wp:attachment":[{"href":"https:\/\/www.europesays.com\/fr\/wp-json\/wp\/v2\/media?parent=689169"}],"wp:term":[{"taxonomy":"category","embeddable":true,"href":"https:\/\/www.europesays.com\/fr\/wp-json\/wp\/v2\/categories?post=689169"},{"taxonomy":"post_tag","embeddable":true,"href":"https:\/\/www.europesays.com\/fr\/wp-json\/wp\/v2\/tags?post=689169"}],"curies":[{"name":"wp","href":"https:\/\/api.w.org\/{rel}","templated":true}]}}