{"id":689193,"date":"2026-01-25T23:39:01","date_gmt":"2026-01-25T23:39:01","guid":{"rendered":"https:\/\/www.europesays.com\/fr\/689193\/"},"modified":"2026-01-25T23:39:01","modified_gmt":"2026-01-25T23:39:01","slug":"aubade-nomme-sa-nouvelle-directrice-pour-lallemagne-et-lautriche","status":"publish","type":"post","link":"https:\/\/www.europesays.com\/fr\/689193\/","title":{"rendered":"Aubade nomme sa nouvelle directrice pour l&rsquo;Allemagne et l&rsquo;Autriche"},"content":{"rendered":"<p>La marque de lingerie fran\u00e7aise Aubade a nomm\u00e9 Daniela Mitrovic au poste de country manager pour l&rsquo;Allemagne et l&rsquo;Autriche.<\/p>\n<p>Daniela Mitrovic prendra ses nouvelles fonctions le 22 janvier au sein de la marque appartenant au groupe de lingerie suisse Calida, a annonc\u00e9 Aubade. Elle dispose d&rsquo;une vaste exp\u00e9rience dans le secteur de la lingerie et du retail de mode, pr\u00e9cise la marque depuis Paris.<\/p>\n<p>Auparavant, Daniela Mitrovic travaillait pour la marque de lingerie Passionata qui, tout comme la marque allemande Schiesser, appartient au groupe textile isra\u00e9lien Delta Galil Industries Ltd. Elle y occupait \u00e9galement le poste de country manager pour l&rsquo;Allemagne, l&rsquo;Autriche et la Suisse. Avant cela, elle a travaill\u00e9 pendant 14 ans pour le groupe de lingerie autrichien Palmers, o\u00f9 elle a termin\u00e9 en tant que responsable retail pour l&rsquo;Allemagne.<\/p>\n<p>Dans ses nouvelles fonctions chez Aubade, elle succ\u00e8de \u00e0 Ren\u00e9 Kung et prend en charge la direction des \u00e9quipes en Allemagne et en Autriche, les n\u00e9gociations avec les comptes cl\u00e9s ainsi que la gestion du portefeuille wholesale dans le nord de l&rsquo;Allemagne. Elle sera directement rattach\u00e9e \u00e0 Aline Bourzeix, directrice commerciale d&rsquo;Aubade.<\/p>\n<p>Cet article a \u00e9t\u00e9 traduit \u00e0 l&rsquo;aide d&rsquo;un outil d&rsquo;intelligence artificielle, puis v\u00e9rifi\u00e9 et \u00e9dit\u00e9 par un journaliste de FashionUnited.<\/p>\n<p>FashionUnited utilise des outils linguistiques d&rsquo;intelligence artificielle pour acc\u00e9l\u00e9rer la traduction et la relecture des articles d&rsquo;actualit\u00e9 afin d&rsquo;am\u00e9liorer le r\u00e9sultat final. Nos journalistes gagnent ainsi du temps et peuvent se consacrer \u00e0 la recherche et \u00e0 la r\u00e9daction d&rsquo;articles originaux. Les articles traduits \u00e0 l&rsquo;aide de l&rsquo;IA sont soigneusement examin\u00e9s par un r\u00e9dacteur de notre \u00e9quipe. Pour toute question ou remarque, n&rsquo;h\u00e9sitez pas \u00e0 nous \u00e9crire \u00e0 info@fashionunited.com.<\/p>\n","protected":false},"excerpt":{"rendered":"La marque de lingerie fran\u00e7aise Aubade a nomm\u00e9 Daniela Mitrovic au poste de country manager pour l&rsquo;Allemagne et&hellip;\n","protected":false},"author":2,"featured_media":689194,"comment_status":"","ping_status":"","sticky":false,"template":"","format":"standard","meta":{"footnotes":"","_share_on_mastodon":"0"},"categories":[1587],"tags":[11,672,1804,1805,1803,1777,674,1801,12,1802],"class_list":["post-689193","post","type-post","status-publish","format-standard","has-post-thumbnail","category-allemagne","tag-actualites","tag-allemagne","tag-bundesrepublik-deutschland","tag-de","tag-deutschland","tag-eu","tag-europe","tag-germany","tag-news","tag-republique-federale-dallemagne"],"share_on_mastodon":{"url":"https:\/\/pubeurope.com\/@fr\/115958380138773941","error":""},"_links":{"self":[{"href":"https:\/\/www.europesays.com\/fr\/wp-json\/wp\/v2\/posts\/689193","targetHints":{"allow":["GET"]}}],"collection":[{"href":"https:\/\/www.europesays.com\/fr\/wp-json\/wp\/v2\/posts"}],"about":[{"href":"https:\/\/www.europesays.com\/fr\/wp-json\/wp\/v2\/types\/post"}],"author":[{"embeddable":true,"href":"https:\/\/www.europesays.com\/fr\/wp-json\/wp\/v2\/users\/2"}],"replies":[{"embeddable":true,"href":"https:\/\/www.europesays.com\/fr\/wp-json\/wp\/v2\/comments?post=689193"}],"version-history":[{"count":0,"href":"https:\/\/www.europesays.com\/fr\/wp-json\/wp\/v2\/posts\/689193\/revisions"}],"wp:featuredmedia":[{"embeddable":true,"href":"https:\/\/www.europesays.com\/fr\/wp-json\/wp\/v2\/media\/689194"}],"wp:attachment":[{"href":"https:\/\/www.europesays.com\/fr\/wp-json\/wp\/v2\/media?parent=689193"}],"wp:term":[{"taxonomy":"category","embeddable":true,"href":"https:\/\/www.europesays.com\/fr\/wp-json\/wp\/v2\/categories?post=689193"},{"taxonomy":"post_tag","embeddable":true,"href":"https:\/\/www.europesays.com\/fr\/wp-json\/wp\/v2\/tags?post=689193"}],"curies":[{"name":"wp","href":"https:\/\/api.w.org\/{rel}","templated":true}]}}