{"id":689244,"date":"2026-01-26T00:14:12","date_gmt":"2026-01-26T00:14:12","guid":{"rendered":"https:\/\/www.europesays.com\/fr\/689244\/"},"modified":"2026-01-26T00:14:12","modified_gmt":"2026-01-26T00:14:12","slug":"la-fregate-italienne-andrea-doria-a-toulon","status":"publish","type":"post","link":"https:\/\/www.europesays.com\/fr\/689244\/","title":{"rendered":"La fr\u00e9gate italienne Andrea Doria \u00e0 Toulon"},"content":{"rendered":"<p>\n      Cousine des Forbin et Chevalier Paul de Marine nationale, la fr\u00e9gate de d\u00e9fense a\u00e9rienne Andrea Doria est arriv\u00e9e \u00e0 Toulon, o\u00f9 le groupe a\u00e9ronaval fran\u00e7ais se pr\u00e9pare \u00e0 d\u00e9buter son prochain d\u00e9ploiement.\n    <\/p>\n<p>L\u2019Andrea Doria a rejoint la grande base navale varoise le vendredi 23 janvier. L\u2019imposant b\u00e2timent de la Marina militare, sp\u00e9cialis\u00e9 dans la d\u00e9fense a\u00e9rienne, comme un jumeau, le Caio Duilio. Deux unit\u00e9s r\u00e9alis\u00e9es dans le cadre du programme franco-italien Horizon, qui a la construction, pour la Marine nationale, <a href=\"https:\/\/www.meretmarine.com\/fr\/defense\/retour-sur-l-arret-technique-de-la-fregate-chevalier-paul\" target=\"_blank\" rel=\"noopener\">des Forbin et Chevalier Paul<\/a>, produits par le chantier Naval Group de Lorient et admises au service actif en 2010 et 2011. Les Andrea et Caio Duilio ont, quant \u00e0 eux, vu le jour aux chantiers Fincantieri de Riva Trigoso et Muggiano, leur livraison \u00e0 la flotte italienne intervenant en 2008 et 2009.\u00a0<\/p>\n<p>\u00a0<\/p>\n<p>      L&rsquo;Andrea Doria le 24 janvier \u00e0 Toulon.\u00a0<\/p>\n<p>\u00a0<\/p>\n<p>Longues de 152.9 m\u00e8tres pour une largeur de 20.3 m\u00e8tres et un d\u00e9placement \u00e0 pleine charge d\u2019un peu plus de 7000 tonnes, les quatre fr\u00e9gates du type Horizon sont tr\u00e8s voisines, avec les m\u00eames radars (un S1850 M \u00e0 longue port\u00e9e et un EMPAR pour la conduite de tir des missiles) et un syst\u00e8me d\u2019armes principal conjoint, le PAAMS (\u00e9quipant \u00e9galement les T45 britanniques), bas\u00e9 sur 48 missiles surface-air Aster 15 et Aster 30. Il y a cependant des diff\u00e9rences entre les unit\u00e9s fran\u00e7aises et italiennes, ces derni\u00e8res \u00e9tant par exemple dot\u00e9es de 8 missiles antinavires Otomat alors que celles de la Marine nationale ont des Exocet MM40, ainsi que de trois tourelles de 76 mm au lieu de deux, les canons d\u2019origine des Horizon italiennes ayant en outre \u00e9t\u00e9 remplac\u00e9s par des syst\u00e8mes STRALES avec conduite de tir int\u00e9gr\u00e9e. L\u2019artillerie l\u00e9g\u00e8re des Andrea Doria et Caio Duilio est constitu\u00e9e de deux canons t\u00e9l\u00e9op\u00e9r\u00e9s de 25 mm KBA quand les Forbin et Chevalier Paul ont trois syst\u00e8mes de 20 mm Narwhal. Les lance-leurres antimissiles sont \u00e9galement diff\u00e9rents, avec des SCLAR-H pour les Italiens et des NGDS pour les Fran\u00e7ais.\u00a0<\/p>\n<p>\u00a0<\/p>\n<p>      Les FDA fran\u00e7aises Forbin et Chevalier Paul.\u00a0<\/p>\n<p>\u00a0<\/p>\n<p><a href=\"https:\/\/www.meretmarine.com\/fr\/defense\/que-contient-exactement-le-programme-de-modernisation-des-fregates-horizon\" target=\"_blank\" rel=\"noopener\">Ces quatre b\u00e2timents vont faire l\u2019objet d\u2019une r\u00e9novation \u00e0 mi-vie entre 2027 et 2030<\/a>, ce qui leur permettra notamment de disposer de nouvelles capacit\u00e9s dans le domaine de la lutte contre les missiles balistiques et hypersoniques.\u00a0<\/p>\n<p>La pr\u00e9sence de l\u2019Andrea Doria \u00e0 Toulon co\u00efncide probablement avec le d\u00e9part imminent du groupe a\u00e9ronaval fran\u00e7ais. <a href=\"https:\/\/www.meretmarine.com\/fr\/defense\/le-groupe-aeronaval-francais-en-partance-pour-l-atlantique\" target=\"_blank\" rel=\"noopener\">Emmen\u00e9 par le porte-avions Charles de Gaulle, il va partir pour l\u2019Atlantique o\u00f9 il participera d\u00e8s le d\u00e9but du mois de f\u00e9vrier \u00e0 ORION 2026<\/a>, le plus important exercice organis\u00e9 par les arm\u00e9es fran\u00e7aises. Aux c\u00f4t\u00e9s de la Marine nationale, de l\u2019arm\u00e9e de l\u2019Air et de l\u2019Espace, ainsi que de l\u2019arm\u00e9e de Terre, pas moins de 24 nations et le commandement de l\u2019OTAN vont participer \u00e0 ces man\u0153uvres de grande ampleur qui d\u00e9buteront en Atlantique et dans l\u2019ouest de la France. Sur le plan naval, 25 grands b\u00e2timents fran\u00e7ais et alli\u00e9s seront engag\u00e9s, dont le Charles de Gaulle et deux porte-h\u00e9licopt\u00e8res amphibies (PHA), ainsi qu\u2019une cinquantaine d\u2019a\u00e9ronefs, dont une vingtaine de Rafale Marine embarqu\u00e9s sur le porte-avions fran\u00e7ais.\u00a0<\/p>\n<p><strong>\u00a9 Un article de la r\u00e9daction de Mer et Marine.\u00a0Reproduction interdite sans consentement du ou des auteurs.\u00a0<\/strong>\u00a0<\/p>\n<p>\u00a0<\/p>\n","protected":false},"excerpt":{"rendered":"Cousine des Forbin et Chevalier Paul de Marine nationale, la fr\u00e9gate de d\u00e9fense a\u00e9rienne Andrea Doria est arriv\u00e9e&hellip;\n","protected":false},"author":2,"featured_media":689245,"comment_status":"","ping_status":"","sticky":false,"template":"","format":"standard","meta":{"footnotes":""},"categories":[9619],"tags":[1111,11,6130,6141,6131,6138,2380,6135,554,1777,6136,674,1011,27,6139,6134,3135,6128,567,6129,6127,12,6132,4838,882,6133,25,6140,6137,2310],"class_list":{"0":"post-689244","1":"post","2":"type-post","3":"status-publish","4":"format-standard","5":"has-post-thumbnail","7":"category-toulon","8":"tag-actu","9":"tag-actualites","10":"tag-chantiers","11":"tag-commando","12":"tag-construction-navale","13":"tag-costa","14":"tag-croisiere","15":"tag-dcns","16":"tag-defense","17":"tag-eu","18":"tag-euronaval","19":"tag-europe","20":"tag-fr","21":"tag-france","22":"tag-fremm","23":"tag-interviews","24":"tag-littoral","25":"tag-marine","26":"tag-marine-nationale","27":"tag-maritime","28":"tag-mer","29":"tag-news","30":"tag-offshore","31":"tag-peche","32":"tag-provence-alpes-cote-dazur","33":"tag-reportages","34":"tag-republique-francaise","35":"tag-sncm","36":"tag-stx","37":"tag-toulon"},"share_on_mastodon":{"url":"https:\/\/pubeurope.com\/@fr\/115958517850832511","error":""},"_links":{"self":[{"href":"https:\/\/www.europesays.com\/fr\/wp-json\/wp\/v2\/posts\/689244","targetHints":{"allow":["GET"]}}],"collection":[{"href":"https:\/\/www.europesays.com\/fr\/wp-json\/wp\/v2\/posts"}],"about":[{"href":"https:\/\/www.europesays.com\/fr\/wp-json\/wp\/v2\/types\/post"}],"author":[{"embeddable":true,"href":"https:\/\/www.europesays.com\/fr\/wp-json\/wp\/v2\/users\/2"}],"replies":[{"embeddable":true,"href":"https:\/\/www.europesays.com\/fr\/wp-json\/wp\/v2\/comments?post=689244"}],"version-history":[{"count":0,"href":"https:\/\/www.europesays.com\/fr\/wp-json\/wp\/v2\/posts\/689244\/revisions"}],"wp:featuredmedia":[{"embeddable":true,"href":"https:\/\/www.europesays.com\/fr\/wp-json\/wp\/v2\/media\/689245"}],"wp:attachment":[{"href":"https:\/\/www.europesays.com\/fr\/wp-json\/wp\/v2\/media?parent=689244"}],"wp:term":[{"taxonomy":"category","embeddable":true,"href":"https:\/\/www.europesays.com\/fr\/wp-json\/wp\/v2\/categories?post=689244"},{"taxonomy":"post_tag","embeddable":true,"href":"https:\/\/www.europesays.com\/fr\/wp-json\/wp\/v2\/tags?post=689244"}],"curies":[{"name":"wp","href":"https:\/\/api.w.org\/{rel}","templated":true}]}}