{"id":689263,"date":"2026-01-26T00:35:14","date_gmt":"2026-01-26T00:35:14","guid":{"rendered":"https:\/\/www.europesays.com\/fr\/689263\/"},"modified":"2026-01-26T00:35:14","modified_gmt":"2026-01-26T00:35:14","slug":"ixo-private-equity-leve-70-millions-deuros-pour-son-nouveau-fonds-pour-les-pme-et-eti","status":"publish","type":"post","link":"https:\/\/www.europesays.com\/fr\/689263\/","title":{"rendered":"iXO Private Equity l\u00e8ve 70 millions d\u2019euros pour son nouveau fonds pour les PME et ETI"},"content":{"rendered":"<p>La soci\u00e9t\u00e9 d\u2019investissement Ixo Private Equity, dont le si\u00e8ge social est \u00e0 Toulouse, annonce la premi\u00e8re cl\u00f4ture de son nouveau fonds Ixo PME 2, pour un montant total de 70 millions d\u2019euros. Il atteint pr\u00e8s de 90\u00a0% de son objectif initial (80 millions d\u2019euros) moins de neuf mois apr\u00e8s le lancement de sa commercialisation.<\/p>\n<p>Ixo PME 2 est destin\u00e9 \u00e0 financer la \u00ab\u00a0croissance et la transmission des PME et ETI du Grand Sud de la France\u00a0\u00bb. La cl\u00f4ture finale est attendue avant l\u2019\u00e9t\u00e9, avec une lev\u00e9e cibl\u00e9e de 80 millions d\u2019euros et un montant maximal fix\u00e9 \u00e0 100 millions d\u2019euros. Lanc\u00e9 fin 2020, le fonds pr\u00e9c\u00e9dent Ixo PME 1 avait collect\u00e9 60 millions d\u2019euros int\u00e9gralement d\u00e9ploy\u00e9s en seulement quatre ans au travers de douze investissements r\u00e9alis\u00e9s dans des PME.<\/p>\n","protected":false},"excerpt":{"rendered":"La soci\u00e9t\u00e9 d\u2019investissement Ixo Private Equity, dont le si\u00e8ge social est \u00e0 Toulouse, annonce la premi\u00e8re cl\u00f4ture de&hellip;\n","protected":false},"author":2,"featured_media":373637,"comment_status":"","ping_status":"","sticky":false,"template":"","format":"standard","meta":{"footnotes":"","_share_on_mastodon":"0"},"categories":[2816],"tags":[1111,11,1777,674,33863,1011,27,78584,12,2680,25,2312],"class_list":["post-689263","post","type-post","status-publish","format-standard","has-post-thumbnail","category-toulouse","tag-actu","tag-actualites","tag-eu","tag-europe","tag-fonds-dinvestissement","tag-fr","tag-france","tag-ixo-private-equity","tag-news","tag-occitanie","tag-republique-francaise","tag-toulouse"],"share_on_mastodon":{"url":"https:\/\/pubeurope.com\/@fr\/115958600399880813","error":""},"_links":{"self":[{"href":"https:\/\/www.europesays.com\/fr\/wp-json\/wp\/v2\/posts\/689263","targetHints":{"allow":["GET"]}}],"collection":[{"href":"https:\/\/www.europesays.com\/fr\/wp-json\/wp\/v2\/posts"}],"about":[{"href":"https:\/\/www.europesays.com\/fr\/wp-json\/wp\/v2\/types\/post"}],"author":[{"embeddable":true,"href":"https:\/\/www.europesays.com\/fr\/wp-json\/wp\/v2\/users\/2"}],"replies":[{"embeddable":true,"href":"https:\/\/www.europesays.com\/fr\/wp-json\/wp\/v2\/comments?post=689263"}],"version-history":[{"count":0,"href":"https:\/\/www.europesays.com\/fr\/wp-json\/wp\/v2\/posts\/689263\/revisions"}],"wp:featuredmedia":[{"embeddable":true,"href":"https:\/\/www.europesays.com\/fr\/wp-json\/wp\/v2\/media\/373637"}],"wp:attachment":[{"href":"https:\/\/www.europesays.com\/fr\/wp-json\/wp\/v2\/media?parent=689263"}],"wp:term":[{"taxonomy":"category","embeddable":true,"href":"https:\/\/www.europesays.com\/fr\/wp-json\/wp\/v2\/categories?post=689263"},{"taxonomy":"post_tag","embeddable":true,"href":"https:\/\/www.europesays.com\/fr\/wp-json\/wp\/v2\/tags?post=689263"}],"curies":[{"name":"wp","href":"https:\/\/api.w.org\/{rel}","templated":true}]}}