{"id":689276,"date":"2026-01-26T00:45:11","date_gmt":"2026-01-26T00:45:11","guid":{"rendered":"https:\/\/www.europesays.com\/fr\/689276\/"},"modified":"2026-01-26T00:45:11","modified_gmt":"2026-01-26T00:45:11","slug":"luka-karabatic-la-fin-est-annoncee","status":"publish","type":"post","link":"https:\/\/www.europesays.com\/fr\/689276\/","title":{"rendered":"Luka Karabatic, la fin est annonc\u00e9e"},"content":{"rendered":"<p><strong>Luka Karabatic va prolonger son<br \/>\ncontrat avec le PSG jusqu&rsquo;\u00e0 la fin de la saison 2026-2027, la<br \/>\nderni\u00e8re pour lui en carri\u00e8re. Gr\u00e9bille et Peleka prolongent eux<br \/>\naussi avec le club de la capitale.<\/strong><\/p>\n<p>C\u2019est une page qui va se tourner du c\u00f4t\u00e9 du Paris Saint-Germain<br \/>\nmais \u00e9galement dans l\u2019histoire du handball fran\u00e7ais. Ce dimanche,<br \/>\nle club de la capitale a annonc\u00e9 la prolongation de Luka Karabatic<br \/>\njusqu\u2019au 30 juin 2027. Une date qui sera \u00e9galement synonyme de la<br \/>\nfin de carri\u00e8re professionnelle du pivot fran\u00e7ais.<\/p>\n<p>\u00ab\u00a0Arriv\u00e9 au Club en 2015, Luka Karabatic s\u2019est impos\u00e9<br \/>\nau fil des saisons comme une figure incontournable du Paris<br \/>\nSaint-Germain Handball. Joueur le plus cap\u00e9 de l\u2019histoire du Club,<br \/>\nil incarne depuis plus d\u2019une d\u00e9cennie les valeurs d\u2019engagement,<br \/>\nd\u2019exigence et de fid\u00e9lit\u00e9 qui ont accompagn\u00e9 la construction du<br \/>\nprojet parisien au plus haut niveau. Cette derni\u00e8re saison aura une<br \/>\nr\u00e9sonance toute particuli\u00e8re : celle de conclure une carri\u00e8re<br \/>\nexceptionnelle au plus haut niveau, sous les couleurs du Club qu\u2019il<br \/>\na contribu\u00e9 \u00e0 marquer de son empreinte\u00a0\u00bb, peut-on lire<br \/>\ndans un communiqu\u00e9 publi\u00e9 par le PSG, ce dimanche. Un club parisien<br \/>\no\u00f9 il aura notamment atteint la finale de la Ligue des champions en<br \/>\n2017 et d\u00e9croch\u00e9 15 titres de champion de France.<\/p>\n<p>Un palmar\u00e8s XXL<\/p>\n<p>Outre sa carri\u00e8re parisienne, le natif de Strasbourg aura honor\u00e9<br \/>\n172 s\u00e9lections avec l\u2019\u00e9quipe de France avec un palmar\u00e8s XXL dont<br \/>\nune m\u00e9daille d\u2019or aux Jeux Olympiques de Tokyo en 2021, mais<br \/>\n\u00e9galement deux titres mondiaux en 2015 et 2017 et deux sacres<br \/>\neurop\u00e9ens en 2014 et en 2024.<\/p>\n<p>Outre la prolongation de Luka Karabatic, le club parisien a<br \/>\n\u00e9galement annonc\u00e9 la signature de deux autres joueurs \u00e0 savoir<br \/>\nMathieu Gr\u00e9bille et Wallem Peleka. Le premier, pr\u00e9sent avec<br \/>\nl\u2019\u00e9quipe de France du c\u00f4t\u00e9 de la Norv\u00e8ge, \u00e0 l\u2019occasion de l\u2019Euro a<br \/>\nparaph\u00e9 un nouveau contrat jusqu\u2019en juin 2027 avec le PSG, tandis<br \/>\nque le premier, issu du centre de formation, a prolong\u00e9 jusqu\u2019en<br \/>\n2028, lui qui avait un contrat qui s\u2019arr\u00eatait fin juin 2027 avec<br \/>\nson club formateur.<\/p>\n","protected":false},"excerpt":{"rendered":"Luka Karabatic va prolonger son contrat avec le PSG jusqu&rsquo;\u00e0 la fin de la saison 2026-2027, la derni\u00e8re&hellip;\n","protected":false},"author":2,"featured_media":689277,"comment_status":"","ping_status":"","sticky":false,"template":"","format":"standard","meta":{"footnotes":""},"categories":[1888],"tags":[1111,1928,11,1927,1777,674,1011,27,78585,12,1926,626,1925,37149,2655,25,137,57681],"class_list":{"0":"post-689276","1":"post","2":"type-post","3":"status-publish","4":"format-standard","5":"has-post-thumbnail","7":"category-paris","8":"tag-actu","9":"tag-actu-paris","10":"tag-actualites","11":"tag-actualites-paris","12":"tag-eu","13":"tag-europe","14":"tag-fr","15":"tag-france","16":"tag-luka-karabatic","17":"tag-news","18":"tag-news-paris","19":"tag-paris","20":"tag-paris-news","21":"tag-prolongations","22":"tag-psg-handball","23":"tag-republique-francaise","24":"tag-retraite","25":"tag-sport365-fr"},"share_on_mastodon":{"url":"https:\/\/pubeurope.com\/@fr\/115958639722390151","error":""},"_links":{"self":[{"href":"https:\/\/www.europesays.com\/fr\/wp-json\/wp\/v2\/posts\/689276","targetHints":{"allow":["GET"]}}],"collection":[{"href":"https:\/\/www.europesays.com\/fr\/wp-json\/wp\/v2\/posts"}],"about":[{"href":"https:\/\/www.europesays.com\/fr\/wp-json\/wp\/v2\/types\/post"}],"author":[{"embeddable":true,"href":"https:\/\/www.europesays.com\/fr\/wp-json\/wp\/v2\/users\/2"}],"replies":[{"embeddable":true,"href":"https:\/\/www.europesays.com\/fr\/wp-json\/wp\/v2\/comments?post=689276"}],"version-history":[{"count":0,"href":"https:\/\/www.europesays.com\/fr\/wp-json\/wp\/v2\/posts\/689276\/revisions"}],"wp:featuredmedia":[{"embeddable":true,"href":"https:\/\/www.europesays.com\/fr\/wp-json\/wp\/v2\/media\/689277"}],"wp:attachment":[{"href":"https:\/\/www.europesays.com\/fr\/wp-json\/wp\/v2\/media?parent=689276"}],"wp:term":[{"taxonomy":"category","embeddable":true,"href":"https:\/\/www.europesays.com\/fr\/wp-json\/wp\/v2\/categories?post=689276"},{"taxonomy":"post_tag","embeddable":true,"href":"https:\/\/www.europesays.com\/fr\/wp-json\/wp\/v2\/tags?post=689276"}],"curies":[{"name":"wp","href":"https:\/\/api.w.org\/{rel}","templated":true}]}}