{"id":689278,"date":"2026-01-26T00:46:14","date_gmt":"2026-01-26T00:46:14","guid":{"rendered":"https:\/\/www.europesays.com\/fr\/689278\/"},"modified":"2026-01-26T00:46:14","modified_gmt":"2026-01-26T00:46:14","slug":"paris-et-ile-de-france-quelles-perturbations-prevoir-avec-la-ratp-et-la-sncf-cette-semaine-2","status":"publish","type":"post","link":"https:\/\/www.europesays.com\/fr\/689278\/","title":{"rendered":"Paris et \u00cele-de-France : Quelles perturbations pr\u00e9voir avec la RATP et la SNCF cette semaine ?"},"content":{"rendered":"<p class=\"mb-4 text-lg md:leading-8 break-words\"><strong>TRANSPORTS &#8211; Du 26 janvier au 1er f\u00e9vrier, plusieurs changements sont \u00e0 pr\u00e9voir sur les lignes parisiennes et franciliennes. D\u00e9couvrez lesquels afin de mieux les anticiper<\/strong><\/p>\n<p class=\"mb-4 text-lg md:leading-8 break-words\">La fin du mois de janvier s\u2019accompagne de nouveaux changements sur les lignes de transports parisiennes et franciliennes. Du 26 janvier au 1er f\u00e9vrier 2026, les perturbations touchent la SCNF et la RATP \u00e0 Paris et en \u00cele-de-France. Voici les lignes impact\u00e9es.<\/p>\n<p>Les perturbations SNCF et RATP du 26 janvier au 1er f\u00e9vrier 2026M\u00e9tro<\/p>\n<ul class=\"mb-4\">\n<li class=\"ml-4 list-disc\">\n<p class=\"mb-4 text-lg md:leading-8 break-words\">Ligne 12 : jusqu\u2019au 11 mars, le mercredi \u00e0 partir de 22 heures, le trafic sera interrompu (travaux). Jusqu\u2019au 15 f\u00e9vrier, le dimanche \u00e0 partir de 22 heures, le trafic sera interrompu (travaux). Jusqu\u2019au 12 avril, \u00e0 partir de 22 heures, tous les dimanches et certains mercredis et jeudis le trafic sera interrompu (travaux).<\/p>\n<\/li>\n<\/ul>\n<p>RER<\/p>\n<ul class=\"mb-4\">\n<li class=\"ml-4 list-disc\">\n<p class=\"mb-4 text-lg md:leading-8 break-words\">RER B : samedi 31 janvier, \u00e0 partir de 22h45, sauf le 7 f\u00e9vrier le trafic sera interrompu entre Gare du Nord et A\u00e9roport Charles de Gaulle 2 \u2013 TGV \u2022 Mitry \u2013 Claye. Toute l\u2019ann\u00e9e, le trafic sera interrompu entre Ch\u00e2telet \u2013 Les Halles et A\u00e9roport Charles de Gaulle 2 \u2013 TGV \u2022 Mitry \u2013 Claye, en semaine, d\u00e8s 22h45, sauf certains jours (travaux).<\/p>\n<\/li>\n<\/ul>\n<p>Publicit\u00e9<\/p>\n<p>Publicit\u00e9<\/p>\n<p>Publicit\u00e9<\/p>\n<p>Publicit\u00e9<\/p>\n<p class=\"mb-4 text-lg md:leading-8 break-words\">RER C : du lundi au vendredi d\u00e8s 23h45, le trafic sera interrompu entre Javel et Saint-Quentin en Yvelines \u2013 Montigny-le-Bretonneux (travaux). Il en va de m\u00eame entre Versailles Ch\u00e2teau Rive Gauche et Javel (travaux) du lundi au vendredi d\u00e8s 23 heures, le trafic est interrompu entre Gare d\u2019Austerlitz et Juvisy (travaux). Il en va de m\u00eame entre Gare d\u2019Austerlitz et Saint-Martin d\u2019\u00c9tampes (travaux). Il en va de m\u00eame entre Pontoise et Avenue Henri Martin (travaux). Jusqu\u2019au 8 mars, l\u2019arr\u00eat ne sera (&#8230;)<\/p>\n<p class=\"mb-4 text-lg md:leading-8 break-words\"><a href=\"https:\/\/www.20minutes.fr\/paris\/4197898-20260126-paris-ile-france-perturbations-prevoir-ratp-sncf-semaine?at_medium=RSS%20feed&amp;at_campaign=ynews&amp;utm_source=yahoo&amp;utm_medium=rss&amp;utm_campaign=news_feed&amp;utm_content=read_more_link&quot;\" rel=\"nofollow noopener\" target=\"_blank\" data-ylk=\"slk:Lire la suite sur 20minutes;elm:context_link;itc:0;sec:content-canvas\" class=\"link \">Lire la suite sur 20minutes<\/a><\/p>\n<p>\u00c0 lire aussi :<br \/><a href=\"https:\/\/www.20minutes.fr\/societe\/4197433-20260122-sncf-trois-heures-plus-longues-vie-calvaire-parents-voyageant-train-enfants?at_medium=RSS%20feed&amp;at_campaign=ynews&amp;utm_source=yahoo&amp;utm_medium=rss&amp;utm_campaign=news_feed&amp;utm_content=related_content_link\" rel=\"nofollow noopener\" target=\"_blank\" data-ylk=\"slk:SNCF : \u00ab Les trois heures les plus longues de ma vie \u00bb\u2026 Le calvaire des parents voyageant en train avec leurs enfants;elm:context_link;itc:0;sec:content-canvas\" class=\"link \">SNCF : \u00ab Les trois heures les plus longues de ma vie \u00bb\u2026 Le calvaire des parents voyageant en train avec leurs enfants <\/a><br \/><a href=\"https:\/\/www.20minutes.fr\/societe\/4197437-20260122-sncf-offre-optimum-plus-interdit-enfants-legale?at_medium=RSS%20feed&amp;at_campaign=ynews&amp;utm_source=yahoo&amp;utm_medium=rss&amp;utm_campaign=news_feed&amp;utm_content=related_content_link\" rel=\"nofollow noopener\" target=\"_blank\" data-ylk=\"slk:SNCF : L\u2019offre \u00ab Optimum Plus \u00bb, qui interdit les enfants, est-elle l\u00e9gale ?;elm:context_link;itc:0;sec:content-canvas\" class=\"link \">SNCF : L\u2019offre \u00ab Optimum Plus \u00bb, qui interdit les enfants, est-elle l\u00e9gale ? <\/a><\/p>\n","protected":false},"excerpt":{"rendered":"TRANSPORTS &#8211; Du 26 janvier au 1er f\u00e9vrier, plusieurs changements sont \u00e0 pr\u00e9voir sur les lignes parisiennes et&hellip;\n","protected":false},"author":2,"featured_media":689279,"comment_status":"","ping_status":"","sticky":false,"template":"","format":"standard","meta":{"footnotes":""},"categories":[1888],"tags":[1111,1928,11,1927,4191,1777,674,1011,27,12,1926,626,1925,625,25,31629,2215],"class_list":{"0":"post-689278","1":"post","2":"type-post","3":"status-publish","4":"format-standard","5":"has-post-thumbnail","7":"category-paris","8":"tag-actu","9":"tag-actu-paris","10":"tag-actualites","11":"tag-actualites-paris","12":"tag-aeroport-charles-de-gaulle","13":"tag-eu","14":"tag-europe","15":"tag-fr","16":"tag-france","17":"tag-news","18":"tag-news-paris","19":"tag-paris","20":"tag-paris-news","21":"tag-ratp","22":"tag-republique-francaise","23":"tag-saint-quentin-en-yvelines","24":"tag-sncf"},"share_on_mastodon":{"url":"https:\/\/pubeurope.com\/@fr\/115958643867386420","error":""},"_links":{"self":[{"href":"https:\/\/www.europesays.com\/fr\/wp-json\/wp\/v2\/posts\/689278","targetHints":{"allow":["GET"]}}],"collection":[{"href":"https:\/\/www.europesays.com\/fr\/wp-json\/wp\/v2\/posts"}],"about":[{"href":"https:\/\/www.europesays.com\/fr\/wp-json\/wp\/v2\/types\/post"}],"author":[{"embeddable":true,"href":"https:\/\/www.europesays.com\/fr\/wp-json\/wp\/v2\/users\/2"}],"replies":[{"embeddable":true,"href":"https:\/\/www.europesays.com\/fr\/wp-json\/wp\/v2\/comments?post=689278"}],"version-history":[{"count":0,"href":"https:\/\/www.europesays.com\/fr\/wp-json\/wp\/v2\/posts\/689278\/revisions"}],"wp:featuredmedia":[{"embeddable":true,"href":"https:\/\/www.europesays.com\/fr\/wp-json\/wp\/v2\/media\/689279"}],"wp:attachment":[{"href":"https:\/\/www.europesays.com\/fr\/wp-json\/wp\/v2\/media?parent=689278"}],"wp:term":[{"taxonomy":"category","embeddable":true,"href":"https:\/\/www.europesays.com\/fr\/wp-json\/wp\/v2\/categories?post=689278"},{"taxonomy":"post_tag","embeddable":true,"href":"https:\/\/www.europesays.com\/fr\/wp-json\/wp\/v2\/tags?post=689278"}],"curies":[{"name":"wp","href":"https:\/\/api.w.org\/{rel}","templated":true}]}}