{"id":689280,"date":"2026-01-26T00:47:29","date_gmt":"2026-01-26T00:47:29","guid":{"rendered":"https:\/\/www.europesays.com\/fr\/689280\/"},"modified":"2026-01-26T00:47:29","modified_gmt":"2026-01-26T00:47:29","slug":"bijou-du-patrimoine-ferroviaire-lautorail-bugatti-va-etre-expose-a-la-porte-de-versailles","status":"publish","type":"post","link":"https:\/\/www.europesays.com\/fr\/689280\/","title":{"rendered":"bijou du patrimoine ferroviaire, l&rsquo;autorail Bugatti va \u00eatre expos\u00e9 \u00e0 la porte de Versailles"},"content":{"rendered":"<p>                    Par<br \/>\n        <strong><br \/>\n            <a href=\"https:\/\/actu.fr\/auteur\/redaction-paris\" title=\"Consulter tous les articles de R\u00e9daction Paris\" rel=\"nofollow noopener\" target=\"_blank\">R\u00e9daction Paris<\/a><br \/>\n                    <\/strong><\/p>\n<p>        Publi\u00e9 le<\/p>\n<p>            25 janv. 2026 \u00e0 11h25        <\/p>\n<p>Un convoi sp\u00e9cial pour un chef-d\u2019\u0153uvre du <a href=\"https:\/\/actu.fr\/tag\/train\" rel=\"nofollow noopener\" target=\"_blank\">train<\/a>. Dernier exemplaire de la s\u00e9rie produite dans les ann\u00e9es 1930, l\u2019autorail Bugatti est \u00e0 <a href=\"https:\/\/actu.fr\/paris\/\" rel=\"nofollow noopener\" target=\"_blank\">Paris<\/a>, o\u00f9 il sera expos\u00e9 au salon R\u00e9tromobile, qui se tiendra \u00e0 la <a href=\"https:\/\/actu.fr\/ile-de-france\/paris_75056\/paris-un-nouvel-etage-tous-les-huit-jours-la-tour-triangle-s-eleve-sous-les-yeux-atterres-des-riverains_60936605.html\" rel=\"nofollow noopener\" target=\"_blank\">porte de Versailles<\/a> (15e). Ce mat\u00e9riel ferroviaire, propuls\u00e9 par plusieurs moteurs Royale, repr\u00e9sente l\u2019un des plus grands aboutissements du <strong>constructeur automobile<\/strong>, qui s\u2019est converti aux rails.<\/p>\n<p>Un fleuron de la flotte ferroviaire d\u2019avant-guerre<\/p>\n<p class=\" wall-content\">D\u00e8s ce mercredi 28\u00a0janvier, les visiteurs de la porte de Versailles pourront d\u00e9couvrir cet engin de <strong>23\u00a0m\u00e8tres de long<\/strong> et 40\u00a0tonnes pens\u00e9 par Ettore Bugatti. \u00ab\u2009Une pi\u00e8ce unique au monde\u2009\u00bb, a r\u00e9sum\u00e9 le directeur de la Cit\u00e9 du train \u2013<a href=\"https:\/\/actu.fr\/tag\/sncf\" rel=\"nofollow noopener\" target=\"_blank\">SNCF<\/a> <strong>Sylvain Vernerey<\/strong> aupr\u00e8s de <a href=\"https:\/\/www.franceinfo.fr\/culture\/patrimoine\/autorail-bugatti-en-route-vers-paris_7755953.html\" rel=\"nofollow noopener\" target=\"_blank\">France T\u00e9l\u00e9visions<\/a>. H\u00e9berg\u00e9 au sein du plus grand mus\u00e9e ferroviaire d\u2019Europe, l\u2019autorail Bugatti fera partie des principales \u0153uvres exhib\u00e9es au salon R\u00e9tromobile. Son <a href=\"https:\/\/www.citedutrain.com\/\" rel=\"nofollow noopener\" target=\"_blank\">convoi<\/a> est arriv\u00e9 le 23\u00a0janvier.<\/p>\n<p class=\" wall-content\">\n<p class=\" wall-content\">\n<p class=\" wall-content\">Une mani\u00e8re de replonger dans une France d\u2019avant-guerre avide de transformations techniques \u00e0 m\u00eame de contribuer au d\u00e9veloppement \u00e9conomique du pays. Comme le rapporte <a href=\"https:\/\/www.leprogres.fr\/magazine-automobile\/2025\/11\/08\/autorail-bugatti-le-train-qui-a-sauve-ettore-bugatti-de-la-faillite\" rel=\"nofollow noopener\" target=\"_blank\">Le Progr\u00e8s<\/a>, l\u2019autorail pr\u00e9sentait des caract\u00e9ristiques in\u00e9dites \u00e0 cette \u00e9poque. Sa vitesse, mesur\u00e9e \u00e0 <strong>194\u00a0km\/h<\/strong> en pointe, d\u00e9passait all\u00e8grement les trains \u00e0 vapeur. De quoi gonfler l\u2019orgueil des dirigeants.<\/p>\n<p class=\" wall-content\">Emprunt\u00e9 par le pr\u00e9sident Albert Lebrun, il fait partie des <strong>rares<\/strong> wagons pr\u00e9sidentiels encore existants. Car jusque dans les ann\u00e9es 1980, le train \u00e9tait le principal moyen de locomotion utilis\u00e9 par le chef de l\u2019\u00c9tat. L\u2019avion a ensuite pris le relais.<\/p>\n<p class=\" wall-content\">Personnalisez votre actualit\u00e9 en ajoutant vos villes et m\u00e9dias en favori avec <a href=\"https:\/\/moncompte.actu.fr\" title=\"D\u00e9couvez Mon Actu\" rel=\"nofollow noopener\" data-trk=\"{&quot;cta&quot;:{&quot;action&quot;:&quot;https:\\\/\\\/moncompte.actu.fr&quot;,&quot;category&quot;:&quot;mon compte&quot;,&quot;from&quot;:&quot;article footer&quot;,&quot;name&quot;:&quot;Mon actu&quot;,&quot;type&quot;:&quot;cta&quot;}}\" target=\"_blank\">Mon Actu<\/a>.<\/p>\n","protected":false},"excerpt":{"rendered":"Par R\u00e9daction Paris Publi\u00e9 le 25 janv. 2026 \u00e0 11h25 Un convoi sp\u00e9cial pour un chef-d\u2019\u0153uvre du train.&hellip;\n","protected":false},"author":2,"featured_media":689281,"comment_status":"","ping_status":"","sticky":false,"template":"","format":"standard","meta":{"footnotes":"","_share_on_mastodon":"0"},"categories":[1888],"tags":[11,1777,674,1011,27,12,626,51724,25,2215,104,926],"class_list":["post-689280","post","type-post","status-publish","format-standard","has-post-thumbnail","category-paris","tag-actualites","tag-eu","tag-europe","tag-fr","tag-france","tag-news","tag-paris","tag-porte-de-versailles","tag-republique-francaise","tag-sncf","tag-societe","tag-train"],"share_on_mastodon":{"url":"https:\/\/pubeurope.com\/@fr\/115958647581280598","error":""},"_links":{"self":[{"href":"https:\/\/www.europesays.com\/fr\/wp-json\/wp\/v2\/posts\/689280","targetHints":{"allow":["GET"]}}],"collection":[{"href":"https:\/\/www.europesays.com\/fr\/wp-json\/wp\/v2\/posts"}],"about":[{"href":"https:\/\/www.europesays.com\/fr\/wp-json\/wp\/v2\/types\/post"}],"author":[{"embeddable":true,"href":"https:\/\/www.europesays.com\/fr\/wp-json\/wp\/v2\/users\/2"}],"replies":[{"embeddable":true,"href":"https:\/\/www.europesays.com\/fr\/wp-json\/wp\/v2\/comments?post=689280"}],"version-history":[{"count":0,"href":"https:\/\/www.europesays.com\/fr\/wp-json\/wp\/v2\/posts\/689280\/revisions"}],"wp:featuredmedia":[{"embeddable":true,"href":"https:\/\/www.europesays.com\/fr\/wp-json\/wp\/v2\/media\/689281"}],"wp:attachment":[{"href":"https:\/\/www.europesays.com\/fr\/wp-json\/wp\/v2\/media?parent=689280"}],"wp:term":[{"taxonomy":"category","embeddable":true,"href":"https:\/\/www.europesays.com\/fr\/wp-json\/wp\/v2\/categories?post=689280"},{"taxonomy":"post_tag","embeddable":true,"href":"https:\/\/www.europesays.com\/fr\/wp-json\/wp\/v2\/tags?post=689280"}],"curies":[{"name":"wp","href":"https:\/\/api.w.org\/{rel}","templated":true}]}}