{"id":689286,"date":"2026-01-26T00:50:23","date_gmt":"2026-01-26T00:50:23","guid":{"rendered":"https:\/\/www.europesays.com\/fr\/689286\/"},"modified":"2026-01-26T00:50:23","modified_gmt":"2026-01-26T00:50:23","slug":"guerre-en-ukraine-chasse-aux-petroliers-fantomes-russes-zelensky-veut-mieux-proteger-le-ciel-ukrainien","status":"publish","type":"post","link":"https:\/\/www.europesays.com\/fr\/689286\/","title":{"rendered":"Guerre en Ukraine : Chasse aux p\u00e9troliers fant\u00f4mes russes, Zelensky veut mieux prot\u00e9ger le ciel ukrainien"},"content":{"rendered":"<p class=\"mb-4 text-lg md:leading-8 break-words\"><strong>r\u00e9cap &#8211; \u00ab\u00a020 Minutes\u00a0\u00bb fait le point pour vous tous les soirs sur le conflit en Ukraine. Ce dimanche, Volodymyr Zelensky demande de l\u2019aide pour mieux prot\u00e9ger le ciel des frappes russes<\/strong><\/p>\n<p class=\"mb-4 text-lg md:leading-8 break-words\">Vous avez rat\u00e9 les derniers \u00e9v\u00e9nements sur la <a href=\"https:\/\/www.20minutes.fr\/monde\/ukraine\/?at_medium=RSS%20feed&amp;at_campaign=ynews&amp;utm_source=yahoo&amp;utm_medium=rss&amp;utm_campaign=news_feed&amp;utm_content=in_article_link\" rel=\"nofollow noopener\" target=\"_blank\" data-ylk=\"slk:guerre en Ukraine;elm:context_link;itc:0;sec:content-canvas\" class=\"link \">guerre en Ukraine<\/a>\u00a0? 20 Minutes fait le point pour vous tous les soirs. Voici l\u2019essentiel de ce dimanche 25\u00a0janvier, au 1.431e jour du conflit.<\/p>\n<p>Le fait du jour<\/p>\n<p class=\"mb-4 text-lg md:leading-8 break-words\">Deuxi\u00e8me p\u00e9trolier soup\u00e7onn\u00e9 d\u2019appartenir \u00e0 la flotte fant\u00f4me russe arraisonn\u00e9 par la Marine fran\u00e7aise, <a href=\"https:\/\/www.20minutes.fr\/monde\/ukraine\/4197618-20260123-sait-grinch-petrolier-russe-arraisonne-marine-francaise?at_medium=RSS%20feed&amp;at_campaign=ynews&amp;utm_source=yahoo&amp;utm_medium=rss&amp;utm_campaign=news_feed&amp;utm_content=in_article_link\" rel=\"nofollow noopener\" target=\"_blank\" data-ylk=\"slk:le Grinch;elm:context_link;itc:0;sec:content-canvas\" class=\"link \">le Grinch<\/a> a vu son capitaine indien, \u00e2g\u00e9 de 58 ans, \u00eatre <a href=\"https:\/\/www.20minutes.fr\/societe\/4197865-20260125-petrolier-grinch-soupconne-appartenir-flotte-fantome-russe-mis-disposition-justice-francaise?at_medium=RSS%20feed&amp;at_campaign=ynews&amp;utm_source=yahoo&amp;utm_medium=rss&amp;utm_campaign=news_feed&amp;utm_content=in_article_link\" rel=\"nofollow noopener\" target=\"_blank\" data-ylk=\"slk:plac\u00e9 en garde \u00e0 vue;elm:context_link;itc:0;sec:content-canvas\" class=\"link \">plac\u00e9 en garde \u00e0 vue<\/a> samedi soir.<\/p>\n<p class=\"mb-4 text-lg md:leading-8 break-words\">Trois jours apr\u00e8s la <a href=\"https:\/\/www.20minutes.fr\/monde\/4197749-20260123-flotte-fantome-russe-petrolier-arrete-france-transporte-vers-port-marseille?at_medium=RSS%20feed&amp;at_campaign=ynews&amp;utm_source=yahoo&amp;utm_medium=rss&amp;utm_campaign=news_feed&amp;utm_content=in_article_link\" rel=\"nofollow noopener\" target=\"_blank\" data-ylk=\"slk:spectaculaire op\u00e9ration des commandos;elm:context_link;itc:0;sec:content-canvas\" class=\"link \">spectaculaire op\u00e9ration des commandos<\/a> marine fran\u00e7ais, h\u00e9liport\u00e9s sur le p\u00e9trolier, la justice marseillaise a pris le relais et a d\u00e9but\u00e9 les investigations dans le cadre de l\u2019enqu\u00eate pr\u00e9liminaire pour d\u00e9faut de pavillon ouverte jeudi.<\/p>\n<p class=\"mb-4 text-lg md:leading-8 break-words\">Les enqu\u00eateurs la section de recherches de la gendarmerie maritime de Toulon et le centre de s\u00e9curit\u00e9 des navires de <a href=\"https:\/\/www.20minutes.fr\/marseille\/?at_medium=RSS%20feed&amp;at_campaign=ynews&amp;utm_source=yahoo&amp;utm_medium=rss&amp;utm_campaign=news_feed&amp;utm_content=in_article_link\" rel=\"nofollow noopener\" target=\"_blank\" data-ylk=\"slk:Marseille;elm:context_link;itc:0;sec:content-canvas\" class=\"link \">Marseille<\/a> doivent proc\u00e9der \u00e0 un certain nombre de v\u00e9rifications, notamment \u00e0 bord du Grinch, pour contr\u00f4ler les documents de navigation ainsi que \u00ab\u00a0la validit\u00e9 du pavillon\u00a0\u00bb, a indiqu\u00e9 le parquet de Marseille. L\u2019\u00e9quipage, \u00ab\u00a0\u00e9galement de nationalit\u00e9 indienne\u00a0\u00bb est \u00ab\u00a0maintenu \u00e0 bord\u00a0\u00bb du p\u00e9trolier, a pr\u00e9cis\u00e9 la m\u00eame source.<\/p>\n<p>Le chiffre du jour<\/p>\n<p class=\"mb-4 text-lg md:leading-8 break-words\">1.676. C\u2019est le nombre de grands immeubles r\u00e9sidentiels qui sont priv\u00e9s de chauffage \u00e0 Kiev. La Russie bombarde sans rel\u00e2che les centrales et le r\u00e9seau \u00e9lectriques de l\u2019Ukraine, plongeant des centaines de milliers d\u2019Ukrainiens dans le noir et dans le froid en plein hiver, conduisant Volodymyr Zelensky \u00e0 d\u00e9cr\u00e9ter l\u2019\u00e9tat d\u2019urgence dans le secteur de l\u2019\u00e9nergie. Des \u00e9quipes travaille(&#8230;)<\/p>\n<p class=\"mb-4 text-lg md:leading-8 break-words\"><a href=\"https:\/\/www.20minutes.fr\/monde\/ukraine\/4197883-20260125-guerre-ukraine-chasse-petroliers-fantomes-russes-zelensky-veut-mieux-proteger-ciel-ukrainien?at_medium=RSS%20feed&amp;at_campaign=ynews&amp;utm_source=yahoo&amp;utm_medium=rss&amp;utm_campaign=news_feed&amp;utm_content=read_more_link&quot;\" rel=\"nofollow noopener\" target=\"_blank\" data-ylk=\"slk:Lire la suite sur 20minutes;elm:context_link;itc:0;sec:content-canvas\" class=\"link \">Lire la suite sur 20minutes<\/a><\/p>\n<p>\u00c0 lire aussi :<br \/><a href=\"https:\/\/www.20minutes.fr\/monde\/ukraine\/4197818-20260124-guerre-ukraine-kiev-moscou-vont-continuer-parler-otan-veut-zone-defense-automatisee?at_medium=RSS%20feed&amp;at_campaign=ynews&amp;utm_source=yahoo&amp;utm_medium=rss&amp;utm_campaign=news_feed&amp;utm_content=related_content_link\" rel=\"nofollow noopener\" target=\"_blank\" data-ylk=\"slk:Guerre en Ukraine\u00a0: Kiev et Moscou vont continuer \u00e0 parler et l\u2019Otan veut une zone de d\u00e9fense \u00ab\u00a0automatis\u00e9e\u00a0\u00bb;elm:context_link;itc:0;sec:content-canvas\" class=\"link \">Guerre en Ukraine\u00a0: Kiev et Moscou vont continuer \u00e0 parler et l\u2019Otan veut une zone de d\u00e9fense \u00ab\u00a0automatis\u00e9e\u00a0\u00bb<\/a><br \/><a href=\"https:\/\/www.20minutes.fr\/monde\/ukraine\/4197808-20260124-defense-pologne-va-signer-contrat-plus-important-systeme-antidrones-europe?at_medium=RSS%20feed&amp;at_campaign=ynews&amp;utm_source=yahoo&amp;utm_medium=rss&amp;utm_campaign=news_feed&amp;utm_content=related_content_link\" rel=\"nofollow noopener\" target=\"_blank\" data-ylk=\"slk:D\u00e9fense\u00a0: La Pologne va signer un contrat pour \u00ab\u00a0le plus important syst\u00e8me antidrones en Europe\u00a0\u00bb;elm:context_link;itc:0;sec:content-canvas\" class=\"link \">D\u00e9fense\u00a0: La Pologne va signer un contrat pour \u00ab\u00a0le plus important syst\u00e8me antidrones en Europe\u00a0\u00bb<\/a><\/p>\n","protected":false},"excerpt":{"rendered":"r\u00e9cap &#8211; \u00ab\u00a020 Minutes\u00a0\u00bb fait le point pour vous tous les soirs sur le conflit en Ukraine. Ce&hellip;\n","protected":false},"author":2,"featured_media":689287,"comment_status":"","ping_status":"","sticky":false,"template":"","format":"standard","meta":{"footnotes":""},"categories":[1590],"tags":[642,11,1777,674,131,73453,12,220,134],"class_list":{"0":"post-689286","1":"post","2":"type-post","3":"status-publish","4":"format-standard","5":"has-post-thumbnail","7":"category-ukraine","8":"tag-20-minutes","9":"tag-actualites","10":"tag-eu","11":"tag-europe","12":"tag-guerre-en-ukraine","13":"tag-le-grinch","14":"tag-news","15":"tag-ukraine","16":"tag-volodymyr-zelensky"},"share_on_mastodon":{"url":"https:\/\/pubeurope.com\/@fr\/115958659470885374","error":""},"_links":{"self":[{"href":"https:\/\/www.europesays.com\/fr\/wp-json\/wp\/v2\/posts\/689286","targetHints":{"allow":["GET"]}}],"collection":[{"href":"https:\/\/www.europesays.com\/fr\/wp-json\/wp\/v2\/posts"}],"about":[{"href":"https:\/\/www.europesays.com\/fr\/wp-json\/wp\/v2\/types\/post"}],"author":[{"embeddable":true,"href":"https:\/\/www.europesays.com\/fr\/wp-json\/wp\/v2\/users\/2"}],"replies":[{"embeddable":true,"href":"https:\/\/www.europesays.com\/fr\/wp-json\/wp\/v2\/comments?post=689286"}],"version-history":[{"count":0,"href":"https:\/\/www.europesays.com\/fr\/wp-json\/wp\/v2\/posts\/689286\/revisions"}],"wp:featuredmedia":[{"embeddable":true,"href":"https:\/\/www.europesays.com\/fr\/wp-json\/wp\/v2\/media\/689287"}],"wp:attachment":[{"href":"https:\/\/www.europesays.com\/fr\/wp-json\/wp\/v2\/media?parent=689286"}],"wp:term":[{"taxonomy":"category","embeddable":true,"href":"https:\/\/www.europesays.com\/fr\/wp-json\/wp\/v2\/categories?post=689286"},{"taxonomy":"post_tag","embeddable":true,"href":"https:\/\/www.europesays.com\/fr\/wp-json\/wp\/v2\/tags?post=689286"}],"curies":[{"name":"wp","href":"https:\/\/api.w.org\/{rel}","templated":true}]}}