{"id":68929,"date":"2025-05-02T08:51:11","date_gmt":"2025-05-02T08:51:11","guid":{"rendered":"https:\/\/www.europesays.com\/fr\/68929\/"},"modified":"2025-05-02T08:51:11","modified_gmt":"2025-05-02T08:51:11","slug":"routes-fermees-a-nantes-trafic-complique-a-anticiper-sur-laxe-paris-vannes-du-12-mai-au","status":"publish","type":"post","link":"https:\/\/www.europesays.com\/fr\/68929\/","title":{"rendered":"Routes ferm\u00e9es \u00e0 Nantes\u00a0: trafic compliqu\u00e9 \u00e0 anticiper sur l\u2019axe Paris Vannes du 12\u00a0mai au"},"content":{"rendered":"<p>Du lundi 12\u00a0mai au vendredi 27\u00a0juin 2025, des travaux de r\u00e9novation sur l\u2019A82 et la RN165\u00a0entra\u00eeneront des fermetures et des d\u00e9viations autour de Nantes.\u00a0Bison Fut\u00e9 vous invite \u00e0 anticiper vos trajets<\/p>\n<p>Deux phases de travaux intensifs<\/p>\n<p>La premi\u00e8re phase se d\u00e9roulera du 12\u00a0mai \u00e0 10\u00a0h au 28\u00a0mai \u00e0 16\u00a0h, impliquant la fermeture de l\u2019A82 et de la RN165\u00a0dans le sens Vannes Paris entre la bifurcation N165\/N444 et l\u2019\u00e9changeur de la Porte d\u2019Orvault. La seconde phase, pr\u00e9vue du 2\u00a0juin \u00e0 10\u00a0h au 27\u00a0juin \u00e0 16\u00a0h, concernera le sens Paris Vannes entre l\u2019\u00e9changeur de \u00ab\u00a0la Bugalli\u00e8re\u00a0\u00bb sur l\u2019A82 et celui de la \u00ab\u00a0Guillocherie\u00a0\u00bb sur la RN165. Des bretelles et acc\u00e8s seront \u00e9galement affect\u00e9s, \u00e0 l\u2019exception de certains itin\u00e9raires, notamment vers Orvault Bourg et l\u2019H\u00f4pital Nord Laennec.<\/p>\n<p>D\u00e9viations<\/p>\n<p>Durant ces p\u00e9riodes, des d\u00e9viations seront mises en place\u00a0:<\/p>\n<p>?? Phase 1\u00a0: le trafic sera orient\u00e9 via la RN444 et le p\u00e9riph\u00e9rique int\u00e9rieur jusqu\u2019\u00e0 la Porte d\u2019Orvault.<\/p>\n<p>?? Phase 2\u00a0: les usagers se dirigeant vers Vannes devront emprunter le p\u00e9riph\u00e9rique ext\u00e9rieur (RN844) ou, depuis le giratoire du \u00ab\u00a0Croisy\u00a0\u00bb, la VM75 et la RN444\u00a0jusqu\u2019\u00e0 l\u2019\u00e9changeur de \u00ab\u00a0la Guillocherie\u00a0\u00bb.<\/p>\n<p>Fermeture de la RN165 en direction de Nantes\u00a0:<\/p>\n<p>\t<img decoding=\"async\" src=\"https:\/\/www.europesays.com\/fr\/wp-content\/uploads\/2025\/05\/P35203481D6789520G_px_640_.jpg\" alt=\"photo du 12\u00a0mai 10\u00a0h au 28\u00a0mai 2025 16\u00a0h, 24h\/24, week-end compris.  \u00a9  diro\" width=\"640\" title=\" Du 12\u00a0mai 10\u00a0h au 28\u00a0mai 2025 16\u00a0h, 24h\/24, week-end compris.   Diro \"\/><\/p>\n<p class=\"elmt-legende\"> Du 12\u00a0mai 10\u00a0h au 28\u00a0mai 2025 16\u00a0h, 24h\/24, week-end compris.   Diro <\/p>\n<p>Fermeture de la RN 165 en direction de Vannes\u00a0:<\/p>\n<p>\t<img decoding=\"async\" src=\"https:\/\/www.europesays.com\/fr\/wp-content\/uploads\/2025\/05\/P35203482D6789520G_px_640_.jpg\" alt=\"photo du 2\u00a0juin 10\u00a0h au 27\u00a0juin 16\u00a0h, 24\/24, week-end compris.  \u00a9  diro\" width=\"640\" title=\" Du 2\u00a0juin 10\u00a0h au 27\u00a0juin 16\u00a0h, 24\/24, week-end compris.   Diro \"\/><\/p>\n<p class=\"elmt-legende\"> Du 2\u00a0juin 10\u00a0h au 27\u00a0juin 16\u00a0h, 24\/24, week-end compris.   Diro <\/p>\n<p>Bouchons attendus<\/p>\n<p>Ces fermetures occasionneront d\u2019importants <strong>ralentissements<\/strong>, en particulier aux <strong>heures de pointe<\/strong>. Bison Fut\u00e9 vous encourage donc \u00e0 consulter les conditions de circulation en temps r\u00e9el et \u00e0 respecter les consignes de s\u00e9curit\u00e9.<\/p>\n<p>? Plus d\u2019infos.\u00a0RN 165 \u2013 Sautron\u00a0: <a href=\"https:\/\/www.dir.ouest.developpement-durable.gouv.fr\/rn-165-sautron-un-chantier-de-renovation-de-a1832.html\" target=\"_blank\" rel=\"noopener\">r\u00e9novation de chauss\u00e9e du 12\u00a0mai au 27\u00a0juin\u00a0: perturbations importantes attendues sur la RN165 et le p\u00e9riph\u00e9rique nantais<\/a>. Info Trafic\u00a0: <a href=\"https:\/\/www.bison-fute.gouv.fr\/\" target=\"_blank\" rel=\"noopener\">Bison fut\u00e9<\/a>.<\/p>\n<p>\u00a0<\/p>\n","protected":false},"excerpt":{"rendered":"Du lundi 12\u00a0mai au vendredi 27\u00a0juin 2025, des travaux de r\u00e9novation sur l\u2019A82 et la RN165\u00a0entra\u00eeneront des fermetures&hellip;\n","protected":false},"author":2,"featured_media":68930,"comment_status":"","ping_status":"","sticky":false,"template":"","format":"standard","meta":{"footnotes":""},"categories":[2818],"tags":[6888,14016,1111,11,17075,5913,10799,1777,674,12009,1011,27,3687,2565,766,12,626,2636,25,11616,1097,3165],"class_list":{"0":"post-68929","1":"post","2":"type-post","3":"status-publish","4":"format-standard","5":"has-post-thumbnail","7":"category-nantes","8":"tag-6888","9":"tag-14016","10":"tag-actu","11":"tag-actualites","12":"tag-anticiper","13":"tag-axe","14":"tag-complique","15":"tag-eu","16":"tag-europe","17":"tag-fermees","18":"tag-fr","19":"tag-france","20":"tag-juin","21":"tag-mai","22":"tag-nantes","23":"tag-news","24":"tag-paris","25":"tag-pays-de-la-loire","26":"tag-republique-francaise","27":"tag-routes","28":"tag-trafic","29":"tag-vannes"},"share_on_mastodon":{"url":"https:\/\/pubeurope.com\/@fr\/114437389299023201","error":""},"_links":{"self":[{"href":"https:\/\/www.europesays.com\/fr\/wp-json\/wp\/v2\/posts\/68929","targetHints":{"allow":["GET"]}}],"collection":[{"href":"https:\/\/www.europesays.com\/fr\/wp-json\/wp\/v2\/posts"}],"about":[{"href":"https:\/\/www.europesays.com\/fr\/wp-json\/wp\/v2\/types\/post"}],"author":[{"embeddable":true,"href":"https:\/\/www.europesays.com\/fr\/wp-json\/wp\/v2\/users\/2"}],"replies":[{"embeddable":true,"href":"https:\/\/www.europesays.com\/fr\/wp-json\/wp\/v2\/comments?post=68929"}],"version-history":[{"count":0,"href":"https:\/\/www.europesays.com\/fr\/wp-json\/wp\/v2\/posts\/68929\/revisions"}],"wp:featuredmedia":[{"embeddable":true,"href":"https:\/\/www.europesays.com\/fr\/wp-json\/wp\/v2\/media\/68930"}],"wp:attachment":[{"href":"https:\/\/www.europesays.com\/fr\/wp-json\/wp\/v2\/media?parent=68929"}],"wp:term":[{"taxonomy":"category","embeddable":true,"href":"https:\/\/www.europesays.com\/fr\/wp-json\/wp\/v2\/categories?post=68929"},{"taxonomy":"post_tag","embeddable":true,"href":"https:\/\/www.europesays.com\/fr\/wp-json\/wp\/v2\/tags?post=68929"}],"curies":[{"name":"wp","href":"https:\/\/api.w.org\/{rel}","templated":true}]}}