{"id":68931,"date":"2025-05-02T08:52:13","date_gmt":"2025-05-02T08:52:13","guid":{"rendered":"https:\/\/www.europesays.com\/fr\/68931\/"},"modified":"2025-05-02T08:52:13","modified_gmt":"2025-05-02T08:52:13","slug":"bordeaux-quelles-perturbations-et-solutions-pour-vous-deplacer-pendant-les-travaux-du-pont-de-pierre-et-du-reseau-tbm-cet-ete","status":"publish","type":"post","link":"https:\/\/www.europesays.com\/fr\/68931\/","title":{"rendered":"Bordeaux : quelles perturbations et solutions pour vous d\u00e9placer pendant les travaux du Pont de Pierre et du r\u00e9seau TBM cet \u00e9t\u00e9"},"content":{"rendered":"<p><img decoding=\"async\" class=\"\" style=\"width:100%\" src=\"https:\/\/www.europesays.com\/fr\/wp-content\/uploads\/2025\/05\/17268.jpeg\" alt=\"Les travaux pr\u00e9vus sur le pont de Pierre vont durer trois \u00e9t\u00e9s\"\/><\/p>\n<p>Les travaux pr\u00e9vus sur le pont de Pierre vont durer trois \u00e9t\u00e9s<\/p>\n<p>Cr\u00e9dit : pixabay<\/p>\n<p>\u00ab\u00a0Sauvons le Pont de Pierre\u00a0\u00bb C&rsquo;est le message pass\u00e9 par Bordeaux M\u00e9tropole. <strong>L&rsquo;\u00e9difice construit entre 1810 et 1822 sur ordre de Napol\u00e9on 1er<\/strong> vient de souffler ses 202 bougies et montre des signes de faiblesse depuis maintenant 1981. Malgr\u00e9 <strong>la fermeture du pont aux voitures depuis juillet 2018<\/strong>, le pont continu de <strong>s&rsquo;affaisser sur lui m\u00eame de 4 \u00e0 5 mm chaque ann\u00e9e<\/strong>. Avec \u00e7a, des infiltrations d&rsquo;eau g\u00e9n\u00e9ralis\u00e9es d\u00e9gradent progressivement la ma\u00e7onnerie et la base du pont est victime de l&rsquo;\u00e9rosion de la Garonne. Il est donc temps d&rsquo;entreprendre des travaux de maintenance. Travaux qui vont \u00eatre r\u00e9partis sur trois ans, \u00e0 chaque fois sur la p\u00e9riode estivale. Pour 2025 entre le 2 juin et le 31 ao\u00fbt et puis pour 2026 et 2027 sur les mois de juillet et ao\u00fbt.<\/p>\n<p>\u00a0<\/p>\n<p>Un tron\u00e7on du tram A coup\u00e9 chaque \u00e9t\u00e9<\/p>\n<p><strong>Si les taxis et bus<\/strong> ne pourront pas passer sur le pont le temps des travaux, \u00e7a sera la m\u00eame chose pour le Tram A. Et TBM va profiter de cette p\u00e9riode de travaux sur le pont pour r\u00e9aliser de multiples chantiers.<\/p>\n<p><strong>De nouveaux aiguillages seront install\u00e9s au niveau de la Porte de Bourgogne<\/strong> pour permettre d&rsquo;abord une meilleure flexibilit\u00e9 pour permettre aux rames de tram de rejoindre plus facilement les diff\u00e9rents d\u00e9p\u00f4ts en cas de dysfonctionnement du r\u00e9seau pour \u00e9viter de bloquer le r\u00e9seau.\u00a0<\/p>\n<p>Mais surtout, ces nouveaux aiguillages vont permettre de cr\u00e9er les deux nouvelles lignes qui devraient \u00eatre mises en service \u00e0 la fin de l&rsquo;ann\u00e9e 2025 : <strong>la ligne E<\/strong> entre Floirac et Gare de Blanquefort et <strong>la Ligne<\/strong> F entre la Gare de B\u00e8gles et l&rsquo;a\u00e9roport de Bordeaux M\u00e9rignac.<\/p>\n<p>\u00a0<\/p>\n<p>Comment circuler pendant les travaux en transport en commun ?<\/p>\n<p><strong>Tram A interruption entre les stations Sainte-Catherine et Stalingrad<\/strong> : renforcement des Lianes 6, 16 et 31et du bus de la ligne 27. La travers\u00e9e du pont sera possible \u00e0 pied et en v\u00e9lo. La proposition de v\u00e9los en libre-service de TBM sera aussi renforc\u00e9e autour du pont. Les navettes fluviales, le Bato, feront aussi trois allers-retours suppl\u00e9mentaires par heure entre Quinconces et Stalingrad.<\/p>\n<p><strong>Tram A interruption entre le Haillan Rostand et M\u00e9rignac Centre<\/strong> : mise en place de bus relais. Renforcement des Lianes 16 et des lignes de bus 30 et 34.\u00a0<\/p>\n<p><strong>Tram C et D entre Qinconces et Carle Vernet et entre Quinconces et Villenave Pyr\u00e9n\u00e9es<\/strong> : des bus relais seront mis en place entre Quinconces et Villenave Pyr\u00e9n\u00e9es avec des terminus partiels au niveau de Terres Neuves afin de renforcer la section centre-ville de Bordeaux. La liaison Gare Saint-Jean\/centre-ville sera aussi renforc\u00e9 avec la ligne de Bus Express G. Les Lianes 5, 6, 15 et 35 seront aussi renforc\u00e9es pour l&rsquo;occasion.\u00a0<\/p>\n<p>Il sera aussi possible d&rsquo;utiliser le <strong>RER M\u00e9tropolitain sur plusieurs tron\u00e7ons<\/strong> :<\/p>\n<p>&#8211; Cenon gare\/Gare Saint-Jean<\/p>\n<p>&#8211; Bassens\/Gare Saint-Jean<\/p>\n<p>&#8211; La Grave d&rsquo;Ambar\u00e8s\/Gare Saint-Jean<\/p>\n<p>&#8211; La Gorp (Ambar\u00e8s)\/Pessac Alouette<\/p>\n<p>TBM met en place pour l&rsquo;occasion un site d\u00e9di\u00e9 <a href=\"https:\/\/tbm2025.infotbm.com\" rel=\"noopener nofollow\" target=\"_blank\">tbm2025.infotbm.com<\/a> qui permettra de pr\u00e9parer vos trajets \u00e0 l&rsquo;aide d&rsquo;un calculateur d&rsquo;itin\u00e9raire qui est d\u00e9sormais disponible en fran\u00e7ais, anglais et espagnol. Un point info est aussi mis \u00e0 disposition des usagers \u00e0 la Maison Ecocitoyenne.<\/p>\n","protected":false},"excerpt":{"rendered":"Les travaux pr\u00e9vus sur le pont de Pierre vont durer trois \u00e9t\u00e9s Cr\u00e9dit : pixabay \u00ab\u00a0Sauvons le Pont&hellip;\n","protected":false},"author":2,"featured_media":68932,"comment_status":"","ping_status":"","sticky":false,"template":"","format":"standard","meta":{"footnotes":""},"categories":[2817],"tags":[1111,11,17081,17087,4402,17079,1997,2904,7048,1777,674,17077,1011,27,8768,17080,2905,4999,17085,12304,17088,12,2219,25,17089,2215,7952,926,17082,17083,17084,208,17086,17076,17078],"class_list":{"0":"post-68931","1":"post","2":"type-post","3":"status-publish","4":"format-standard","5":"has-post-thumbnail","7":"category-bordeaux","8":"tag-actu","9":"tag-actualites","10":"tag-aeroport-bordeaux-merignac","11":"tag-bato","12":"tag-begles","13":"tag-blanquefort","14":"tag-bordeaux","15":"tag-bordeaux-metropole","16":"tag-bus","17":"tag-eu","18":"tag-europe","19":"tag-floirac","20":"tag-fr","21":"tag-france","22":"tag-gare-saint-jean","23":"tag-gare-saint-jean-de-bordeaux","24":"tag-gironde","25":"tag-keolis","26":"tag-lianes","27":"tag-merignac","28":"tag-navette-fluviale","29":"tag-news","30":"tag-nouvelle-aquitaine","31":"tag-republique-francaise","32":"tag-rer-metropolitain","33":"tag-sncf","34":"tag-tbm","35":"tag-train","36":"tag-tram-a","37":"tag-tram-c","38":"tag-tram-d","39":"tag-velo","40":"tag-velo-en-libre-service","41":"tag-ville-de-bordeaux","42":"tag-villenave-dornon"},"share_on_mastodon":{"url":"","error":"Validation failed: Text character limit of 500 exceeded"},"_links":{"self":[{"href":"https:\/\/www.europesays.com\/fr\/wp-json\/wp\/v2\/posts\/68931","targetHints":{"allow":["GET"]}}],"collection":[{"href":"https:\/\/www.europesays.com\/fr\/wp-json\/wp\/v2\/posts"}],"about":[{"href":"https:\/\/www.europesays.com\/fr\/wp-json\/wp\/v2\/types\/post"}],"author":[{"embeddable":true,"href":"https:\/\/www.europesays.com\/fr\/wp-json\/wp\/v2\/users\/2"}],"replies":[{"embeddable":true,"href":"https:\/\/www.europesays.com\/fr\/wp-json\/wp\/v2\/comments?post=68931"}],"version-history":[{"count":0,"href":"https:\/\/www.europesays.com\/fr\/wp-json\/wp\/v2\/posts\/68931\/revisions"}],"wp:featuredmedia":[{"embeddable":true,"href":"https:\/\/www.europesays.com\/fr\/wp-json\/wp\/v2\/media\/68932"}],"wp:attachment":[{"href":"https:\/\/www.europesays.com\/fr\/wp-json\/wp\/v2\/media?parent=68931"}],"wp:term":[{"taxonomy":"category","embeddable":true,"href":"https:\/\/www.europesays.com\/fr\/wp-json\/wp\/v2\/categories?post=68931"},{"taxonomy":"post_tag","embeddable":true,"href":"https:\/\/www.europesays.com\/fr\/wp-json\/wp\/v2\/tags?post=68931"}],"curies":[{"name":"wp","href":"https:\/\/api.w.org\/{rel}","templated":true}]}}