{"id":689362,"date":"2026-01-26T01:54:23","date_gmt":"2026-01-26T01:54:23","guid":{"rendered":"https:\/\/www.europesays.com\/fr\/689362\/"},"modified":"2026-01-26T01:54:23","modified_gmt":"2026-01-26T01:54:23","slug":"le-discours-offensif-du-procureur-et-du-president-du-tribunal","status":"publish","type":"post","link":"https:\/\/www.europesays.com\/fr\/689362\/","title":{"rendered":"le discours offensif du procureur et du pr\u00e9sident du tribunal"},"content":{"rendered":"<p>D\u2019humeur taquine, le procureur de Marseille, Nicolas Bessone, a termin\u00e9 jeudi son discours de rentr\u00e9e solennelle en assurant au pr\u00e9sident du tribunal judiciaire de Marseille, Olivier Leurent, et plus g\u00e9n\u00e9ralement \u00e0 tous les magistrats en poste, qu\u2019ils \u00ab\u00a0ne marcheront jamais seuls\u00a0\u00bb. C\u2019est-\u00e0-dire <a href=\"https:\/\/www.laprovence.com\/article\/om\/2435992183066614\/om-liverpool-0-3-rouge-de-honte-ou-limpuissance-olympienne-dans-un-velodrome-en-fusion\" target=\"_blank\" rel=\"noopener\">l\u2019hymne des Reds de Liverpool, qui ont corrig\u00e9 l\u2019OM<\/a> mercredi soir au V\u00e9lodrome en pr\u00e9sence, pour la premi\u00e8re fois, d\u2019Olivier Leurent. Mais derri\u00e8re l\u2019humour de circonstance, la gravit\u00e9 se fraye rapidement un chemin\u00a0: \u00ab\u00a0Dans la lutte contre le narcotrafic, la police judiciaire et la gendarmerie sont tr\u00e8s mobilis\u00e9es et d\u2019une efficacit\u00e9 redoutable. Sur les ann\u00e9es de\u00a02021 \u00e0\u00a02024, <a href=\"https:\/\/www.laprovence.com\/article\/faits-divers-justice\/3200487470408915\/guerre-de-la-drogue-a-marseille-la-procureure-dominique-laurens-invente-le-narchomicide\" target=\"_blank\" rel=\"noopener\">le taux d\u2019\u00e9lucidation des narchomicides<\/a> est de 66%. C\u2019est historique\u00a0\u00bb, d\u00e9taille Nicolas Bessone. \u00ab\u00a0Ces deux derni\u00e8res ann\u00e9es, nous sommes pass\u00e9s de 49 morts en\u00a02023, \u00e0 24 en\u00a02024 et \u00e0 16 en\u00a02025. C\u2019est aussi le r\u00e9sultat de l\u2019arrestation d\u2019\u00e9quipes de tueurs avant qu\u2019elles ne passent \u00e0 l\u2019acte\u00a0\u00bb, souligne-t-il devant un parterre d\u2019\u00e9lus et de\u00a0grad\u00e9s de la police et de la gendarmerie rassembl\u00e9s dans la grande salle du tribunal de commerce.<\/p>\n<p>Dans un contexte o\u00f9 plusieurs conflits persistent, et d\u2019autres menacent d\u2019\u00e9clater, l\u2019<a href=\"https:\/\/www.laprovence.com\/article\/region\/34123803554733\/marseille-un-nouveau-procureur-de-la-republique-a-la-reputation-de-redoutable-adversaire-du-crime-organise\" target=\"_blank\" rel=\"noopener\">exp\u00e9ri<\/a>&#8230;<\/p>\n","protected":false},"excerpt":{"rendered":"D\u2019humeur taquine, le procureur de Marseille, Nicolas Bessone, a termin\u00e9 jeudi son discours de rentr\u00e9e solennelle en assurant&hellip;\n","protected":false},"author":2,"featured_media":689363,"comment_status":"","ping_status":"","sticky":false,"template":"","format":"standard","meta":{"footnotes":""},"categories":[2814],"tags":[5734,1111,11,854,271,154,8254,1777,674,274,1011,27,884,12,9271,13481,882,25],"class_list":{"0":"post-689362","1":"post","2":"type-post","3":"status-publish","4":"format-standard","5":"has-post-thumbnail","7":"category-marseille","8":"tag-5734","9":"tag-actu","10":"tag-actualites","11":"tag-coups","12":"tag-crime","13":"tag-des","14":"tag-discours","15":"tag-eu","16":"tag-europe","17":"tag-faits-divers-justice","18":"tag-fr","19":"tag-france","20":"tag-marseille","21":"tag-news","22":"tag-organise","23":"tag-porter","24":"tag-provence-alpes-cote-dazur","25":"tag-republique-francaise"},"share_on_mastodon":{"url":"https:\/\/pubeurope.com\/@fr\/115958911000570719","error":""},"_links":{"self":[{"href":"https:\/\/www.europesays.com\/fr\/wp-json\/wp\/v2\/posts\/689362","targetHints":{"allow":["GET"]}}],"collection":[{"href":"https:\/\/www.europesays.com\/fr\/wp-json\/wp\/v2\/posts"}],"about":[{"href":"https:\/\/www.europesays.com\/fr\/wp-json\/wp\/v2\/types\/post"}],"author":[{"embeddable":true,"href":"https:\/\/www.europesays.com\/fr\/wp-json\/wp\/v2\/users\/2"}],"replies":[{"embeddable":true,"href":"https:\/\/www.europesays.com\/fr\/wp-json\/wp\/v2\/comments?post=689362"}],"version-history":[{"count":0,"href":"https:\/\/www.europesays.com\/fr\/wp-json\/wp\/v2\/posts\/689362\/revisions"}],"wp:featuredmedia":[{"embeddable":true,"href":"https:\/\/www.europesays.com\/fr\/wp-json\/wp\/v2\/media\/689363"}],"wp:attachment":[{"href":"https:\/\/www.europesays.com\/fr\/wp-json\/wp\/v2\/media?parent=689362"}],"wp:term":[{"taxonomy":"category","embeddable":true,"href":"https:\/\/www.europesays.com\/fr\/wp-json\/wp\/v2\/categories?post=689362"},{"taxonomy":"post_tag","embeddable":true,"href":"https:\/\/www.europesays.com\/fr\/wp-json\/wp\/v2\/tags?post=689362"}],"curies":[{"name":"wp","href":"https:\/\/api.w.org\/{rel}","templated":true}]}}