{"id":689382,"date":"2026-01-26T02:05:30","date_gmt":"2026-01-26T02:05:30","guid":{"rendered":"https:\/\/www.europesays.com\/fr\/689382\/"},"modified":"2026-01-26T02:05:30","modified_gmt":"2026-01-26T02:05:30","slug":"chasse-aux-petroliers-fantomes-russes-zelensky-veut-mieux-proteger-le-ciel-ukrainien","status":"publish","type":"post","link":"https:\/\/www.europesays.com\/fr\/689382\/","title":{"rendered":"Chasse aux p\u00e9troliers fant\u00f4mes russes, Zelensky veut mieux prot\u00e9ger le ciel ukrainien"},"content":{"rendered":"<p>Vous avez rat\u00e9 les derniers \u00e9v\u00e9nements sur la <a href=\"https:\/\/www.20minutes.fr\/monde\/ukraine\/\" class=\"c-link c-link--is-underlined\" target=\"_blank\" rel=\"noopener\">guerre en Ukraine<\/a>\u00a0? 20 Minutes fait le point pour vous tous les soirs. Voici l\u2019essentiel de ce dimanche 25\u00a0janvier, au 1.431e jour du conflit.<\/p>\n<p>Le fait du jour<\/p>\n<p>Deuxi\u00e8me p\u00e9trolier soup\u00e7onn\u00e9 d\u2019appartenir \u00e0 la flotte fant\u00f4me russe arraisonn\u00e9 par la Marine fran\u00e7aise, <a href=\"https:\/\/www.20minutes.fr\/monde\/ukraine\/4197618-20260123-sait-grinch-petrolier-russe-arraisonne-marine-francaise\" class=\"c-link c-link--is-underlined\" target=\"_blank\" rel=\"noopener\">le Grinch<\/a> a vu son capitaine indien, \u00e2g\u00e9 de 58 ans, \u00eatre <a href=\"https:\/\/www.20minutes.fr\/societe\/4197865-20260125-petrolier-grinch-soupconne-appartenir-flotte-fantome-russe-mis-disposition-justice-francaise\" class=\"c-link c-link--is-underlined\" target=\"_blank\" rel=\"noopener\">plac\u00e9 en garde \u00e0 vue<\/a> samedi soir.<\/p>\n<\/p>\n<p>Trois jours apr\u00e8s la <a href=\"https:\/\/www.20minutes.fr\/monde\/4197749-20260123-flotte-fantome-russe-petrolier-arrete-france-transporte-vers-port-marseille\" class=\"c-link c-link--is-underlined\" target=\"_blank\" rel=\"noopener\">spectaculaire op\u00e9ration des commandos<\/a> marine fran\u00e7ais, h\u00e9liport\u00e9s sur le p\u00e9trolier, la justice marseillaise a pris le relais et a d\u00e9but\u00e9 les investigations dans le cadre de l\u2019enqu\u00eate pr\u00e9liminaire pour d\u00e9faut de pavillon ouverte jeudi.<\/p>\n<p>Les enqu\u00eateurs la section de recherches de la gendarmerie maritime de Toulon et le centre de s\u00e9curit\u00e9 des navires de <a href=\"https:\/\/www.20minutes.fr\/marseille\/\" class=\"c-link c-link--is-underlined\" target=\"_blank\" rel=\"noopener\">Marseille<\/a> doivent proc\u00e9der \u00e0 un certain nombre de v\u00e9rifications, notamment \u00e0 bord du Grinch, pour contr\u00f4ler les documents de navigation ainsi que \u00ab\u00a0la validit\u00e9 du pavillon\u00a0\u00bb, a indiqu\u00e9 le parquet de Marseille. L\u2019\u00e9quipage, \u00ab\u00a0\u00e9galement de nationalit\u00e9 indienne\u00a0\u00bb est \u00ab\u00a0maintenu \u00e0 bord\u00a0\u00bb du p\u00e9trolier, a pr\u00e9cis\u00e9 la m\u00eame source.<\/p>\n<p>Le chiffre du jour<\/p>\n<p>1.676. C\u2019est le nombre de grands immeubles r\u00e9sidentiels qui sont <a href=\"https:\/\/www.20minutes.fr\/monde\/ukraine\/4197212-20260122-guerre-ukraine-certains-appartements-affichent-5-kiev-habitants-tentent-survivre-froid\" class=\"c-link c-link--is-underlined\" target=\"_blank\" rel=\"noopener\">priv\u00e9s de chauffage \u00e0 Kiev<\/a>. La Russie bombarde sans rel\u00e2che les centrales et le r\u00e9seau \u00e9lectriques de l\u2019Ukraine, plongeant des centaines de milliers d\u2019Ukrainiens dans le noir et dans le froid en plein hiver, conduisant <a href=\"https:\/\/www.20minutes.fr\/monde\/volodymyr-zelensky\/\" class=\"c-link c-link--is-underlined\" target=\"_blank\" rel=\"noopener\">Volodymyr Zelensky<\/a> \u00e0 d\u00e9cr\u00e9ter l\u2019\u00e9tat d\u2019urgence dans le secteur de l\u2019\u00e9nergie. Des \u00e9quipes travaillent 24 heures sur 24 pour r\u00e9tablir le chauffage et l\u2019\u00e9lectricit\u00e9, mais le gel et les frappes a\u00e9riennes r\u00e9p\u00e9t\u00e9es entravent leurs efforts.<\/p>\n<p>La d\u00e9claration du jour<\/p>\n<blockquote class=\"mx-m@xs mx-xxl@md color-ultramarine c-citation\">\n<p class=\"font-weight-regular@xs text-italic font-source-serif-pro text-l@xs c-citation__content\">\u00ab\u00a0Des missiles pour les syst\u00e8mes de d\u00e9fense antia\u00e9rienne sont n\u00e9cessaires chaque jour.\u00a0\u00bb<\/p>\n<\/blockquote>\n<p>Le pr\u00e9sident ukrainien a r\u00e9clam\u00e9 dimanche \u00e0 ses alli\u00e9s plus de moyens de d\u00e9fense antia\u00e9rienne, face aux frappes russes. \u00ab\u00a0Rien que cette semaine, les Russes ont lanc\u00e9 plus de 1.700 drones d\u2019attaque, plus de 1.380 bombes a\u00e9riennes guid\u00e9es et 69 missiles de divers types\u00a0\u00bb, a d\u00e9clar\u00e9 Volodymyr Zelensky en arrivant \u00e0 Vilnius dimanche pour des comm\u00e9morations officielles.<\/p>\n<p>\u00ab\u00a0C\u2019est pourquoi des missiles pour les syst\u00e8mes de d\u00e9fense antia\u00e9rienne sont n\u00e9cessaires chaque jour et nous continuons de travailler avec les Etats-Unis et l\u2019Europe pour faire en sorte d\u2019assurer une meilleure protection de notre ciel\u00a0\u00bb, a-t-il ajout\u00e9.<\/p>\n<p>La tendance<\/p>\n<p>Les <a href=\"https:\/\/www.20minutes.fr\/monde\/ukraine\/4197573-20260123-direct-guerre-ukraine-reunion-inedite-entre-russes-ukrainiens-americains-abou-dhabi\" class=\"c-link c-link--is-underlined\" target=\"_blank\" rel=\"noopener\">pourparlers<\/a> entre d\u00e9l\u00e9gations ukrainienne, russe et am\u00e9ricaine se sont achev\u00e9s samedi \u00e0 Abou Dhabi apr\u00e8s des discussions \u00ab\u00a0constructives\u00a0\u00bb selon le pr\u00e9sident ukrainien, avant <a href=\"https:\/\/www.20minutes.fr\/monde\/ukraine\/4197818-20260124-guerre-ukraine-kiev-moscou-vont-continuer-parler-otan-veut-zone-defense-automatisee\" class=\"c-link c-link--is-underlined\" target=\"_blank\" rel=\"noopener\">de nouvelles discussions la semaine prochaine<\/a>. \u00ab\u00a0Beaucoup de choses ont \u00e9t\u00e9 discut\u00e9es et il est important que les discussions aient \u00e9t\u00e9 constructives\u00a0\u00bb, a dit Volodymyr Zelensky sur X.<\/p>\n<p><a href=\"https:\/\/www.20minutes.fr\/monde\/ukraine\/\" class=\"c-link c-btn c-btn--primary\" target=\"_blank\" rel=\"noopener\">Tout notre dossier sur la guerre en Ukraine<\/a><\/p>\n<p>Les discussions reprendront \u00e0 Abou Dhabi le 1er\u00a0f\u00e9vrier, a indiqu\u00e9 un responsable am\u00e9ricain, ajoutant\u00a0: \u00ab\u00a0Je pense que r\u00e9unir tout le monde \u00e9tait une \u00e9tape importante.\u00a0\u00bb \u00ab\u00a0Je pense que cela confirme le fait que [\u2026] beaucoup de progr\u00e8s a \u00e9t\u00e9 fait \u00e0 ce jour pour d\u00e9finir pr\u00e9cis\u00e9ment les d\u00e9tails n\u00e9cessaires pour parvenir \u00e0 une conclusion\u00a0\u00bb, a-t-il ajout\u00e9.<\/p>\n<p>Ces pourparlers sont les premi\u00e8res n\u00e9gociations directes connues entre Moscou et Kiev sur le plan am\u00e9ricain de r\u00e8glement de cette guerre qui a fait des dizaines de milliers de morts depuis\u00a02022, mais \u00e0 Kiev, les habitants \u00e9puis\u00e9s manquent d\u2019espoir.<\/p>\n<p><\/p>\n","protected":false},"excerpt":{"rendered":"Vous avez rat\u00e9 les derniers \u00e9v\u00e9nements sur la guerre en Ukraine\u00a0? 20 Minutes fait le point pour vous&hellip;\n","protected":false},"author":2,"featured_media":689383,"comment_status":"","ping_status":"","sticky":false,"template":"","format":"standard","meta":{"footnotes":""},"categories":[1590],"tags":[47,11,1777,674,131,74,12,844,132,220,134],"class_list":{"0":"post-689382","1":"post","2":"type-post","3":"status-publish","4":"format-standard","5":"has-post-thumbnail","7":"category-ukraine","8":"tag-actualite","9":"tag-actualites","10":"tag-eu","11":"tag-europe","12":"tag-guerre-en-ukraine","13":"tag-monde","14":"tag-news","15":"tag-petrole","16":"tag-russie","17":"tag-ukraine","18":"tag-volodymyr-zelensky"},"share_on_mastodon":{"url":"https:\/\/pubeurope.com\/@fr\/115958954462586349","error":""},"_links":{"self":[{"href":"https:\/\/www.europesays.com\/fr\/wp-json\/wp\/v2\/posts\/689382","targetHints":{"allow":["GET"]}}],"collection":[{"href":"https:\/\/www.europesays.com\/fr\/wp-json\/wp\/v2\/posts"}],"about":[{"href":"https:\/\/www.europesays.com\/fr\/wp-json\/wp\/v2\/types\/post"}],"author":[{"embeddable":true,"href":"https:\/\/www.europesays.com\/fr\/wp-json\/wp\/v2\/users\/2"}],"replies":[{"embeddable":true,"href":"https:\/\/www.europesays.com\/fr\/wp-json\/wp\/v2\/comments?post=689382"}],"version-history":[{"count":0,"href":"https:\/\/www.europesays.com\/fr\/wp-json\/wp\/v2\/posts\/689382\/revisions"}],"wp:featuredmedia":[{"embeddable":true,"href":"https:\/\/www.europesays.com\/fr\/wp-json\/wp\/v2\/media\/689383"}],"wp:attachment":[{"href":"https:\/\/www.europesays.com\/fr\/wp-json\/wp\/v2\/media?parent=689382"}],"wp:term":[{"taxonomy":"category","embeddable":true,"href":"https:\/\/www.europesays.com\/fr\/wp-json\/wp\/v2\/categories?post=689382"},{"taxonomy":"post_tag","embeddable":true,"href":"https:\/\/www.europesays.com\/fr\/wp-json\/wp\/v2\/tags?post=689382"}],"curies":[{"name":"wp","href":"https:\/\/api.w.org\/{rel}","templated":true}]}}