{"id":689404,"date":"2026-01-26T02:22:11","date_gmt":"2026-01-26T02:22:11","guid":{"rendered":"https:\/\/www.europesays.com\/fr\/689404\/"},"modified":"2026-01-26T02:22:11","modified_gmt":"2026-01-26T02:22:11","slug":"cyclo-cross-cyclo-cross-coupe-du-monde","status":"publish","type":"post","link":"https:\/\/www.europesays.com\/fr\/689404\/","title":{"rendered":"Cyclo-cross. Cyclo-cross. Coupe du Monde"},"content":{"rendered":"<p>Dans le sillage de son co\u00e9quipier\u00a0<strong><a href=\"https:\/\/www.cyclismactu.net\/..\/news-cyclo-cross-coupe-du-monde-van-der-poel-ecrit-histoire-hoogerheide-une-51e-victoire-91738.html\" target=\"_blank\" rel=\"noopener\">Mathieu Van der Poel<\/a><\/strong>,\u00a0<strong><a href=\"https:\/\/www.cyclismactu.net\/..\/\" target=\"_blank\" rel=\"noopener\">Tibor del Grosso<\/a><\/strong>\u00a0(Alpecin-Deceuninck) a r\u00e9alis\u00e9 une prestation solide pour conclure la saison en beaut\u00e9. Sur le trac\u00e9 exigeant d&rsquo;<strong><a href=\"https:\/\/www.cyclismactu.net\/..\/news-cyclo-cross-coupe-du-monde-dans-un-final-de-fou-puck-pieterse-double-mise-hoogerheide-91737.html\" target=\"_blank\" rel=\"noopener\">Hoogerheide<\/a><\/strong>, le Belge a fait preuve d&rsquo;une d\u00e9termination sans faille pour s&#8217;emparer de la deuxi\u00e8me place au sprint. Ce r\u00e9sultat permet \u00e0 son \u00e9quipe de signer un tripl\u00e9 retentissant, confirmant ainsi leur domination totale sur cette ultime manche. Il s&rsquo;est exprim\u00e9 apr\u00e8s sa performance.<\/p>\n<p>Vid\u00e9o &#8211;  Lire la suite de l&rsquo;article&#13;<br \/>\n&#13;<br \/>\n\u00ab\u00a0Je ne pensais pas du tout que la victoire au sprint serait pour moi quand j&rsquo;ai lanc\u00e9 mon effort\u00a0\u00bb&#13;<\/p>\n<p>\u00ab\u00a0C&rsquo;est un nouveau tripl\u00e9 pour l&rsquo;\u00e9quipe, comme hier, mais cette fois-ci le sprint \u00e9tait encore plus serr\u00e9. Je ne pensais pas du tout que la victoire au sprint serait pour moi quand j&rsquo;ai lanc\u00e9 mon effort\u00a0\u00bb, a-t-il d\u00e9clar\u00e9. \u00ab\u00a0Quand j&rsquo;ai acc\u00e9l\u00e9r\u00e9 \u00e0 la sortie du dernier virage, j&rsquo;ai senti que je n&rsquo;avais plus mes meilleures jambes.\u00a0Niels Vandeputte est revenu de nulle part \u00e0 la fin. C&rsquo;est vraiment sp\u00e9cial de finir \u00e0 nouveau tous les trois sur le podium, cela montre la force collective de l&rsquo;\u00e9quipe sur ce week-end de comp\u00e9tition.\u00a0\u00bb<\/p>\n","protected":false},"excerpt":{"rendered":"Dans le sillage de son co\u00e9quipier\u00a0Mathieu Van der Poel,\u00a0Tibor del Grosso\u00a0(Alpecin-Deceuninck) a r\u00e9alis\u00e9 une prestation solide pour conclure&hellip;\n","protected":false},"author":2,"featured_media":689405,"comment_status":"","ping_status":"","sticky":false,"template":"","format":"standard","meta":{"footnotes":""},"categories":[1411],"tags":[451,1154,207,59294,211,1011,27,60,210,212,208,213],"class_list":{"0":"post-689404","1":"post","2":"type-post","3":"status-publish","4":"format-standard","5":"has-post-thumbnail","7":"category-cyclisme","8":"tag-coupe-du-monde","9":"tag-cycling","10":"tag-cyclisme","11":"tag-cyclo-cross","12":"tag-ffc","13":"tag-fr","14":"tag-france","15":"tag-sports","16":"tag-tour-de-france","17":"tag-uci","18":"tag-velo","19":"tag-world-tour"},"share_on_mastodon":{"url":"https:\/\/pubeurope.com\/@fr\/115959021178686718","error":""},"_links":{"self":[{"href":"https:\/\/www.europesays.com\/fr\/wp-json\/wp\/v2\/posts\/689404","targetHints":{"allow":["GET"]}}],"collection":[{"href":"https:\/\/www.europesays.com\/fr\/wp-json\/wp\/v2\/posts"}],"about":[{"href":"https:\/\/www.europesays.com\/fr\/wp-json\/wp\/v2\/types\/post"}],"author":[{"embeddable":true,"href":"https:\/\/www.europesays.com\/fr\/wp-json\/wp\/v2\/users\/2"}],"replies":[{"embeddable":true,"href":"https:\/\/www.europesays.com\/fr\/wp-json\/wp\/v2\/comments?post=689404"}],"version-history":[{"count":0,"href":"https:\/\/www.europesays.com\/fr\/wp-json\/wp\/v2\/posts\/689404\/revisions"}],"wp:featuredmedia":[{"embeddable":true,"href":"https:\/\/www.europesays.com\/fr\/wp-json\/wp\/v2\/media\/689405"}],"wp:attachment":[{"href":"https:\/\/www.europesays.com\/fr\/wp-json\/wp\/v2\/media?parent=689404"}],"wp:term":[{"taxonomy":"category","embeddable":true,"href":"https:\/\/www.europesays.com\/fr\/wp-json\/wp\/v2\/categories?post=689404"},{"taxonomy":"post_tag","embeddable":true,"href":"https:\/\/www.europesays.com\/fr\/wp-json\/wp\/v2\/tags?post=689404"}],"curies":[{"name":"wp","href":"https:\/\/api.w.org\/{rel}","templated":true}]}}