{"id":689406,"date":"2026-01-26T02:23:15","date_gmt":"2026-01-26T02:23:15","guid":{"rendered":"https:\/\/www.europesays.com\/fr\/689406\/"},"modified":"2026-01-26T02:23:15","modified_gmt":"2026-01-26T02:23:15","slug":"leipzig-braque-la-ligue-2-avec-un-transfert-fou-a-21-millions-deuros","status":"publish","type":"post","link":"https:\/\/www.europesays.com\/fr\/689406\/","title":{"rendered":"Leipzig braque la Ligue 2 avec un transfert fou \u00e0 21 millions d&rsquo;euros"},"content":{"rendered":"<p>C\u2019est une recette que le RB Leipzig ma\u00eetrise sur le bout des doigts. Depuis des ann\u00e9es, l&rsquo;\u00e9curie allemande scrute l\u2019Hexagone \u00e0 la recherche des futurs patrons de la d\u00e9fense mondiale. Apr\u00e8s avoir poli des diamants comme Dayot Upamecano ou Ibrahima Konat\u00e9, la filiale Red Bull vient de jeter son d\u00e9volu sur le nouveau ph\u00e9nom\u00e8ne qui agite notre championnat.<\/p>\n<p>Alors que l&rsquo;AS Monaco tentait de griller la politesse \u00e0 tout le monde en activant une piste de \u00ab\u00a0joker\u00a0\u00bb, c&rsquo;est finalement en Bundesliga que le destin d&rsquo;Abdoul Kon\u00e9 va s&rsquo;\u00e9crire. Le d\u00e9fenseur central de 20 ans, pur produit francilien pass\u00e9 par l&rsquo;ACBB et le Racing, s&rsquo;est impos\u00e9 cette saison comme une \u00e9vidence sous les couleurs du Stade de Reims. Sa trajectoire fulgurante en \u00e9quipe de France U20 n&rsquo;a pas \u00e9chapp\u00e9 aux recruteurs allemands, venus l&rsquo;observer \u00e0 maintes reprises.<\/p>\n<p>Le prochain Upamecano ?<\/p>\n<p>Et le coup de force est total. Selon les informations du <a href=\"https:\/\/www.leparisien.fr\/sports\/football\/ligue-1\/mercato-reims-le-defenseur-abdoul-kone-tout-proche-de-leipzig-25-01-2026-OVNG7JSPT5BFBFREMHXJKOJ2GA.php\" target=\"_blank\" rel=\"noopener\">Parisien<\/a>, Reims est sur le point de boucler une op\u00e9ration XXL avoisinant les 21 millions d\u2019euros (bonus compris). Un montant vertigineux pour un joueur de cet \u00e9chelon, assorti d&rsquo;un pourcentage \u00e0 la revente.<\/p>\n<p>Pour ne rien g\u00e2cher, le club champenois a dict\u00e9 ses conditions, Leipzig ach\u00e8te le joueur imm\u00e9diatement, mais le laisse en pr\u00eat jusqu&rsquo;\u00e0 l&rsquo;\u00e9t\u00e9. Un deal gagnant-gagnant qui permet \u00e0 Kon\u00e9 de finir sa mission en Ligue 2 avant de s&rsquo;envoler vers l&rsquo;Allemagne, o\u00f9 un contrat de cinq ans, jusqu&rsquo;en 2031, l&rsquo;attend d\u00e9j\u00e0.<\/p>\n<p>   Partagez cette info avec vos amis et vos proches en cliquant ici<br \/> Pour r\u00e9sumer<\/p>\n<p>Le RB Leipzig recrute Abdoul Kon\u00e9, 20 ans, d\u00e9fenseur central du Stade de Reims, pour 21 M\u20ac (bonus inclus). Pr\u00eat\u00e9 jusqu\u2019\u00e0 l\u2019\u00e9t\u00e9 \u00e0 Reims, il signera ensuite un contrat de 5 ans en Allemagne, confirmant la strat\u00e9gie de Leipzig pour les talents fran\u00e7ais.<\/p>\n<p>R\u00e9dacteur<\/p>\n<p><img decoding=\"async\" width=\"76\" height=\"76\" loading=\"lazy\" src=\"https:\/\/www.europesays.com\/fr\/wp-content\/uploads\/2025\/04\/logo-antoine-chirat.jpg\" alt=\"Antoine Chirat\"\/><\/p>\n","protected":false},"excerpt":{"rendered":"C\u2019est une recette que le RB Leipzig ma\u00eetrise sur le bout des doigts. Depuis des ann\u00e9es, l&rsquo;\u00e9curie allemande&hellip;\n","protected":false},"author":2,"featured_media":689407,"comment_status":"","ping_status":"","sticky":false,"template":"","format":"standard","meta":{"footnotes":""},"categories":[1410],"tags":[63,1011,27,446,60,10662],"class_list":{"0":"post-689406","1":"post","2":"type-post","3":"status-publish","4":"format-standard","5":"has-post-thumbnail","7":"category-football","8":"tag-football","9":"tag-fr","10":"tag-france","11":"tag-ligue-2","12":"tag-sports","13":"tag-transferts"},"share_on_mastodon":{"url":"https:\/\/pubeurope.com\/@fr\/115959025138243449","error":""},"_links":{"self":[{"href":"https:\/\/www.europesays.com\/fr\/wp-json\/wp\/v2\/posts\/689406","targetHints":{"allow":["GET"]}}],"collection":[{"href":"https:\/\/www.europesays.com\/fr\/wp-json\/wp\/v2\/posts"}],"about":[{"href":"https:\/\/www.europesays.com\/fr\/wp-json\/wp\/v2\/types\/post"}],"author":[{"embeddable":true,"href":"https:\/\/www.europesays.com\/fr\/wp-json\/wp\/v2\/users\/2"}],"replies":[{"embeddable":true,"href":"https:\/\/www.europesays.com\/fr\/wp-json\/wp\/v2\/comments?post=689406"}],"version-history":[{"count":0,"href":"https:\/\/www.europesays.com\/fr\/wp-json\/wp\/v2\/posts\/689406\/revisions"}],"wp:featuredmedia":[{"embeddable":true,"href":"https:\/\/www.europesays.com\/fr\/wp-json\/wp\/v2\/media\/689407"}],"wp:attachment":[{"href":"https:\/\/www.europesays.com\/fr\/wp-json\/wp\/v2\/media?parent=689406"}],"wp:term":[{"taxonomy":"category","embeddable":true,"href":"https:\/\/www.europesays.com\/fr\/wp-json\/wp\/v2\/categories?post=689406"},{"taxonomy":"post_tag","embeddable":true,"href":"https:\/\/www.europesays.com\/fr\/wp-json\/wp\/v2\/tags?post=689406"}],"curies":[{"name":"wp","href":"https:\/\/api.w.org\/{rel}","templated":true}]}}