{"id":689426,"date":"2026-01-26T02:37:13","date_gmt":"2026-01-26T02:37:13","guid":{"rendered":"https:\/\/www.europesays.com\/fr\/689426\/"},"modified":"2026-01-26T02:37:13","modified_gmt":"2026-01-26T02:37:13","slug":"porte-par-lactualite-internationale-emmanuel-macron-gagne-deux-points-de-popularite","status":"publish","type":"post","link":"https:\/\/www.europesays.com\/fr\/689426\/","title":{"rendered":"Port\u00e9 par l\u2019actualit\u00e9 internationale, Emmanuel Macron gagne deux points de popularit\u00e9"},"content":{"rendered":"<p>Le malheur des uns fait le bonheur des autres. Face \u00e0 l\u2019actualit\u00e9 internationale agit\u00e9e, <a href=\"https:\/\/www.20minutes.fr\/politique\/emmanuel-macron\/\" class=\"c-link c-link--is-underlined\" target=\"_blank\" rel=\"noopener\">Emmanuel Macron<\/a> se porte mieux dans les sondages. Le pr\u00e9sident de la R\u00e9publique gagne deux points de popularit\u00e9 en janvier par rapport \u00e0 d\u00e9cembre, selon le barom\u00e8tre mensuel de l\u2019Ifop pour le journal L\u2019Opinion.<\/p>\n<\/p>\n<p>Selon ce sondage, 20\u00a0% des personnes interrog\u00e9es se disent satisfaites d\u2019Emmanuel Macron comme pr\u00e9sident de la R\u00e9publique. Dans le m\u00eame temps, son Premier ministre <a href=\"https:\/\/www.20minutes.fr\/politique\/sebastien-lecornu\/\" class=\"c-link c-link--is-underlined\" target=\"_blank\" rel=\"noopener\">S\u00e9bastien Lecornu<\/a>, qui esp\u00e8re faire d\u00e9finitivement adopter d\u2019ici d\u00e9but f\u00e9vrier le budget 2026, perd deux points avec 34\u00a0% de satisfaits.<\/p>\n<p>Avant apr\u00e8s Davos<\/p>\n<p>Cette enqu\u00eate a \u00e9t\u00e9 effectu\u00e9e en deux vagues, avant et apr\u00e8s le sommet de Davos au cours duquel <a href=\"https:\/\/www.20minutes.fr\/politique\/4197086-20260120-brutes-respect-groenland-faut-retenir-discours-macron-davos\" class=\"c-link c-link--is-underlined\" target=\"_blank\" rel=\"noopener\">Emmanuel Macron s\u2019est oppos\u00e9 \u00e0 Donald Trump<\/a> et \u00e0 ses projets d\u2019<a href=\"https:\/\/www.20minutes.fr\/monde\/4194785-20260109-groenland-face-reve-annexion-trump-habitants-ile-defendent-autonomie-faute-independance\" class=\"c-link c-link--is-underlined\" target=\"_blank\" rel=\"noopener\">annexion du Groenland<\/a>. Et les chiffres de popularit\u00e9 d\u2019Emmanuel Macron ont bondi lors de la deuxi\u00e8me vague, selon L\u2019Opinion.<\/p>\n<p><a href=\"https:\/\/www.20minutes.fr\/politique\/emmanuel-macron\/\" class=\"c-link c-btn c-btn--primary\" target=\"_blank\" rel=\"noopener\">Tous nos articles sur Emmanuel Macron<\/a><\/p>\n<p>\u00ab\u00a0Donald Trump appara\u00eet comme un adversaire qui lui permet de retrouver un peu d\u2019air et d\u2019audience\u00a0\u00bb, a estim\u00e9 le directeur g\u00e9n\u00e9ral de l\u2019Ifop Fr\u00e9d\u00e9ric Dabi, cit\u00e9 par le journal, tout en relevant que le chef de l\u2019Etat reste \u00ab\u00a0structurellement impopulaire\u00a0\u00bb.<\/p>\n<p>Ce barom\u00e8tre de l\u2019Ifop, fond\u00e9 en\u00a01958, est le plus ancien en France. Il est d\u00e9sormais publi\u00e9 par L\u2019Opinion apr\u00e8s l\u2019avoir longtemps \u00e9t\u00e9 par le Journal du Dimanche (JDD).<\/p>\n","protected":false},"excerpt":{"rendered":"Le malheur des uns fait le bonheur des autres. Face \u00e0 l\u2019actualit\u00e9 internationale agit\u00e9e, Emmanuel Macron se porte&hellip;\n","protected":false},"author":2,"featured_media":689427,"comment_status":"","ping_status":"","sticky":false,"template":"","format":"standard","meta":{"footnotes":""},"categories":[4],"tags":[47,11,32440,75,1073,1011,27,146,12,316,22676,25,11067],"class_list":{"0":"post-689426","1":"post","2":"type-post","3":"status-publish","4":"format-standard","5":"has-post-thumbnail","7":"category-france","8":"tag-actualite","9":"tag-actualites","10":"tag-davos","11":"tag-donald-trump","12":"tag-emmanuel-macron","13":"tag-fr","14":"tag-france","15":"tag-groenland","16":"tag-news","17":"tag-politique","18":"tag-popularite","19":"tag-republique-francaise","20":"tag-sebastien-lecornu"},"share_on_mastodon":{"url":"https:\/\/pubeurope.com\/@fr\/115959080124948156","error":""},"_links":{"self":[{"href":"https:\/\/www.europesays.com\/fr\/wp-json\/wp\/v2\/posts\/689426","targetHints":{"allow":["GET"]}}],"collection":[{"href":"https:\/\/www.europesays.com\/fr\/wp-json\/wp\/v2\/posts"}],"about":[{"href":"https:\/\/www.europesays.com\/fr\/wp-json\/wp\/v2\/types\/post"}],"author":[{"embeddable":true,"href":"https:\/\/www.europesays.com\/fr\/wp-json\/wp\/v2\/users\/2"}],"replies":[{"embeddable":true,"href":"https:\/\/www.europesays.com\/fr\/wp-json\/wp\/v2\/comments?post=689426"}],"version-history":[{"count":0,"href":"https:\/\/www.europesays.com\/fr\/wp-json\/wp\/v2\/posts\/689426\/revisions"}],"wp:featuredmedia":[{"embeddable":true,"href":"https:\/\/www.europesays.com\/fr\/wp-json\/wp\/v2\/media\/689427"}],"wp:attachment":[{"href":"https:\/\/www.europesays.com\/fr\/wp-json\/wp\/v2\/media?parent=689426"}],"wp:term":[{"taxonomy":"category","embeddable":true,"href":"https:\/\/www.europesays.com\/fr\/wp-json\/wp\/v2\/categories?post=689426"},{"taxonomy":"post_tag","embeddable":true,"href":"https:\/\/www.europesays.com\/fr\/wp-json\/wp\/v2\/tags?post=689426"}],"curies":[{"name":"wp","href":"https:\/\/api.w.org\/{rel}","templated":true}]}}