{"id":68947,"date":"2025-05-02T09:00:08","date_gmt":"2025-05-02T09:00:08","guid":{"rendered":"https:\/\/www.europesays.com\/fr\/68947\/"},"modified":"2025-05-02T09:00:08","modified_gmt":"2025-05-02T09:00:08","slug":"pres-de-lyon-les-policiers-se-lancent-dans-une-course-poursuite-avec-un-belier","status":"publish","type":"post","link":"https:\/\/www.europesays.com\/fr\/68947\/","title":{"rendered":"Pr\u00e8s de Lyon : les policiers se lancent dans une course-poursuite avec&#8230; un b\u00e9lier !\u00a0"},"content":{"rendered":"<p>Les policiers municipaux se sont lanc\u00e9s \u00e0 la poursuite d&rsquo;un b\u00e9lier, le jeudi 1er mai, dans les rues de Rillieux-la-Pape, pr\u00e8s de Lyon.<\/p>\n<p>Une course-poursuite insolite s&rsquo;est d\u00e9roul\u00e9e le jeudi 1er mai, \u00e0 <b>Rillieux-la-Pape<\/b>.<\/p>\n<p>Les policiers municipaux se sont lanc\u00e9s \u00e0 la poursuite d&rsquo;un individu un peu particulier : <b>un b\u00e9lier qui s&rsquo;\u00e9tait fait la malle<\/b> ! <\/p>\n<p>Le b\u00e9lier captur\u00e9 par la police de Rillieux-la-Pape<\/p>\n<p>D&rsquo;apr\u00e8s <a class=\"url\" href=\"https:\/\/c.leprogres.fr\/insolite\/2025\/05\/01\/rillieux-la-pape-un-belier-se-fait-la-belle-et-est-apprehende-par-la-police-municipale\" target=\"_blank\" rel=\"nofollow noopener\">Le Progr\u00e8s<\/a>, il s&rsquo;\u00e9tait \u00e9chapp\u00e9 de son enclos, mais a fini par \u00eatre captur\u00e9 par la police municipale dans le secteur du chemin du Champ du Roy.\u00a0<\/p>\n<p>Son propri\u00e9taire est recherch\u00e9.<\/p>\n<p><\/p>\n","protected":false},"excerpt":{"rendered":"Les policiers municipaux se sont lanc\u00e9s \u00e0 la poursuite d&rsquo;un b\u00e9lier, le jeudi 1er mai, dans les rues&hellip;\n","protected":false},"author":2,"featured_media":68948,"comment_status":"","ping_status":"","sticky":false,"template":"","format":"standard","meta":{"footnotes":""},"categories":[1889],"tags":[1111,11,2430,17091,12930,1777,674,1011,27,2428,12,1072,25,17092],"class_list":{"0":"post-68947","1":"post","2":"type-post","3":"status-publish","4":"format-standard","5":"has-post-thumbnail","7":"category-lyon","8":"tag-actu","9":"tag-actualites","10":"tag-auvergne-rhone-alpes","11":"tag-blier","12":"tag-course-poursuite","13":"tag-eu","14":"tag-europe","15":"tag-fr","16":"tag-france","17":"tag-lyon","18":"tag-news","19":"tag-police","20":"tag-republique-francaise","21":"tag-rillieux-la-pape"},"share_on_mastodon":{"url":"https:\/\/pubeurope.com\/@fr\/114437424834003718","error":""},"_links":{"self":[{"href":"https:\/\/www.europesays.com\/fr\/wp-json\/wp\/v2\/posts\/68947","targetHints":{"allow":["GET"]}}],"collection":[{"href":"https:\/\/www.europesays.com\/fr\/wp-json\/wp\/v2\/posts"}],"about":[{"href":"https:\/\/www.europesays.com\/fr\/wp-json\/wp\/v2\/types\/post"}],"author":[{"embeddable":true,"href":"https:\/\/www.europesays.com\/fr\/wp-json\/wp\/v2\/users\/2"}],"replies":[{"embeddable":true,"href":"https:\/\/www.europesays.com\/fr\/wp-json\/wp\/v2\/comments?post=68947"}],"version-history":[{"count":0,"href":"https:\/\/www.europesays.com\/fr\/wp-json\/wp\/v2\/posts\/68947\/revisions"}],"wp:featuredmedia":[{"embeddable":true,"href":"https:\/\/www.europesays.com\/fr\/wp-json\/wp\/v2\/media\/68948"}],"wp:attachment":[{"href":"https:\/\/www.europesays.com\/fr\/wp-json\/wp\/v2\/media?parent=68947"}],"wp:term":[{"taxonomy":"category","embeddable":true,"href":"https:\/\/www.europesays.com\/fr\/wp-json\/wp\/v2\/categories?post=68947"},{"taxonomy":"post_tag","embeddable":true,"href":"https:\/\/www.europesays.com\/fr\/wp-json\/wp\/v2\/tags?post=68947"}],"curies":[{"name":"wp","href":"https:\/\/api.w.org\/{rel}","templated":true}]}}