{"id":689479,"date":"2026-01-26T03:17:22","date_gmt":"2026-01-26T03:17:22","guid":{"rendered":"https:\/\/www.europesays.com\/fr\/689479\/"},"modified":"2026-01-26T03:17:22","modified_gmt":"2026-01-26T03:17:22","slug":"ukraine-le-document-americain-sur-les-garanties-de-securite-est-pret-a-100-zelensky-25-01-2026-a-1837","status":"publish","type":"post","link":"https:\/\/www.europesays.com\/fr\/689479\/","title":{"rendered":"Ukraine-Le document am\u00e9ricain sur les garanties de s\u00e9curit\u00e9 est pr\u00eat \u00e0 100%-Zelensky &#8211; 25\/01\/2026 \u00e0 18:37"},"content":{"rendered":"<p>\n (.)\n<\/p>\n<p>\n Le document am\u00e9ricain<br \/>\nsur les garanties de s\u00e9curit\u00e9 pour l&rsquo;Ukraine est enti\u00e8rement<br \/>\npr\u00eat et Kyiv attend la date et le lieu de sa signature, a<br \/>\nd\u00e9clar\u00e9 dimanche le pr\u00e9sident ukrainien Volodimir Zelensky,<br \/>\nindiquant que les pourparlers du week-end avec la Russie \u00e0 Abou<br \/>\nDhabi avaient progress\u00e9.\n<\/p>\n<p>\n \u00ab\u00a0Pour nous, les garanties de s\u00e9curit\u00e9 sont avant tout des<br \/>\ngaranties de s\u00e9curit\u00e9 de la part des Etats-Unis. Le document est<br \/>\npr\u00eat \u00e0 100% et nous attendons que nos partenaires confirment la<br \/>\ndate et le lieu o\u00f9 nous le signerons\u00a0\u00bb, a-t-il dit lors d&rsquo;une<br \/>\nconf\u00e9rence de presse organis\u00e9e \u00e0 l&rsquo;occasion d&rsquo;une visite \u00e0<br \/>\nVilnius, la capitale lituanienne.\n<\/p>\n<p>\n \u00ab\u00a0Le document sera ensuite envoy\u00e9 pour ratification au<br \/>\nCongr\u00e8s am\u00e9ricain et au Parlement ukrainien\u00a0\u00bb, a-t-il ajout\u00e9.\n<\/p>\n<p>\n Vendredi et samedi, les n\u00e9gociateurs ukrainiens et russes<br \/>\nont tenu leur premi\u00e8re r\u00e9union trilat\u00e9rale avec les m\u00e9diateurs<br \/>\nam\u00e9ricains \u00e0 Abou Dhabi afin de discuter du cadre propos\u00e9 par<br \/>\nWashington pour mettre fin \u00e0 la guerre qui dure depuis pr\u00e8s de<br \/>\nquatre ans. Aucun accord n&rsquo;a cependant \u00e9t\u00e9 conclu.\n<\/p>\n<p>\n Moscou et Kyiv se sont tous deux toutefois d\u00e9clar\u00e9s ouverts<br \/>\n\u00e0 la poursuite du dialogue et d&rsquo;autres discussions devraient<br \/>\navoir lieu dimanche prochain \u00e0 Abou Dhabi, a d\u00e9clar\u00e9 un<br \/>\nresponsable am\u00e9ricain \u00e0 la presse imm\u00e9diatement apr\u00e8s les<br \/>\npourparlers du week-end.\n<\/p>\n<p>\n \u00ab\u00a0(\u00c0 Abou Dhabi), le plan (am\u00e9ricain) en 20 points et les<br \/>\nquestions probl\u00e9matiques ont \u00e9t\u00e9 abord\u00e9s. Il y avait beaucoup de<br \/>\nquestions probl\u00e9matiques, mais maintenant il y en a moins\u00a0\u00bb, a<br \/>\nd\u00e9clar\u00e9 Volodimir Zelensky.\n<\/p>\n<p>\n Selon le pr\u00e9sident ukrainien, Moscou veut faire tout ce qui<br \/>\nest en son pouvoir pour que Kyiv abandonne les r\u00e9gions<br \/>\norientales du pays que la Russie n&rsquo;a pas r\u00e9ussi \u00e0 conqu\u00e9rir<br \/>\ndepuis son invasion massive. Mais Kyiv, a-t-il dit, n&rsquo;a pas<br \/>\nvari\u00e9 de position, continuant de revendiquer la pr\u00e9servation de<br \/>\nson int\u00e9grit\u00e9 territoriale.\n<\/p>\n<p>\n \u00ab\u00a0Il s&rsquo;agit de deux positions fondamentalement diff\u00e9rentes,<br \/>\ncelle de l&rsquo;Ukraine et celle de la Russie. Les Am\u00e9ricains<br \/>\nessaient de trouver un compromis\u00a0\u00bb, a-t-il soulign\u00e9, ajoutant que<br \/>\ntoutes les parties doivent \u00eatre pr\u00eates \u00e0 faire des compromis, y<br \/>\ncompris les Am\u00e9ricains.\n<\/p>\n<p>\n (Reportage Pavel Polityuk \u00e0 Kyiv et Andrius Sytas \u00e0 Vilnuis;<br \/>\nversion fran\u00e7aise Claude Chendjou)<\/p>\n","protected":false},"excerpt":{"rendered":"(.) Le document am\u00e9ricain sur les garanties de s\u00e9curit\u00e9 pour l&rsquo;Ukraine est enti\u00e8rement pr\u00eat et Kyiv attend la&hellip;\n","protected":false},"author":2,"featured_media":2486,"comment_status":"","ping_status":"","sticky":false,"template":"","format":"standard","meta":{"footnotes":""},"categories":[1590],"tags":[400,11,398,408,405,1777,674,403,402,399,404,12,401,406,220,407],"class_list":{"0":"post-689479","1":"post","2":"type-post","3":"status-publish","4":"format-standard","5":"has-post-thumbnail","7":"category-ukraine","8":"tag-action-cac-40","9":"tag-actualites","10":"tag-bourse-de-paris","11":"tag-boursorama","12":"tag-cotations","13":"tag-eu","14":"tag-europe","15":"tag-indices-devises","16":"tag-investir","17":"tag-investissement","18":"tag-marche-boursier","19":"tag-news","20":"tag-sicav","21":"tag-trackers","22":"tag-ukraine","23":"tag-warrants"},"share_on_mastodon":{"url":"https:\/\/pubeurope.com\/@fr\/115959237397654157","error":""},"_links":{"self":[{"href":"https:\/\/www.europesays.com\/fr\/wp-json\/wp\/v2\/posts\/689479","targetHints":{"allow":["GET"]}}],"collection":[{"href":"https:\/\/www.europesays.com\/fr\/wp-json\/wp\/v2\/posts"}],"about":[{"href":"https:\/\/www.europesays.com\/fr\/wp-json\/wp\/v2\/types\/post"}],"author":[{"embeddable":true,"href":"https:\/\/www.europesays.com\/fr\/wp-json\/wp\/v2\/users\/2"}],"replies":[{"embeddable":true,"href":"https:\/\/www.europesays.com\/fr\/wp-json\/wp\/v2\/comments?post=689479"}],"version-history":[{"count":0,"href":"https:\/\/www.europesays.com\/fr\/wp-json\/wp\/v2\/posts\/689479\/revisions"}],"wp:featuredmedia":[{"embeddable":true,"href":"https:\/\/www.europesays.com\/fr\/wp-json\/wp\/v2\/media\/2486"}],"wp:attachment":[{"href":"https:\/\/www.europesays.com\/fr\/wp-json\/wp\/v2\/media?parent=689479"}],"wp:term":[{"taxonomy":"category","embeddable":true,"href":"https:\/\/www.europesays.com\/fr\/wp-json\/wp\/v2\/categories?post=689479"},{"taxonomy":"post_tag","embeddable":true,"href":"https:\/\/www.europesays.com\/fr\/wp-json\/wp\/v2\/tags?post=689479"}],"curies":[{"name":"wp","href":"https:\/\/api.w.org\/{rel}","templated":true}]}}