{"id":68949,"date":"2025-05-02T09:01:11","date_gmt":"2025-05-02T09:01:11","guid":{"rendered":"https:\/\/www.europesays.com\/fr\/68949\/"},"modified":"2025-05-02T09:01:11","modified_gmt":"2025-05-02T09:01:11","slug":"dans-cet-ehpad-de-lourdes-accusations-portees-contre-la-directrice","status":"publish","type":"post","link":"https:\/\/www.europesays.com\/fr\/68949\/","title":{"rendered":"dans cet Ehpad, de lourdes accusations port\u00e9es contre la directrice"},"content":{"rendered":"<p>            Par<br \/>\n        <strong><br \/>\n            <a href=\"https:\/\/actu.fr\/auteur\/ludivine-caporal\" title=\"Consulter tous les articles de Ludivine Caporal\" target=\"_blank\" rel=\"noopener\">Ludivine Caporal<\/a><br \/>\n        <\/strong><\/p>\n<p>        Publi\u00e9 le<\/p>\n<p>            2 mai 2025 \u00e0 10h28        <\/p>\n<p>Les d\u00e9licats rayons du soleil qui p\u00e9n\u00e8trent la cour de l\u2019\u00e9tablissement priv\u00e9 et la s\u00e9r\u00e9nit\u00e9 qui y r\u00e9side en cet apr\u00e8s-midi du lundi 28\u00a0avril nous feraient presque croire \u00e0 un petit coin de paradis. Le sourire et l\u2019accueil sympathique de la directrice aussi.<br \/>Pourtant, pas plus tard que vendredi dernier, <strong>pr\u00e8s de 40\u00a0personnes<\/strong> ont sign\u00e9 un courrier envoy\u00e9 \u00e0 l\u2019inspection du travail, \u00e0 <a href=\"https:\/\/actu.fr\/auvergne-rhone-alpes\/lyon_69123\/lyon-l-ars-sucre-les-tickets-restaurants-de-ses-agents-qui-ne-veulent-pas-de-leur-cantine_61693918.html\" target=\"_blank\" rel=\"noopener\">l\u2019Agence R\u00e9gionale de Sant\u00e9 (ARS)<\/a> et au conseil d\u2019administration de l\u2019association gestionnaire pour d\u00e9noncer des conditions de travail <strong>particuli\u00e8rement d\u00e9grad\u00e9es<\/strong> au sein de l\u2019Ehpad Saint-Camille, situ\u00e9 dans le 5e arrondissement de <a href=\"https:\/\/actu.fr\/auvergne-rhone-alpes\/lyon_69123\" target=\"_blank\" rel=\"noopener\">Lyon.<\/a><br \/>Nous avons r\u00e9colt\u00e9 plusieurs t\u00e9moignages d\u2019employ\u00e9s ou d\u2019ex-employ\u00e9s ayant d\u00e9missionn\u00e9. Tous, sans exception, font \u00e9tat d\u2019un \u00ab\u2009management toxique\u2009\u00bb.<\/p>\n<p>Dans les pas de son pr\u00e9d\u00e9cesseur\u2009?<\/p>\n<p class=\" wall-content\">\u00ab\u2009C\u2019est une personne m\u00e9prisante et humiliante. Elle a une fa\u00e7on de traiter l\u2019humain et de manager un \u00e9tablissement qui est difficilement compr\u00e9hensible, elle est odieuse dans ses propos mais fait bonne figure devant les familles alors qu\u2019elle s\u2019en fout compl\u00e8tement. Aupr\u00e8s du personnel, elle s\u00e8me la terreur\u2009\u00bb, affirme cette ancienne salari\u00e9e \u00e0 propos de la directrice d\u2019Ehpad <strong>arriv\u00e9e en janvier\u00a02023<\/strong> et face \u00e0 laquelle elle a pr\u00e9f\u00e9r\u00e9 d\u00e9missionner.<\/p>\n<blockquote class=\"ac-article-quote wall-content\">\n<p>Tr\u00e8s vite, j&rsquo;ai essay\u00e9 d&rsquo;alerter le conseil d&rsquo;administration. Mais on m&rsquo;a r\u00e9pondu qu&rsquo;il fallait faire avec, que \u00e7a commen\u00e7ait \u00e0 bien faire.<\/p>\n<p>    <strong>Ex-employ\u00e9e de l&rsquo;Ehpad<\/strong>\n            <\/p><\/blockquote>\n<p class=\" wall-content\">\u00c0 cette \u00e9poque, l\u2019\u00e9tablissement ind\u00e9pendant se relevait en fait \u00e0 peine d\u2019une <a href=\"https:\/\/actu.fr\/auvergne-rhone-alpes\/lyon_69123\/lyon-le-directeur-d-ehpad-les-auraient-maltraitees-jusqu-a-en-faire-des-cauchemars_53756442.html\" target=\"_blank\" rel=\"noopener\">affaire similaire.<\/a> Accus\u00e9 <strong>d\u2019abus de pouvoir et de harc\u00e8lement moral<\/strong>, l\u2019ancien directeur avait \u00e9t\u00e9 remerci\u00e9 \u00e0 la fin de sa p\u00e9riode d\u2019essai, en septembre\u00a02022. L\u2019arriv\u00e9e d\u2019une nouvelle personne \u00e0 ce poste \u00e9tait donc tr\u00e8s attendue par les employ\u00e9s, qui esp\u00e9raient un retour \u00e0 la normale. Mais ces derniers ont rapidement d\u00e9chant\u00e9.<\/p>\n<p>\u00ab\u2009On est pris pour des merdes, rabaiss\u00e9s constamment\u2009\u00bb<\/p>\n<p class=\" wall-content\">\u00ab\u2009Au tout d\u00e9but, elle nous a fait une grande arriv\u00e9e. Elle nous avait m\u00eame apport\u00e9 un g\u00e2teau au chocolat alors qu\u2019elle \u00e9tait en cong\u00e9s. On avait envie d\u2019y croire. Mais en fait c\u2019est pareil qu\u2019avant, voire pire. Elle nous parle mal, nous crie dessus, nous surveille en permanence, c\u2019est anxiog\u00e8ne\u2009\u00bb, t\u00e9moigne une personne toujours en poste, \u00ab\u2009pour le moment\u2009\u00bb.<\/p>\n<p class=\" wall-content\">L\u2019une de ses coll\u00e8gues abonde en laissant \u00e9chapper, malgr\u00e9 elle, quelques sanglots de col\u00e8re et d\u2019\u00e9puisement\u2009:<\/p>\n<blockquote class=\"ac-article-quote wall-content\">\n<p>On est pris pour des merdes. On est rabaiss\u00e9s constamment et d\u00e8s qu&rsquo;on ose dire quelque chose, on est menac\u00e9s de sanctions, elle pousse ceux qui ne sont pas d&rsquo;accord avec elle \u00e0 la d\u00e9mission. Mais moi, je vais lui tenir t\u00eate, je ne vais pas d\u00e9missionner, jamais.<\/p>\n<p>    <strong>Employ\u00e9e de l&rsquo;Ehpad<\/strong>\n            <\/p><\/blockquote>\n<p class=\" wall-content\">Selon les \u00e9l\u00e9ments r\u00e9colt\u00e9s aupr\u00e8s de diff\u00e9rentes sources, plusieurs d\u00e9missions auraient eu lieu ces derniers mois ainsi que des arr\u00eats de travail, un abandon de poste et <strong>des plaintes aupr\u00e8s de la m\u00e9decine du travail.<\/strong><\/p>\n<p>Parmi les r\u00e9sidents, \u00ab\u2009certains ont faim\u2009\u00bb<\/p>\n<p class=\" wall-content\">Du c\u00f4t\u00e9 de la prise en charge des r\u00e9sidents, les t\u00e9moignages mentionnent par ailleurs \u00ab\u2009des probl\u00e8mes avec les repas\u2009\u00bb.<\/p>\n<p class=\" wall-content\">\u00ab\u2009Les menus ne sont pas respect\u00e9s, ils font croire que c\u2019est <a href=\"https:\/\/actu.fr\/tag\/paul-bocuse\" target=\"_blank\" rel=\"noopener\">Bocuse<\/a> pour validation et apr\u00e8s \u00e7a n\u2019a rien \u00e0 voir. Les rations sont parfois insuffisantes, certains ont faim\u2009\u00bb, assure une employ\u00e9e.<\/p>\n<p>\u00ab\u2009Un soudain changement de comportement qui pue le faux\u2009\u00bb<\/p>\n<p class=\" wall-content\">Inform\u00e9e du fameux courrier relatant l\u2019ensemble des dol\u00e9ances formul\u00e9es d\u00e8s le jour de son envoi, mentionnant en outre des <strong>\u00ab\u2009salaires incoh\u00e9rents et injustes\u2009\u00bb<\/strong>, la directrice de l\u2019Ehpad aurait depuis \u00ab\u2009soudainement chang\u00e9 de comportement\u2009\u00bb. \u00ab\u2009Mais \u00e7a pue le faux\u2009\u00bb, nous glisse-t-on.<\/p>\n<p class=\" wall-content\">Nous avons ainsi appel\u00e9 la principale mise en cause\u00a0dans cette affaire afin de lui donner la parole. Celle-ci a accept\u00e9 de nous r\u00e9pondre et nous a m\u00eame invit\u00e9s \u00e0 la rencontrer directement, ce que nous avons fait.<\/p>\n<p>      <img   decoding=\"async\" loading=\"lazy\" src=\"https:\/\/www.europesays.com\/fr\/wp-content\/uploads\/2025\/05\/courrier-ehpad-saint-camille-lyon-672x640.jpg\" alt=\"Le courrier r\u00e9dig\u00e9 par le personnel de l'Ehpad Saint-Camille.\" width=\"672\" height=\"640\"\/><br \/>\n    Le courrier r\u00e9dig\u00e9 par le personnel de l\u2019Ehpad Saint-Camille. Mise en cause aux c\u00f4t\u00e9s de la directrice, la gestionnaire n\u2019a quant \u00e0 elle pas souhait\u00e9 s\u2019exprimer aupr\u00e8s de notre r\u00e9daction, selon sa sup\u00e9rieure hi\u00e9rarchique. (\u00a9Document remis \u00e0 actu Lyon)La directrice se dit \u00ab\u2009tr\u00e8s \u00e9tonn\u00e9e\u2009\u00bb<\/p>\n<p class=\" wall-content\">Mise face aux accusations de ses employ\u00e9s, la directrice en a contest\u00e9 la tr\u00e8s grande majorit\u00e9 et s\u2019est dite \u00ab\u2009tr\u00e8s \u00e9tonn\u00e9e\u2009\u00bb. \u00ab\u2009Je n\u2019ai <strong>jamais eu vent<\/strong> de tout \u00e7a. Mais je trouve \u00e7a tr\u00e8s \u00e9trange que ces personnes agissent masqu\u00e9es, on ne sait m\u00eame pas qui c\u2019est\u2009\u00bb, lance-t-elle en regardant les nombreuses signatures appos\u00e9es sur la lettre.<\/p>\n<p class=\" wall-content\">Les probl\u00e8mes de paie, cependant, avaient bien \u00e9t\u00e9 mentionn\u00e9s \u00e0 plusieurs reprises lors des derni\u00e8res r\u00e9unions du Comit\u00e9 social et \u00e9conomique (CSE), dont elle est la pr\u00e9sidente.<\/p>\n<p>    <a href=\"https:\/\/www.google.com\/maps\/embed?pb=!1m18!1m12!1m3!1d2784.0449241289853!2d4.794582476618773!3d45.75024531430723!2m3!1f0!2f0!3f0!3m2!1i1024!2i768!4f13.1!3m3!1m2!1s0x47f4eb924780d0d9%3A0x65e8474ff54a09b9!2sEHPAD%20SAINT-CAMILLE!5e0!3m2!1sfr!2sfr!4v1745937632394!5m2!1sfr!2sfr\" title=\"Ouvrie le lien\" target=\"_blank\" rel=\"noopener\">Cliquez ici pour visualiser le contenu<\/a><\/p>\n<p>\u00ab\u2009Je ne me reconnais pas dans ce qui est \u00e9crit\u2009\u00bb<\/p>\n<p class=\" wall-content\">Dans les couloirs de l\u2019Ehpad, en notre pr\u00e9sence, la directrice affiche en tout cas une d\u00e9marche tranquille et salue tout sourire chaque personne qu\u2019elle croise. Celle-ci nous emm\u00e8ne m\u00eame nous montrer la r\u00e9cente exposition photo install\u00e9e au rez-de-chauss\u00e9e, \u00ab\u2009qui met en valeur les m\u00e9tiers de l\u2019ombre, ceux qu\u2019on ne voit jamais\u2009\u00bb, dit-elle en pointant du doigt une ASH (Agent de service h\u00f4telier) sur l\u2019une des images.<\/p>\n<p class=\" wall-content\">\u00ab\u2009J\u2019ai l\u2019impression d\u2019essayer de favoriser un bon climat et d\u2019\u00eatre <strong>attentive au bien-\u00eatre et \u00e0 la s\u00e9curit\u00e9<\/strong> des employ\u00e9s et des r\u00e9sidents. On investit l\u00e0-dedans\u2009\u00bb, soutient-elle en citant plusieurs exemples, principalement logistiques, avant de poursuivre\u2009:<\/p>\n<blockquote class=\"ac-article-quote wall-content\">\n<p>J&rsquo;ai ouvert une deuxi\u00e8me salle de pause pour les salari\u00e9s lorsque je suis arriv\u00e9e, je fais en sorte de tout le temps remplacer lorsqu&rsquo;il y a une absence car je ne m\u00e9gote pas sur les ressources humaines, on a une politique de formation dynamique (&#8230;) Apr\u00e8s, oui, je donne des avertissements lorsque le r\u00e8glement int\u00e9rieur, sign\u00e9 et approuv\u00e9 en CSE en 2024, n&rsquo;est pas respect\u00e9. C&rsquo;est normal. Mais je ne me reconnais pas dans ce qui est \u00e9crit.<\/p>\n<p>    <strong>Directrice de l&rsquo;Ehpad<\/strong>\n            <\/p><\/blockquote>\n<p>Le d\u00e9part de la directrice souhait\u00e9<\/p>\n<p class=\" wall-content\">\u00c9galement contact\u00e9 par notre r\u00e9daction, le conseil d\u2019administration de l\u2019Ehpad Saint-Camille a confirm\u00e9 avoir eu connaissance, ces derniers mois, de probl\u00e9matiques li\u00e9es \u00e0 la qualit\u00e9 de la restauration et aux salaires des employ\u00e9s, \u00ab\u2009uniquement\u2009\u00bb.<\/p>\n<p class=\" wall-content\">\u00ab\u2009Le conseil a pris note des plaintes des salari\u00e9s \u00e0 travers leurs repr\u00e9sentants et entend apporter une solution, dans la mesure du possible\u2009\u00bb, a-t-il \u00e9t\u00e9 d\u00e9clar\u00e9 en conclusion.<\/p>\n<p class=\" wall-content\">Si les suites de l\u2019affaire ne sont pour l\u2019heure pas connues, les dizaines d\u2019employ\u00e9s signataires esp\u00e8rent en tout cas un <strong>d\u00e9nouement radical<\/strong>\u2009: le d\u00e9part de la principale mise en cause.<\/p>\n<p class=\" wall-content\">Suivez toute l\u2019actualit\u00e9 de vos villes et m\u00e9dias favoris en vous inscrivant \u00e0 <a href=\"https:\/\/moncompte.actu.fr\" title=\"D\u00e9couvez Mon Actu\" rel=\"nofollow noopener\" data-trk=\"{&quot;cta&quot;:{&quot;action&quot;:&quot;https:\\\/\\\/moncompte.actu.fr&quot;,&quot;category&quot;:&quot;mon compte&quot;,&quot;from&quot;:&quot;article footer&quot;,&quot;name&quot;:&quot;Mon actu&quot;,&quot;type&quot;:&quot;cta&quot;}}\" target=\"_blank\">Mon Actu<\/a>.<\/p>\n","protected":false},"excerpt":{"rendered":"Par Ludivine Caporal Publi\u00e9 le 2 mai 2025 \u00e0 10h28 Les d\u00e9licats rayons du soleil qui p\u00e9n\u00e8trent la&hellip;\n","protected":false},"author":2,"featured_media":68950,"comment_status":"","ping_status":"","sticky":false,"template":"","format":"standard","meta":{"footnotes":""},"categories":[1889],"tags":[1111,11,2430,12216,1777,674,1011,27,2428,12,25,104,240],"class_list":{"0":"post-68949","1":"post","2":"type-post","3":"status-publish","4":"format-standard","5":"has-post-thumbnail","7":"category-lyon","8":"tag-actu","9":"tag-actualites","10":"tag-auvergne-rhone-alpes","11":"tag-ehpad","12":"tag-eu","13":"tag-europe","14":"tag-fr","15":"tag-france","16":"tag-lyon","17":"tag-news","18":"tag-republique-francaise","19":"tag-societe","20":"tag-temoignage"},"share_on_mastodon":{"url":"https:\/\/pubeurope.com\/@fr\/114437428572828742","error":""},"_links":{"self":[{"href":"https:\/\/www.europesays.com\/fr\/wp-json\/wp\/v2\/posts\/68949","targetHints":{"allow":["GET"]}}],"collection":[{"href":"https:\/\/www.europesays.com\/fr\/wp-json\/wp\/v2\/posts"}],"about":[{"href":"https:\/\/www.europesays.com\/fr\/wp-json\/wp\/v2\/types\/post"}],"author":[{"embeddable":true,"href":"https:\/\/www.europesays.com\/fr\/wp-json\/wp\/v2\/users\/2"}],"replies":[{"embeddable":true,"href":"https:\/\/www.europesays.com\/fr\/wp-json\/wp\/v2\/comments?post=68949"}],"version-history":[{"count":0,"href":"https:\/\/www.europesays.com\/fr\/wp-json\/wp\/v2\/posts\/68949\/revisions"}],"wp:featuredmedia":[{"embeddable":true,"href":"https:\/\/www.europesays.com\/fr\/wp-json\/wp\/v2\/media\/68950"}],"wp:attachment":[{"href":"https:\/\/www.europesays.com\/fr\/wp-json\/wp\/v2\/media?parent=68949"}],"wp:term":[{"taxonomy":"category","embeddable":true,"href":"https:\/\/www.europesays.com\/fr\/wp-json\/wp\/v2\/categories?post=68949"},{"taxonomy":"post_tag","embeddable":true,"href":"https:\/\/www.europesays.com\/fr\/wp-json\/wp\/v2\/tags?post=68949"}],"curies":[{"name":"wp","href":"https:\/\/api.w.org\/{rel}","templated":true}]}}