{"id":689661,"date":"2026-01-26T05:28:09","date_gmt":"2026-01-26T05:28:09","guid":{"rendered":"https:\/\/www.europesays.com\/fr\/689661\/"},"modified":"2026-01-26T05:28:09","modified_gmt":"2026-01-26T05:28:09","slug":"toulouse-un-nouveau-parking-public-mais-payant-vient-douvrir-dans-un-quartier-peripherique-de-toulouse","status":"publish","type":"post","link":"https:\/\/www.europesays.com\/fr\/689661\/","title":{"rendered":"Toulouse. Un nouveau parking public, mais payant, vient d&rsquo;ouvrir dans un quartier p\u00e9riph\u00e9rique de Toulouse"},"content":{"rendered":"<p>                    Par<br \/>\n        <strong><br \/>\n            <a href=\"https:\/\/actu.fr\/auteur\/nicolas-stival\" title=\"Consulter tous les articles de Nicolas Stival\" target=\"_blank\" rel=\"noopener\">Nicolas Stival<\/a><br \/>\n                    <\/strong><\/p>\n<p>        Publi\u00e9 le<\/p>\n<p>            26 janv. 2026 \u00e0 6h06        <\/p>\n<p>Cela n\u2019arrive pas toutes les semaines. Un <strong>nouveau parking souterrain public<\/strong>, mais payant, a ouvert<a href=\"https:\/\/actu.fr\/toulouse\/\" target=\"_blank\" rel=\"noopener\"> \u00e0 Toulouse.<\/a> La derni\u00e8re fois, c\u2019\u00e9tait en 2019, il y a donc 7\u00a0ans, avec <a href=\"https:\/\/actu.fr\/occitanie\/toulouse_31555\/toulouse-nouveau-parking-souterrain-futures-ramblas-ouvert-jean-jaures_22540108.html\" target=\"_blank\" rel=\"noopener\">l\u2019ouverture d\u2019un parking de 400 places en haut des all\u00e9es Jean-Jaur\u00e8s<\/a>. Autre particularit\u00e9 de ce nouveau parking\u2009? Il est situ\u00e9 dans un quartier excentr\u00e9, \u00e0 l\u2019est de Toulouse.\u00a0C\u2019est en effet dans le tout nouveau quartier Guillaumet qu\u2019il a vu le jour. Nombre de places disponibles, tarifs\u2026 On vous dit tout.<\/p>\n<p>O\u00f9 est situ\u00e9 ce nouveau parking\u2009?<\/p>\n<p class=\" wall-content\">Petit \u00e0 petit, le quartier Guillaumet prend donc forme \u00e0 Toulouse, surplomb\u00e9 par la ligne A du m\u00e9tro reliant les stations Roseraie et Jolimont. C\u2019est entre la pharmacie ouverte depuis le 5\u00a0janvier 2026 et le Carrefour Market qui doit \u00eatre inaugur\u00e9 en mars, qu\u2019un nouveau parking public souterrain est accessible depuis le 16\u00a0janvier au 15, rue du CEAT.<\/p>\n<p class=\" wall-content\">Petit \u00e0 petit, le quartier Guillaumet prend forme \u00e0 Toulouse, surplomb\u00e9 par la ligne A du m\u00e9tro reliant les stations Roseraie et Jolimont. Entre la pharmacie ouverte depuis le 5\u00a0janvier 2026 et le Carrefour Market qui doit \u00eatre inaugur\u00e9 en mars, un nouveau parking public souterrain est accessible depuis le 16\u00a0janvier au 15, rue du CEAT.<\/p>\n<p>Une trentaine de places pour les v\u00e9los<\/p>\n<p class=\" wall-content\">Ce parc de stationnement est l\u2019un des 20 exploit\u00e9s par Indigo <a href=\"https:\/\/actu.fr\/toulouse\/\" target=\"_blank\" rel=\"noopener\">dans la Ville rose<\/a>. Il propose <strong>150 places<\/strong>, dont 5 pourvues de bornes de recharge destin\u00e9es aux v\u00e9hicules \u00e9lectriques, et 10 d\u00e9di\u00e9es aux motos et scooters. Par ailleurs, une trentaine de v\u00e9los peuvent \u00eatre gar\u00e9s dans deux espaces d\u00e9di\u00e9s.<\/p>\n<p class=\" wall-content\">Fini le ticket \u00e0 r\u00e9cup\u00e9rer \u00e0 l\u2019entr\u00e9e pour payer \u00e0 la sortie\u2009: la barri\u00e8re d\u2019acc\u00e8s se l\u00e8ve automatiquement apr\u00e8s avoir reconnu la plaque d\u2019immatriculation du v\u00e9hicule.<\/p>\n<p>Un quartier toujours en construction<\/p>\n<p class=\" wall-content\">Ce parking offre une nouvelle possibilit\u00e9 d\u2019acc\u00e9der au jeune quartier, qui devrait compter 1\u2009250 logements et <a href=\"https:\/\/actu.fr\/occitanie\/toulouse_31555\/malgre-les-grues-et-les-chantiers-il-fait-bon-vivre-dans-ce-quartier-tout-neuf-de-toulouse_63114702.html\" target=\"_blank\" rel=\"noopener\">environ 3\u2009000\u00a0habitants en 2027<\/a>.<\/p>\n<p class=\" wall-content\">Il est \u00e9galement possible de se rendre \u00e0 Guillaumet <strong>en bus, m\u00e9tro ou \u00e0 bicyclette<\/strong>, gr\u00e2ce aux deux stations V\u00e9l\u00f4Toulouse dispos\u00e9es \u00e0 chaque bout de la rue du CEAT.<\/p>\n<p>Votre r\u00e9gion, votre actu !<\/p>\n<p>Recevez chaque jour les infos qui comptent pour vous.<\/p>\n<p>\t<a href=\"https:\/\/actu.fr\/newsletter\" class=\"ac-btn ac-btn--corner ac-btn--medium ac-btn--blue800\" target=\"_blank\" rel=\"noopener\">S&rsquo;incrire<\/a><\/p>\n<p>    <a href=\"https:\/\/www.google.com\/maps\/embed?pb=!1m18!1m12!1m3!1d11554.015816934569!2d1.4484115378666944!3d43.61686895079938!2m3!1f0!2f0!3f0!3m2!1i1024!2i768!4f13.1!3m3!1m2!1s0x12aebcc66f0815b5%3A0xf9187a25fba67f32!2s15%20Rue%20du%20CEAT%2C%2031500%20Toulouse!5e0!3m2!1sfr!2sfr!4v1768903743451!5m2!1sfr!2sfr\" title=\"Ouvrie le lien\" target=\"_blank\" rel=\"noopener\">Cliquez ici pour visualiser le contenu<\/a><\/p>\n<p class=\" wall-content\">Personnalisez votre actualit\u00e9 en ajoutant vos villes et m\u00e9dias en favori avec <a href=\"https:\/\/moncompte.actu.fr\" title=\"D\u00e9couvez Mon Actu\" rel=\"nofollow noopener\" data-trk=\"{&quot;cta&quot;:{&quot;action&quot;:&quot;https:\\\/\\\/moncompte.actu.fr&quot;,&quot;category&quot;:&quot;mon compte&quot;,&quot;from&quot;:&quot;article footer&quot;,&quot;name&quot;:&quot;Mon actu&quot;,&quot;type&quot;:&quot;cta&quot;}}\" target=\"_blank\">Mon Actu<\/a>.<\/p>\n","protected":false},"excerpt":{"rendered":"Par Nicolas Stival Publi\u00e9 le 26 janv. 2026 \u00e0 6h06 Cela n\u2019arrive pas toutes les semaines. Un nouveau&hellip;\n","protected":false},"author":2,"featured_media":689662,"comment_status":"","ping_status":"","sticky":false,"template":"","format":"standard","meta":{"footnotes":""},"categories":[2816],"tags":[1111,11,1777,674,1011,27,12,2680,25,104,6173,2312,2803,1352],"class_list":{"0":"post-689661","1":"post","2":"type-post","3":"status-publish","4":"format-standard","5":"has-post-thumbnail","7":"category-toulouse","8":"tag-actu","9":"tag-actualites","10":"tag-eu","11":"tag-europe","12":"tag-fr","13":"tag-france","14":"tag-news","15":"tag-occitanie","16":"tag-republique-francaise","17":"tag-societe","18":"tag-stationnement","19":"tag-toulouse","20":"tag-transport","21":"tag-urbanisme"},"share_on_mastodon":{"url":"https:\/\/pubeurope.com\/@fr\/115959752516263237","error":""},"_links":{"self":[{"href":"https:\/\/www.europesays.com\/fr\/wp-json\/wp\/v2\/posts\/689661","targetHints":{"allow":["GET"]}}],"collection":[{"href":"https:\/\/www.europesays.com\/fr\/wp-json\/wp\/v2\/posts"}],"about":[{"href":"https:\/\/www.europesays.com\/fr\/wp-json\/wp\/v2\/types\/post"}],"author":[{"embeddable":true,"href":"https:\/\/www.europesays.com\/fr\/wp-json\/wp\/v2\/users\/2"}],"replies":[{"embeddable":true,"href":"https:\/\/www.europesays.com\/fr\/wp-json\/wp\/v2\/comments?post=689661"}],"version-history":[{"count":0,"href":"https:\/\/www.europesays.com\/fr\/wp-json\/wp\/v2\/posts\/689661\/revisions"}],"wp:featuredmedia":[{"embeddable":true,"href":"https:\/\/www.europesays.com\/fr\/wp-json\/wp\/v2\/media\/689662"}],"wp:attachment":[{"href":"https:\/\/www.europesays.com\/fr\/wp-json\/wp\/v2\/media?parent=689661"}],"wp:term":[{"taxonomy":"category","embeddable":true,"href":"https:\/\/www.europesays.com\/fr\/wp-json\/wp\/v2\/categories?post=689661"},{"taxonomy":"post_tag","embeddable":true,"href":"https:\/\/www.europesays.com\/fr\/wp-json\/wp\/v2\/tags?post=689661"}],"curies":[{"name":"wp","href":"https:\/\/api.w.org\/{rel}","templated":true}]}}