{"id":689689,"date":"2026-01-26T05:43:16","date_gmt":"2026-01-26T05:43:16","guid":{"rendered":"https:\/\/www.europesays.com\/fr\/689689\/"},"modified":"2026-01-26T05:43:16","modified_gmt":"2026-01-26T05:43:16","slug":"en-direct-ukraine-les-positions-de-kiev-et-moscou-sur-les-territoires-restent-fondamentalement-differentes","status":"publish","type":"post","link":"https:\/\/www.europesays.com\/fr\/689689\/","title":{"rendered":"EN DIRECT &#8211; Ukraine : les positions de Kiev et Moscou sur les territoires restent \u00ab\u00a0fondamentalement diff\u00e9rentes\u00a0\u00bb"},"content":{"rendered":"<p>Volodymyr Zelensky a de nouveau plaid\u00e9 dimanche aupr\u00e8s de ses homologues polonais et lituanien \u00e0 Vilnius pour plus de moyens de d\u00e9fense antia\u00e9rienne contre les frappes russes qui ont priv\u00e9 des centaines de milliers d&rsquo;habitants de Kiev d&rsquo;\u00e9lectricit\u00e9 et de chauffage au plus fort de l&rsquo;hiver.<\/p>\n<p>\u00ab\u00a0Aujourd&rsquo;hui nous avons parl\u00e9 de l&rsquo;\u00e9nergie en Ukraine, de la situation difficile pour notre peuple, de la mani\u00e8re de soutenir les Ukrainiens. Nous avons aussi parl\u00e9 de d\u00e9fense a\u00e9rienne, de la fa\u00e7on de renforcer l&rsquo;Ukraine\u00a0\u00bb, a d\u00e9clar\u00e9 le dirigeant ukrainien \u00e0 l&rsquo;issue de sa rencontre avec les pr\u00e9sidents polonais Karol Nawrocki et lituanien Gitanas Nauseda. \u00ab\u00a0Rien que cette semaine, les Russes ont lanc\u00e9 plus de 1.700 drones d&rsquo;attaque, plus de 1.380 bombes a\u00e9riennes guid\u00e9es et 69 missiles de divers types\u00a0\u00bb, avait d\u00e9clar\u00e9 plus t\u00f4t M. Zelensky en arrivant \u00e0 Vilnius pour des comm\u00e9morations officielles.<\/p>\n<p>\u00ab\u00a0C&rsquo;est pourquoi des missiles pour les syst\u00e8mes de d\u00e9fense antia\u00e9rienne sont n\u00e9cessaires chaque jour et nous continuons de travailler avec les \u00c9tats-Unis et l&rsquo;Europe pour faire en sorte d&rsquo;assurer une meilleure protection de notre ciel\u00a0\u00bb, a-t-il ajout\u00e9.<\/p>\n","protected":false},"excerpt":{"rendered":"Volodymyr Zelensky a de nouveau plaid\u00e9 dimanche aupr\u00e8s de ses homologues polonais et lituanien \u00e0 Vilnius pour plus&hellip;\n","protected":false},"author":2,"featured_media":689690,"comment_status":"","ping_status":"","sticky":false,"template":"","format":"standard","meta":{"footnotes":""},"categories":[1590],"tags":[1111,11,1921,73,1777,674,1922,1916,12,132,220,77346,133,1920,134],"class_list":{"0":"post-689689","1":"post","2":"type-post","3":"status-publish","4":"format-standard","5":"has-post-thumbnail","7":"category-ukraine","8":"tag-actu","9":"tag-actualites","10":"tag-article-video","11":"tag-etats-unis","12":"tag-eu","13":"tag-europe","14":"tag-info","15":"tag-moscou","16":"tag-news","17":"tag-russie","18":"tag-ukraine","19":"tag-ukraine-vers-une-5-annee-de-guerre","20":"tag-video","21":"tag-video-international","22":"tag-volodymyr-zelensky"},"share_on_mastodon":{"url":"https:\/\/pubeurope.com\/@fr\/115959811503636769","error":""},"_links":{"self":[{"href":"https:\/\/www.europesays.com\/fr\/wp-json\/wp\/v2\/posts\/689689","targetHints":{"allow":["GET"]}}],"collection":[{"href":"https:\/\/www.europesays.com\/fr\/wp-json\/wp\/v2\/posts"}],"about":[{"href":"https:\/\/www.europesays.com\/fr\/wp-json\/wp\/v2\/types\/post"}],"author":[{"embeddable":true,"href":"https:\/\/www.europesays.com\/fr\/wp-json\/wp\/v2\/users\/2"}],"replies":[{"embeddable":true,"href":"https:\/\/www.europesays.com\/fr\/wp-json\/wp\/v2\/comments?post=689689"}],"version-history":[{"count":0,"href":"https:\/\/www.europesays.com\/fr\/wp-json\/wp\/v2\/posts\/689689\/revisions"}],"wp:featuredmedia":[{"embeddable":true,"href":"https:\/\/www.europesays.com\/fr\/wp-json\/wp\/v2\/media\/689690"}],"wp:attachment":[{"href":"https:\/\/www.europesays.com\/fr\/wp-json\/wp\/v2\/media?parent=689689"}],"wp:term":[{"taxonomy":"category","embeddable":true,"href":"https:\/\/www.europesays.com\/fr\/wp-json\/wp\/v2\/categories?post=689689"},{"taxonomy":"post_tag","embeddable":true,"href":"https:\/\/www.europesays.com\/fr\/wp-json\/wp\/v2\/tags?post=689689"}],"curies":[{"name":"wp","href":"https:\/\/api.w.org\/{rel}","templated":true}]}}