{"id":68969,"date":"2025-05-02T09:13:19","date_gmt":"2025-05-02T09:13:19","guid":{"rendered":"https:\/\/www.europesays.com\/fr\/68969\/"},"modified":"2025-05-02T09:13:19","modified_gmt":"2025-05-02T09:13:19","slug":"protection-du-prince-harry-au-royaume-uni-la-justice-va-t-elle-lui-donner-raison","status":"publish","type":"post","link":"https:\/\/www.europesays.com\/fr\/68969\/","title":{"rendered":"Protection du prince Harry au Royaume-Uni: la justice va-t-elle lui donner raison?"},"content":{"rendered":"<p>La cour d\u2019appel britannique rendra sa d\u00e9cision sur le recours du prince contre la r\u00e9duction de son dispositif de s\u00e9curit\u00e9, jug\u00e9 inadapt\u00e9 \u00e0 son statut depuis son retrait de la famille royale active.<\/p>\n<p>&#13;<br \/>\n&#13;<\/p>\n<p>Le prince Harry conna\u00eetra ce vendredi apr\u00e8s-midi l\u2019issue de son recours contre le minist\u00e8re de l\u2019Int\u00e9rieur britannique, qui a d\u00e9cid\u00e9 de r\u00e9\u00e9valuer au cas par cas ses besoins en mati\u00e8re de s\u00e9curit\u00e9 lors de ses s\u00e9jours au Royaume-Uni. La cour d\u2019appel doit se prononcer \u00e0 14h, sans que l\u2019on sache si le prince fera le d\u00e9placement pour assister \u00e0 la d\u00e9cision.<\/p>\n<p>Depuis son d\u00e9part du Royaume-Uni en 2020 avec son \u00e9pouse Meghan, Harry a perdu le b\u00e9n\u00e9fice de la protection polici\u00e8re automatique r\u00e9serv\u00e9e aux membres actifs de la famille royale, prise en charge par les deniers publics. Estimant cette mesure injustifi\u00e9e et dangereuse, le duc de Sussex a engag\u00e9 une action en justice en 2021.<\/p>\n<p>&#13;<br \/>\n&#13;<\/p>\n<p>&#13;<br \/>\n&#13;<br \/>\nUne premi\u00e8re d\u00e9faite en 2023<\/p>\n<p>Ce recours fait suite \u00e0 une d\u00e9cision d\u00e9favorable rendue en premi\u00e8re instance l\u2019an dernier. La justice avait alors consid\u00e9r\u00e9 que l\u2019approche du gouvernement \u00e9tait \u00ab\u00a0l\u00e9galement fond\u00e9e\u00a0\u00bb, rejetant ainsi la demande de Harry. Ce dernier avait \u00e9galement essuy\u00e9 un revers dans une autre proc\u00e9dure en mai 2023, lorsqu\u2019il avait \u00e9t\u00e9 refus\u00e9 qu\u2019il puisse financer lui-m\u00eame une protection polici\u00e8re.<\/p>\n<blockquote>\n<p>La vie et la s\u00e9curit\u00e9 du prince sont en jeu<\/p>\n<\/blockquote>\n<p>Lors des audiences d\u2019appel, les 8 et 9 avril derniers \u00e0 Londres, Harry a plaid\u00e9 en personne pour faire valoir ses droits. Son avocate, Shaheed Fatima, a alert\u00e9 sur les menaces qui p\u00e8sent sur le prince, notamment en provenance d\u2019Al-Qa\u00efda, et sur l\u2019incident survenu \u00e0 New York en mai 2023, o\u00f9 Harry et Meghan avaient \u00e9t\u00e9 impliqu\u00e9s dans une \u00ab\u00a0dangereuse course-poursuite\u00a0\u00bb avec des paparazzis.<\/p>\n<p>    \u00c0 lire aussi<\/p>\n<p>  <img decoding=\"async\" class=\"r-img\"  typeof=\"foaf:Image\" src=\"https:\/\/www.europesays.com\/fr\/wp-content\/uploads\/2025\/05\/meg_0.jpg\" alt=\"meg\"\/><br \/>\n      <a href=\"https:\/\/www.rtl.be\/people\/news\/dans-un-podcast-ou-elle-apparait-sans-maquillage-meghan-markle-brise-le-silence\/2025-04-30\/article\/748027\" class=\"r-stories--link\" target=\"_blank\" rel=\"noopener\">Dans un podcast o\u00f9 elle appara\u00eet sans maquillage, Meghan Markle brise le silence sur la pression sociale: \u00ab\u00a0Je sais qui je suis\u00a0\u00bb<\/a><\/p>\n<p>\u00ab\u00a0La vie et la s\u00e9curit\u00e9\u00a0du prince sont en jeu\u00a0\u00bb, a-t-elle affirm\u00e9, rappelant le traumatisme li\u00e9 \u00e0 la mort de sa m\u00e8re, la princesse Diana, dans un accident de voiture \u00e0 Paris en 1997, alors qu\u2019elle \u00e9tait poursuivie par des photographes.<\/p>\n<p>&#13;<br \/>\n&#13;<\/p>\n<p>&#13;<br \/>\n&#13;<br \/>\nUne protection jug\u00e9e adapt\u00e9e par les autorit\u00e9s<\/p>\n<p>Face \u00e0 ces arguments, l\u2019avocat du minist\u00e8re de l\u2019Int\u00e9rieur, James Eadie, a d\u00e9fendu une politique \u00ab\u00a0sur mesure\u00a0\u00bb, align\u00e9e avec le changement de statut du prince au sein de la monarchie. Selon lui, ce dispositif garantit un niveau de protection appropri\u00e9 sans recourir aux moyens d\u00e9ploy\u00e9s pour les membres actifs de la famille royale.<\/p>\n<p>Harry a expliqu\u00e9 que ses inqui\u00e9tudes concernant la s\u00e9curit\u00e9 de sa famille, et en particulier de ses enfants Archie (5 ans) et Lilibet (3 ans), freinent ses visites au Royaume-Uni. Des tensions persistantes avec la famille royale compliquent \u00e9galement ses retours. Sa derni\u00e8re entrevue connue avec le roi Charles III remonte \u00e0 plus d\u2019un an, peu apr\u00e8s l\u2019annonce de son cancer.<\/p>\n<p>    \u00c0 lire aussi<\/p>\n<p>  <img decoding=\"async\" class=\"r-img\"  typeof=\"foaf:Image\" src=\"https:\/\/www.europesays.com\/fr\/wp-content\/uploads\/2025\/04\/prince-harry.jpg\" alt=\"prince-harry\"\/><br \/>\n      <a href=\"https:\/\/www.rtl.be\/people\/royaute\/menace-par-al-qaida-poursuivi-par-les-paparazzis-le-prince-harry-reclame-le\/2025-04-08\/article\/745446\" class=\"r-stories--link\" target=\"_blank\" rel=\"noopener\">Menac\u00e9 par Al-Qa\u00efda, poursuivi par les paparazzis\u2026 le prince Harry r\u00e9clame le retour de sa protection polici\u00e8re au Royaume-Uni<\/a><\/p>\n<p>En parall\u00e8le de cette bataille judiciaire, le prince Harry poursuit un bras de fer contre la presse britannique, qu\u2019il accuse de pratiques abusives. Il s\u2019est \u00e9galement retrouv\u00e9 r\u00e9cemment au c\u0153ur d\u2019une pol\u00e9mique apr\u00e8s sa d\u00e9mission de l&rsquo;association caritative Sentebale, qu\u2019il avait cofond\u00e9e avec le prince Seeiso du Lesotho en hommage \u00e0 sa m\u00e8re.<\/p>\n<p>Accus\u00e9 de \u00ab\u00a0harc\u00e8lement et d\u2019intimidation\u00a0\u00bb par la pr\u00e9sidente de l\u2019organisation, il a d\u00e9nonc\u00e9 des \u00ab\u00a0mensonges\u00a0\u00bb et esp\u00e8re que l\u2019enqu\u00eate ouverte par le r\u00e9gulateur britannique des associations permettra d\u2019\u00e9tablir \u00ab\u00a0la v\u00e9rit\u00e9\u00a0\u00bb sur les raisons de son retrait.<\/p>\n<p>&#13;<br \/>\n&#13;<\/p>\n<p>&#13;<br \/>\n&#13;<\/p>\n<p><a class=\"r-btn r-btn--tag\" href=\"https:\/\/www.rtl.be\/2911\/free-tags\/royaute\" title=\"Royaut\u00e9\" target=\"_blank\" rel=\"noopener\">Royaut\u00e9<\/a><br \/>\n<a class=\"r-btn r-btn--tag\" href=\"https:\/\/www.rtl.be\/5549\/free-tags\/proces\" title=\"proc\u00e8s\" target=\"_blank\" rel=\"noopener\">proc\u00e8s<\/a><br \/>\n<a class=\"r-btn r-btn--tag\" href=\"https:\/\/www.rtl.be\/2303\/free-tags\/justice\" title=\"justice\" target=\"_blank\" rel=\"noopener\">justice<\/a><br \/>\n<a class=\"r-btn r-btn--tag\" href=\"https:\/\/www.rtl.be\/86857\/free-tags\/prince-harry\" title=\"prince Harry\" target=\"_blank\" rel=\"noopener\">prince Harry<\/a><br \/>\n<a class=\"r-btn r-btn--tag\" href=\"https:\/\/www.rtl.be\/86858\/free-tags\/meghan-markle\" title=\"Meghan Markle\" target=\"_blank\" rel=\"noopener\">Meghan Markle<\/a><\/p>\n","protected":false},"excerpt":{"rendered":"La cour d\u2019appel britannique rendra sa d\u00e9cision sur le recours du prince contre la r\u00e9duction de son dispositif&hellip;\n","protected":false},"author":2,"featured_media":68970,"comment_status":"","ping_status":"","sticky":false,"template":"","format":"standard","meta":{"footnotes":""},"categories":[1588],"tags":[11,1777,674,303,908,12,267,5927,473,1853,4867,1851,1850,1852],"class_list":{"0":"post-68969","1":"post","2":"type-post","3":"status-publish","4":"format-standard","5":"has-post-thumbnail","7":"category-royaume-uni","8":"tag-actualites","9":"tag-eu","10":"tag-europe","11":"tag-justice","12":"tag-meghan-markle","13":"tag-news","14":"tag-prince-harry","15":"tag-procu00e8s","16":"tag-royaume-uni","17":"tag-royaume-uni-de-grande-bretagne-et-dirlande-du-nord","18":"tag-royautu00e9","19":"tag-uk","20":"tag-united-kingdom","21":"tag-united-kingdom-of-great-britain-and-northern-ireland"},"share_on_mastodon":{"url":"https:\/\/pubeurope.com\/@fr\/114437475977346859","error":""},"_links":{"self":[{"href":"https:\/\/www.europesays.com\/fr\/wp-json\/wp\/v2\/posts\/68969","targetHints":{"allow":["GET"]}}],"collection":[{"href":"https:\/\/www.europesays.com\/fr\/wp-json\/wp\/v2\/posts"}],"about":[{"href":"https:\/\/www.europesays.com\/fr\/wp-json\/wp\/v2\/types\/post"}],"author":[{"embeddable":true,"href":"https:\/\/www.europesays.com\/fr\/wp-json\/wp\/v2\/users\/2"}],"replies":[{"embeddable":true,"href":"https:\/\/www.europesays.com\/fr\/wp-json\/wp\/v2\/comments?post=68969"}],"version-history":[{"count":0,"href":"https:\/\/www.europesays.com\/fr\/wp-json\/wp\/v2\/posts\/68969\/revisions"}],"wp:featuredmedia":[{"embeddable":true,"href":"https:\/\/www.europesays.com\/fr\/wp-json\/wp\/v2\/media\/68970"}],"wp:attachment":[{"href":"https:\/\/www.europesays.com\/fr\/wp-json\/wp\/v2\/media?parent=68969"}],"wp:term":[{"taxonomy":"category","embeddable":true,"href":"https:\/\/www.europesays.com\/fr\/wp-json\/wp\/v2\/categories?post=68969"},{"taxonomy":"post_tag","embeddable":true,"href":"https:\/\/www.europesays.com\/fr\/wp-json\/wp\/v2\/tags?post=68969"}],"curies":[{"name":"wp","href":"https:\/\/api.w.org\/{rel}","templated":true}]}}