{"id":689691,"date":"2026-01-26T05:44:12","date_gmt":"2026-01-26T05:44:12","guid":{"rendered":"https:\/\/www.europesays.com\/fr\/689691\/"},"modified":"2026-01-26T05:44:12","modified_gmt":"2026-01-26T05:44:12","slug":"tensions-avec-la-police-de-limmigration-aux-usa-le-fbi-va-enqueter-sur-les-participants-aux-manifestations-a-minneapolis","status":"publish","type":"post","link":"https:\/\/www.europesays.com\/fr\/689691\/","title":{"rendered":"Tensions avec la police de l&rsquo;immigration aux USA &#8211; Le FBI va enqu\u00eater sur les participants aux manifestations \u00e0 Minneapolis"},"content":{"rendered":"<p><img decoding=\"async\" class=\"w-full object-contain\" style=\"aspect-ratio:153 \/ 100;opacity:1\" alt=\"Tensions avec la police de l'immigration aux USA - Le FBI va enqu\u00eater sur les participants aux manifestations \u00e0 Minneapolis\" width=\"512\" height=\"335\" fetchpriority=\"high\" src=\"https:\/\/www.europesays.com\/fr\/wp-content\/uploads\/2026\/01\/SMGYAL773ND5NKVLA5AXYYK2HU.jpg\"  \/><\/p>\n<p class=\"ap-StoryElement ap-StoryElement--mb ap-StoryText\">Samedi, Alex Pretti, un infirmier am\u00e9ricain de 37 ans, est mort apr\u00e8s une altercation avec des agents f\u00e9d\u00e9raux \u00e0 Minneapolis, lors d&rsquo;une des nombreuses manifestations men\u00e9es ces derni\u00e8res semaines contre la police de l&rsquo;immigration.<\/p>\n<p class=\"ap-StoryElement ap-StoryElement--mb ap-StoryText\">Ce d\u00e9c\u00e8s est venu aggraver une situation d\u00e9j\u00e0 tendue depuis la mort de Renee Good, une Am\u00e9ricaine \u00e9galement tu\u00e9e par un agent de l&rsquo;ICE \u00e0 Minneapolis le 7 janvier dernier.<\/p>\n<p class=\"ap-StoryElement ap-StoryElement--mb ap-StoryText\">Samedi, le directeur du FBI Kash Patel a d\u00e9clar\u00e9 que les membres des forces de l&rsquo;ordre recevaient de plus en plus de menaces sur les r\u00e9seaux sociaux depuis ces deux incidents. Selon CNN, la division antiterroriste de l&rsquo;agence f\u00e9d\u00e9rale a d\u00e8s lors d\u00e9cid\u00e9 de mettre en place un centre de crise \u00e0 Minneapolis. Ce dernier sera notamment charg\u00e9 de r\u00e9colter des informations sur les participants aux mouvements de protestation contre l&rsquo;ICE.<\/p>\n","protected":false},"excerpt":{"rendered":"Samedi, Alex Pretti, un infirmier am\u00e9ricain de 37 ans, est mort apr\u00e8s une altercation avec des agents f\u00e9d\u00e9raux&hellip;\n","protected":false},"author":2,"featured_media":25030,"comment_status":"","ping_status":"","sticky":false,"template":"","format":"standard","meta":{"footnotes":""},"categories":[1589],"tags":[11,27755,73,1866,1061,8639,2088,12,1072,938,1864,1865,1863,308,657],"class_list":{"0":"post-689691","1":"post","2":"type-post","3":"status-publish","4":"format-standard","5":"has-post-thumbnail","7":"category-etats-unis","8":"tag-actualites","9":"tag-ddh","10":"tag-etats-unis","11":"tag-etats-unis-damerique","12":"tag-immigration","13":"tag-judiciaire","14":"tag-manifestation","15":"tag-news","16":"tag-police","17":"tag-reseaux-sociaux","18":"tag-united-states","19":"tag-united-states-of-america","20":"tag-us","21":"tag-usa","22":"tag-vie-privee"},"share_on_mastodon":{"url":"https:\/\/pubeurope.com\/@fr\/115959815459360883","error":""},"_links":{"self":[{"href":"https:\/\/www.europesays.com\/fr\/wp-json\/wp\/v2\/posts\/689691","targetHints":{"allow":["GET"]}}],"collection":[{"href":"https:\/\/www.europesays.com\/fr\/wp-json\/wp\/v2\/posts"}],"about":[{"href":"https:\/\/www.europesays.com\/fr\/wp-json\/wp\/v2\/types\/post"}],"author":[{"embeddable":true,"href":"https:\/\/www.europesays.com\/fr\/wp-json\/wp\/v2\/users\/2"}],"replies":[{"embeddable":true,"href":"https:\/\/www.europesays.com\/fr\/wp-json\/wp\/v2\/comments?post=689691"}],"version-history":[{"count":0,"href":"https:\/\/www.europesays.com\/fr\/wp-json\/wp\/v2\/posts\/689691\/revisions"}],"wp:featuredmedia":[{"embeddable":true,"href":"https:\/\/www.europesays.com\/fr\/wp-json\/wp\/v2\/media\/25030"}],"wp:attachment":[{"href":"https:\/\/www.europesays.com\/fr\/wp-json\/wp\/v2\/media?parent=689691"}],"wp:term":[{"taxonomy":"category","embeddable":true,"href":"https:\/\/www.europesays.com\/fr\/wp-json\/wp\/v2\/categories?post=689691"},{"taxonomy":"post_tag","embeddable":true,"href":"https:\/\/www.europesays.com\/fr\/wp-json\/wp\/v2\/tags?post=689691"}],"curies":[{"name":"wp","href":"https:\/\/api.w.org\/{rel}","templated":true}]}}