{"id":689720,"date":"2026-01-26T06:05:09","date_gmt":"2026-01-26T06:05:09","guid":{"rendered":"https:\/\/www.europesays.com\/fr\/689720\/"},"modified":"2026-01-26T06:05:09","modified_gmt":"2026-01-26T06:05:09","slug":"jean-jacques-goldman-74-ans-est-a-la-tete-dune-tribu-de-6-enfants-qui-sont-ils","status":"publish","type":"post","link":"https:\/\/www.europesays.com\/fr\/689720\/","title":{"rendered":"Jean-Jacques Goldman (74 ans) est \u00e0 la t\u00eate d&rsquo;une tribu de 6 enfants : qui sont-ils ?"},"content":{"rendered":"<p>Figure incontournable de la chanson fran\u00e7aise,<br \/>\n<strong>Jean-Jacques Goldman<\/strong> a toujours cultiv\u00e9 une<br \/>\n<strong>vie priv\u00e9e<\/strong> extr\u00eamement prot\u00e9g\u00e9e. Loin des<br \/>\nscandales et des plateaux t\u00e9l\u00e9, l\u2019artiste a b\u00e2ti une<br \/>\n<strong>famille nombreuse<\/strong> qu\u2019il a tenue \u00e0 l\u2019\u00e9cart de la<br \/>\nc\u00e9l\u00e9brit\u00e9. P\u00e8re de <a href=\"https:\/\/www.pleinevie.fr\/loisirs\/celebrites\/jean-jacques-goldman-papa-72-ans-qui-sont-ses-6-enfants-126594.html\" target=\"_blank\" rel=\"noopener\">6 enfants<\/a> issus de deux unions,<br \/>\nil a transmis des valeurs de discr\u00e9tion, d\u2019ind\u00e9pendance et de<br \/>\nlibert\u00e9 de choix. Aujourd\u2019hui adultes pour la plupart, ses enfants<br \/>\nont suivi des trajectoires tr\u00e8s diff\u00e9rentes, souvent \u00e9loign\u00e9es du<br \/>\nmonde artistique.<\/p>\n<p>Les trois a\u00een\u00e9s, n\u00e9s de son mariage avec Catherine Morlet<br \/>\nCaroline Goldman, un parcours tourn\u00e9 vers la psychologie<\/p>\n<p>A\u00een\u00e9e de la fratrie, Caroline Goldman est n\u00e9e en 1975 et a<br \/>\ngrandi loin des projecteurs malgr\u00e9 la notori\u00e9t\u00e9 de Jean-Jacques<br \/>\nGoldman aujourd\u2019hui \u00e0 la <a href=\"https:\/\/www.pleinevie.fr\/loisirs\/celebrites\/a-73-ans-jean-jacques-goldman-mene-la-retraite-dont-beaucoup-revent-et-voici-a-quoi-elle-ressemble-171817.html\" target=\"_blank\" rel=\"noopener\">retraite<\/a>. Tr\u00e8s t\u00f4t attir\u00e9e par<br \/>\nles sciences humaines, elle s\u2019est orient\u00e9e vers la<br \/>\n<strong>psychologie de l\u2019enfant<\/strong>, suivant ainsi la voie de<br \/>\nsa m\u00e8re. Aujourd\u2019hui docteure en psychologie, elle accompagne<br \/>\nenfants et adolescents dans sa pratique professionnelle. M\u00e8re de<br \/>\nquatre enfants, elle revendique une \u00e9ducation o\u00f9 la c\u00e9l\u00e9brit\u00e9 n\u2019a<br \/>\njamais eu sa place, consid\u00e9r\u00e9e comme un simple \u00e9l\u00e9ment ext\u00e9rieur \u00e0<br \/>\nla <strong>vie familiale<\/strong>.<\/p>\n<p>Michael Goldman, une r\u00e9ussite dans l\u2019industrie musicale<\/p>\n<p>N\u00e9 en 1979, Michael Goldman est celui qui a le plus<br \/>\nnaturellement \u00e9volu\u00e9 dans l\u2019univers artistique. Entrepreneur<br \/>\nreconnu, il s\u2019est impos\u00e9 comme une figure majeure de la<br \/>\n<strong>production musicale fran\u00e7aise<\/strong>. Fondateur de My<br \/>\nMajor Company, il a contribu\u00e9 \u00e0 r\u00e9v\u00e9ler plusieurs artistes au grand<br \/>\npublic avant de devenir directeur artistique de la Star Academy en<br \/>\n2022. Malgr\u00e9 cette visibilit\u00e9, il reste fid\u00e8le \u00e0 l\u2019h\u00e9ritage<br \/>\npaternel en prot\u00e9geant strictement sa <strong>vie<br \/>\npersonnelle<\/strong> et celle de ses enfants.<\/p>\n<p>Nina Goldman, la m\u00e9decine comme vocation<\/p>\n<p>Derni\u00e8re n\u00e9e du premier mariage, Nina Goldman voit le jour en<br \/>\n1985. Tr\u00e8s discr\u00e8te, elle a choisi une carri\u00e8re radicalement<br \/>\ndiff\u00e9rente en se tournant vers la <strong>m\u00e9decine<br \/>\np\u00e9diatrique<\/strong>. Exer\u00e7ant aujourd\u2019hui \u00e0 Paris, elle incarne<br \/>\nparfaitement la volont\u00e9 de ses parents de laisser leurs enfants<br \/>\nlibres de leurs choix. Loin de la sc\u00e8ne et des m\u00e9dias, Nina a b\u00e2ti<br \/>\nson identit\u00e9 professionnelle ind\u00e9pendamment du nom Goldman,<br \/>\nprivil\u00e9giant l\u2019engagement m\u00e9dical et le contact humain \u00e0 toute<br \/>\nforme de <strong>notori\u00e9t\u00e9 h\u00e9rit\u00e9e<\/strong>.<\/p>\n<p>Les trois plus jeunes, issus de son<br \/>\nunion avec Nathalie Thu Huong-Lagier<br \/>\nUne rencontre discr\u00e8te devenue une histoire durable<\/p>\n<p>La relation entre Jean-Jacques Goldman et Nathalie Thu<br \/>\nHuong-Lagier d\u00e9bute en toute simplicit\u00e9, loin du glamour habituel<br \/>\ndu monde du spectacle. Leur histoire, nourrie de lettres et de<br \/>\npatience, se construit progressivement avant leur mariage en 2001,<br \/>\nsouligne <a href=\"https:\/\/www.grazia.fr\/people\/jean-jacques-goldman-74-ans-qui-sont-ses-six-enfants-1215107.html\" target=\"_blank\" rel=\"noopener\">Grazia<\/a>. Malgr\u00e9 leur diff\u00e9rence<br \/>\nd\u2019\u00e2ge, ils partagent une m\u00eame vision de la <strong>vie de<br \/>\ncouple<\/strong>, fond\u00e9e sur la discr\u00e9tion, la stabilit\u00e9 et la<br \/>\nprotection de la <strong>sph\u00e8re intime<\/strong>, loin des attentes<br \/>\nm\u00e9diatiques li\u00e9es \u00e0 la c\u00e9l\u00e9brit\u00e9 du chanteur.<\/p>\n<p>Maya, Kimi et Rose, grandir hors des projecteurs<\/p>\n<p>N\u00e9es entre 2004 et 2007, Maya, Kimi et Rose ont grandi \u00e0 l\u2019abri<br \/>\ndu tumulte m\u00e9diatique. \u00c9lev\u00e9es entre Marseille et Londres, elles<br \/>\nont b\u00e9n\u00e9fici\u00e9 d\u2019une enfance volontairement pr\u00e9serv\u00e9e. Leurs parents<br \/>\nont fait le choix clair de les \u00e9loigner de toute <strong>exposition<br \/>\nm\u00e9diatique<\/strong>, afin qu\u2019elles puissent se construire sans<br \/>\npression. Aucune n\u2019a exprim\u00e9 le d\u00e9sir de suivre une carri\u00e8re<br \/>\nartistique, illustrant une fois encore l\u2019importance accord\u00e9e \u00e0 la<br \/>\n<strong>libert\u00e9 individuelle<\/strong>.<\/p>\n<p>Des \u00e9tudes exigeantes et un clan tr\u00e8s uni<\/p>\n<p>Aujourd\u2019hui jeunes adultes, les trois filles poursuivent des<br \/>\nparcours acad\u00e9miques ambitieux. Maya \u00e9tudie en \u00e9cole de commerce,<br \/>\nKimi fr\u00e9quente Sciences Po et Rose s\u2019est engag\u00e9e dans des \u00e9tudes de<br \/>\nm\u00e9decine. Chaque \u00e9t\u00e9, toute la <strong>famille Goldman<\/strong> se<br \/>\nretrouve en Bourgogne, dans une maison devenue un <strong>symbole<br \/>\nde transmission<\/strong> et de rassemblement. Un lieu \u00e0 l\u2019image du<br \/>\nchanteur : simple, chaleureux et profond\u00e9ment tourn\u00e9 vers<br \/>\nl\u2019essentiel. Rappelons que l\u2019auteur-compositeur est propri\u00e9taire<br \/>\nd\u2019une <a href=\"https:\/\/www.pleinevie.fr\/loisirs\/celebrites\/jean-jacques-goldman-cette-demeure-de-reve-dans-paris-quil-na-jamais-habitee-175666.html\" target=\"_blank\" rel=\"noopener\">demeure de r\u00eave<\/a> \u00e0 Paris<br \/>\ninhabit\u00e9e.<\/p>\n","protected":false},"excerpt":{"rendered":"Figure incontournable de la chanson fran\u00e7aise, Jean-Jacques Goldman a toujours cultiv\u00e9 une vie priv\u00e9e extr\u00eamement prot\u00e9g\u00e9e. Loin des&hellip;\n","protected":false},"author":2,"featured_media":689721,"comment_status":"","ping_status":"","sticky":false,"template":"","format":"standard","meta":{"footnotes":""},"categories":[1355],"tags":[28015,19616,13041,1764,1805,58,4440,1719,59,932,1011,27,2014,6085,19023,13392,4743,1361,873,3583,3333,17643,18865],"class_list":{"0":"post-689720","1":"post","2":"type-post","3":"status-publish","4":"format-standard","5":"has-post-thumbnail","7":"category-musique","8":"tag-28015","9":"tag-19616","10":"tag-a","11":"tag-ans","12":"tag-de","13":"tag-divertissement","14":"tag-dune","15":"tag-enfants","16":"tag-entertainment","17":"tag-est","18":"tag-fr","19":"tag-france","20":"tag-goldman","21":"tag-ils","22":"tag-jacques","23":"tag-jean","24":"tag-la","25":"tag-music","26":"tag-musique","27":"tag-qui","28":"tag-sont","29":"tag-tete","30":"tag-tribu"},"share_on_mastodon":{"url":"https:\/\/pubeurope.com\/@fr\/115959897952953830","error":""},"_links":{"self":[{"href":"https:\/\/www.europesays.com\/fr\/wp-json\/wp\/v2\/posts\/689720","targetHints":{"allow":["GET"]}}],"collection":[{"href":"https:\/\/www.europesays.com\/fr\/wp-json\/wp\/v2\/posts"}],"about":[{"href":"https:\/\/www.europesays.com\/fr\/wp-json\/wp\/v2\/types\/post"}],"author":[{"embeddable":true,"href":"https:\/\/www.europesays.com\/fr\/wp-json\/wp\/v2\/users\/2"}],"replies":[{"embeddable":true,"href":"https:\/\/www.europesays.com\/fr\/wp-json\/wp\/v2\/comments?post=689720"}],"version-history":[{"count":0,"href":"https:\/\/www.europesays.com\/fr\/wp-json\/wp\/v2\/posts\/689720\/revisions"}],"wp:featuredmedia":[{"embeddable":true,"href":"https:\/\/www.europesays.com\/fr\/wp-json\/wp\/v2\/media\/689721"}],"wp:attachment":[{"href":"https:\/\/www.europesays.com\/fr\/wp-json\/wp\/v2\/media?parent=689720"}],"wp:term":[{"taxonomy":"category","embeddable":true,"href":"https:\/\/www.europesays.com\/fr\/wp-json\/wp\/v2\/categories?post=689720"},{"taxonomy":"post_tag","embeddable":true,"href":"https:\/\/www.europesays.com\/fr\/wp-json\/wp\/v2\/tags?post=689720"}],"curies":[{"name":"wp","href":"https:\/\/api.w.org\/{rel}","templated":true}]}}