{"id":689763,"date":"2026-01-26T06:34:12","date_gmt":"2026-01-26T06:34:12","guid":{"rendered":"https:\/\/www.europesays.com\/fr\/689763\/"},"modified":"2026-01-26T06:34:12","modified_gmt":"2026-01-26T06:34:12","slug":"au-musee-des-beaux-arts-les-oeuvres-de-vincent-munier-emerveillent-les-visiteurs","status":"publish","type":"post","link":"https:\/\/www.europesays.com\/fr\/689763\/","title":{"rendered":"au mus\u00e9e des Beaux-Arts, les\u00a0oeuvres\u00a0de Vincent Munier \u00e9merveillent les visiteurs"},"content":{"rendered":"<p>  D\u00e8s l\u2019\u00e2ge de 12 ans<\/p>\n<p class=\"point\">\u00ab\u00a0Les animaux nous voient avant que nous ne les voyions.\u00a0\u00bb Cette observation du photographe animalier Vincent Munier est r\u00e9v\u00e9l\u00e9e par la m\u00e9diatrice culturelle Solange Rossolin, qui animait la visite guid\u00e9e de <a href=\"https:\/\/www.dna.fr\/culture-loisirs\/2025\/11\/06\/au-musee-des-beaux-arts-le-souffle-de-la-nature-et-les-animaux-sauvages-de-vincent-munier\" target=\"_blank\" rel=\"noopener\">l\u2019exposition au mus\u00e9e des Beaux-Arts<\/a> , dimanche. On peut y croire, tant est grande l\u2019exp\u00e9rience du photographe qui a pris sa premi\u00e8re photo de chevreuil \u00e0 l\u2019\u00e2ge de 12 ans. N\u00e9 \u00e0 \u00c9pinal, au c\u0153ur d\u2019un bel environnement naturel, Vincent Munier accompagne, d\u00e8s son plus jeune \u00e2ge, son p\u00e8re Michel dans la for\u00eat. Enseignant et naturaliste, d\u00e9fenseur du grand t\u00e9tras, son p\u00e8re lui transmet cette passion pour la photo animali\u00e8re, pour l\u2019observation de la nature, pour la lenteur et la patience.<\/p>\n<p>  Admirateurs de Claude Gel\u00e9e<\/p>\n<p class=\"point\">Bien que les images irradient le silence de la nature, l\u2019exposition est tr\u00e8s bavarde, faisant dialoguer photos et peintures classiques choisies avec soin par les \u00e9quipes du mus\u00e9e et par celle du photographe. Toutes sont reli\u00e9es par des fils muets mais \u00e9vidents. Vincent Munier avoue son admiration pour le peintre lorrain Claude Gel\u00e9e (1600-1682), qui a peint la for\u00eat de Chamagne, devenue son terrain de jeu quelques si\u00e8cles plus tard. Un autre admirateur se glisse ici\u00a0: Th\u00e9odore Rousseau (1812-1867), peintre de paysages et pr\u00e9curseur de l\u2019activisme \u00e9cologiste, qui avait pris la d\u00e9fense de la for\u00eat de Fontainebleau, mise en p\u00e9ril par l\u2019Homme. Qu\u2019y a-t-il \u00e0 voir ici, dans ces paysages\u00a0? Rien d\u2019autre qu\u2019une souche ou un rocher. Et un unique message unissant ces trois artistes\u00a0: la nature est belle telle qu\u2019elle est.<\/p>\n<p>  Le myst\u00e8re des 70 oiseaux<\/p>\n<p class=\"point\">Personne ne sait qui a peint cette grande toile aux environs de 1620, mais on y voit, en scrutant bien, 70 oiseaux, dont un ibis chauve. Une esp\u00e8ce aujourd\u2019hui en danger critique d\u2019extinction\u00a0: il n\u2019en resterait plus que 100 couples dans le monde. \u00c0 cette grande toile color\u00e9e r\u00e9pondent des photos d\u2019oiseaux sid\u00e9rantes, comme autant de portraits posant en toute \u00e9l\u00e9gance face \u00e0 l\u2019\u0153il de la cam\u00e9ra\u00a0: une chouette lapone en plein vol, un grand-duc pos\u00e9 dans son sapin, une grue du Japon \u00e0 la t\u00eate rouge\u2026 L\u2019un des animaux pr\u00e9f\u00e9r\u00e9s du photographe, elle aussi menac\u00e9e d\u2019extinction.<\/p>\n<p>  Les sentiments de la neige<\/p>\n<p class=\"point\">Vincent Munier, sans doute \u00e0 l\u2019image des animaux sauvages qu\u2019il guette, aime brouiller les pistes. Ainsi que les traces dans la neige. \u00ab\u00a0D\u2019o\u00f9 me vient cette fascination pour le blanc\u00a0? Je pr\u00eate des sentiments \u00e0 la neige. Suis-je fou\u00a0?\u00a0\u00bb Des grands nords \u2013 de l\u2019Arctique, du Tibet ou du Canada \u2013, il a ramen\u00e9 des clich\u00e9s d\u2019immensit\u00e9s immacul\u00e9es, incroyablement riches de pr\u00e9sences. Celle d\u2019une majestueuse meute de loups, d\u2019une patte noire d\u2019ours blanc sortant du cadre, de la truffe recouverte de givre d\u2019un renard blanc, d\u2019un fier loup gris isol\u00e9 qui fr\u00f4le l\u2019objectif en le fixant nettement\u2026 \u00ab\u00a0Vincent Munier reste cach\u00e9 pendant des heures dans un petit abri, ici par &#8211; 47\u00b0C\u00a0\u00bb, pr\u00e9cise la guide.<\/p>\n<p>  Et puis dans le rien, soudain, le tout<\/p>\n<p class=\"point\">On le sait gr\u00e2ce \u00e0 un film sorti en 2021, Vincent Munier est parti <a href=\"https:\/\/www.dna.fr\/culture-loisirs\/2021\/12\/06\/vincent-munier-passeur-d-emotions-sauvages\" target=\"_blank\" rel=\"noopener\">\u00e0 la rencontre de la panth\u00e8re des neiges<\/a> , au Tibet. La premi\u00e8re fois, il est revenu bredouille\u00a0: il n\u2019a pas vu la reine de ces sommets. Mais il a vu un faucon se poser devant lui sur des rochers mouchet\u00e9s de nuances grises et orang\u00e9. Clic. De retour en France, il regarde ses clich\u00e9s d\u00e9velopp\u00e9s\u00a0: le faucon est fier dans ce paysage cr\u00e9pitant de couleurs. Et puis, en arri\u00e8re-plan, discret relief dessin\u00e9 sur le ciel blanc au-dessus des rochers\u00a0: la t\u00eate\u2026 d\u2019une panth\u00e8re des neiges observant celui qui ne l\u2019avait pas vue.<\/p>\n<p class=\"note\">Exposition \u201cLumi\u00e8res sur le vivant. Regarder l\u2019art et la nature avec Vincent Munier\u201d, au mus\u00e9e des Beaux-Arts de Strasbourg (palais Rohan) jusqu\u2019au 27\u00a0avril. Tous les jours sauf mardi.\u00a0Prochaines visites\u00a0: 8 et 22\u00a0f\u00e9vrier \u00e0 11\u00a0h, 8 et 22\u00a0mars \u00e0 11\u00a0h, 16 et 23\u00a0avril \u00e0 15\u00a0h.<\/p>\n","protected":false},"excerpt":{"rendered":"D\u00e8s l\u2019\u00e2ge de 12 ans \u00ab\u00a0Les animaux nous voient avant que nous ne les voyions.\u00a0\u00bb Cette observation du&hellip;\n","protected":false},"author":2,"featured_media":689764,"comment_status":"","ping_status":"","sticky":false,"template":"","format":"standard","meta":{"footnotes":""},"categories":[2820],"tags":[1111,11,1867,1687,2880,1777,674,2271,107,1011,27,775,12,25,104,640,2879],"class_list":{"0":"post-689763","1":"post","2":"type-post","3":"status-publish","4":"format-standard","5":"has-post-thumbnail","7":"category-strasbourg","8":"tag-actu","9":"tag-actualites","10":"tag-animaux","11":"tag-culture-loisirs","12":"tag-edition-strasbourg","13":"tag-eu","14":"tag-europe","15":"tag-exposition-arts-plastiques","16":"tag-fil-info","17":"tag-fr","18":"tag-france","19":"tag-grand-est","20":"tag-news","21":"tag-republique-francaise","22":"tag-societe","23":"tag-strasbourg","24":"tag-strasbourg-ville"},"share_on_mastodon":{"url":"https:\/\/pubeurope.com\/@fr\/115960012094438069","error":""},"_links":{"self":[{"href":"https:\/\/www.europesays.com\/fr\/wp-json\/wp\/v2\/posts\/689763","targetHints":{"allow":["GET"]}}],"collection":[{"href":"https:\/\/www.europesays.com\/fr\/wp-json\/wp\/v2\/posts"}],"about":[{"href":"https:\/\/www.europesays.com\/fr\/wp-json\/wp\/v2\/types\/post"}],"author":[{"embeddable":true,"href":"https:\/\/www.europesays.com\/fr\/wp-json\/wp\/v2\/users\/2"}],"replies":[{"embeddable":true,"href":"https:\/\/www.europesays.com\/fr\/wp-json\/wp\/v2\/comments?post=689763"}],"version-history":[{"count":0,"href":"https:\/\/www.europesays.com\/fr\/wp-json\/wp\/v2\/posts\/689763\/revisions"}],"wp:featuredmedia":[{"embeddable":true,"href":"https:\/\/www.europesays.com\/fr\/wp-json\/wp\/v2\/media\/689764"}],"wp:attachment":[{"href":"https:\/\/www.europesays.com\/fr\/wp-json\/wp\/v2\/media?parent=689763"}],"wp:term":[{"taxonomy":"category","embeddable":true,"href":"https:\/\/www.europesays.com\/fr\/wp-json\/wp\/v2\/categories?post=689763"},{"taxonomy":"post_tag","embeddable":true,"href":"https:\/\/www.europesays.com\/fr\/wp-json\/wp\/v2\/tags?post=689763"}],"curies":[{"name":"wp","href":"https:\/\/api.w.org\/{rel}","templated":true}]}}