{"id":689774,"date":"2026-01-26T06:40:23","date_gmt":"2026-01-26T06:40:23","guid":{"rendered":"https:\/\/www.europesays.com\/fr\/689774\/"},"modified":"2026-01-26T06:40:23","modified_gmt":"2026-01-26T06:40:23","slug":"entre-bordeaux-et-la-gironde-les-candidats-aux-municipales-coinces-dans-le-millefeuille-institutionnel","status":"publish","type":"post","link":"https:\/\/www.europesays.com\/fr\/689774\/","title":{"rendered":"Entre Bordeaux et la Gironde, les candidats aux municipales coinc\u00e9s dans le millefeuille institutionnel"},"content":{"rendered":"<p class=\"wp-block-post-excerpt__excerpt\">Et si la question centrale des municipales bordelaises n\u2019\u00e9tait pas seulement Bordeaux, mais son rapport \u00e0 l\u2019ensemble de la Gironde ? \u00c0 l\u2019initiative de l\u2019architecte Michel P\u00e9tuaud-L\u00e9tang, plusieurs candidats \u00e0 la mairie ont d\u00e9battu de ce sujet : l\u2019\u00e9quilibre entre ville-centre et territoires p\u00e9riph\u00e9riques. <\/p>\n<p><a href=\"https:\/\/rue89bordeaux.com\/category\/analyse\/\" rel=\"tag noopener\" target=\"_blank\">Analyse<\/a>, <a href=\"https:\/\/rue89bordeaux.com\/category\/kiosque-abonne\/\" rel=\"tag noopener\" target=\"_blank\">\u00c9dition abonn\u00e9s<\/a><\/p>\n<p>Walid Salem<\/p>\n<p>Publi\u00e9 le 26 janvier 2026\u00a0\u00a0\u00b7\u00a0\u00a0<\/p>\n<p>Imprim\u00e9 le 26 janvier 2026 \u00e0 07h40\u00a0\u00a0\u00b7\u00a0\u00a0<\/p>\n<p>\t\t\t\t\t7\u00a0minutes\n<\/p>\n<p>Les \u00e9lections municipales ont tendance \u00e0 focaliser sur les questions internes de la ville. L\u2019architecte bordelais, Michel P\u00e9tuaud-L\u00e9tang, en organisant un d\u00e9bat ce jeudi 22 janvier, a voulu confronter les candidats \u00e0 la mairie de Bordeaux \u00e0 une question d\u00e9centr\u00e9e, et c\u2019est le cas de le dire, puisqu\u2019il \u00e9tait question de d\u00e9centralisation de l\u2019attractivit\u00e9 d\u2019une ville-centre vers ses territoires.<\/p>\n<blockquote class=\"wp-block-quote is-layout-flow wp-block-quote-is-layout-flow\">\n<p>\u00ab\u00a0Qu\u2019envisagez vous dans votre programme pour un meilleur \u00e9quilibre entre la ville-centre et son d\u00e9partement ?\u00a0\u00bb<\/p>\n<\/blockquote>\n<p>Derri\u00e8re cette interrogation, un angle pr\u00e9cis : celui d\u2019un syst\u00e8me institutionnel jug\u00e9 inadapt\u00e9 aux r\u00e9alit\u00e9s contemporaines, incapable de r\u00e9pondre aux diff\u00e9rentes contraintes des citadins et des habitants, pouss\u00e9s pour certains \u00e0 s\u2019\u00e9loigner de la ville, donc du centre \u00e9conomique, pour trouver un meilleur cadre de vie, quitte \u00e0 adopter des d\u00e9placements logement-travail peu en phase avec la transition \u00e9cologique.<\/p>\n<p>L\u2019architecte entend ainsi confronter les candidats \u00e0 une de ses id\u00e9es fixes : l\u2019Aire m\u00e9tropolitaine int\u00e9grale \u00e9largie (Amie) d\u00e9fendue dans ses publications, notamment l\u2019ouvrage <a href=\"https:\/\/rue89bordeaux.com\/2021\/04\/confine-ou-en-conge-une-selection-de-trois-livres-a-lire-et-a-regarder\/\" target=\"_blank\" rel=\"noreferrer noopener\">La ville est morte, vive les villes<\/a> (2021, A \u00c9ditions). Parmi ceux qui ont r\u00e9pondu pr\u00e9sents : Thomas Cazenave, Philippe Dessertine, Yves Simone, Micka\u00ebl Baubonne et Virginie Tournay ; St\u00e9phane Pfeiffer repr\u00e9sentait Pierre Hurmic.<\/p>\n<p>\t\tInstitutions d\u00e9pass\u00e9es, territoires disloqu\u00e9s<\/p>\n<p>\u00ab\u00a0L\u2019Organisation mondiale de la sant\u00e9 a d\u00e9clar\u00e9, il y a d\u00e9j\u00e0 deux ans, que le probl\u00e8me mondial de la sant\u00e9 de l\u2019humanit\u00e9, c\u2019est l\u2019urbanisme\u00a0\u00bb, introduit l\u2019architecte et animateur du d\u00e9bat. Il fait r\u00e9f\u00e9rence aux recommandations du guide de l\u2019OMS\u00a0Healthy Urban Planning\u00a0:<\/p>\n<blockquote class=\"wp-block-quote is-layout-flow wp-block-quote-is-layout-flow\">\n<p>\u00ab\u00a0Un urbanisme pour la sant\u00e9, c\u2019est un urbanisme pour les habitants. Il met en valeur l\u2019id\u00e9e que la ville c\u2019est autre chose que des constructions, des rues et des espaces publics, c\u2019est un organisme qui vit, qui respire\u00a0; son \u00e9tat de sant\u00e9 est \u00e9troitement li\u00e9 \u00e0 celui de ses habitants.\u00a0\u00bb<\/p>\n<\/blockquote>\n<p class=\"has-primary-color has-text-color\">\n\t\t\t<strong> Cet article fait partie de l\u2019\u00e9dition abonn\u00e9s.<\/strong><br \/>\n\t\t\t| D\u00e9j\u00e0 abonn\u00e9\u00a0?<br \/>\n\t\t\t<a href=\"https:\/\/rue89bordeaux.com\/user\/login\/\" data-type=\"page\" data-id=\"26256\" target=\"_blank\" rel=\"noopener\">Connectez-vous<\/a>\n\t\t<\/p>\n<p>Abonnez-vous maintenant pour poursuivre votre lecture<\/p>\n<p><img loading=\"lazy\" decoding=\"async\" width=\"607\" height=\"480\" src=\"https:\/\/www.europesays.com\/fr\/wp-content\/uploads\/2025\/04\/1744387698_768_04-paywall.png\" alt=\"Abonnez-vous\" class=\"wp-image-128438\" style=\"aspect-ratio:1.2645833333333334;width:281px;height:auto\"  \/><\/p>\n<p>\t\t\t<a href=\"https:\/\/rue89bordeaux.com\/\" class=\"custom-logo-link\" rel=\"home noopener\" target=\"_blank\"><img loading=\"lazy\" decoding=\"async\" width=\"290\" height=\"49\" src=\"https:\/\/www.europesays.com\/fr\/wp-content\/uploads\/2025\/04\/logo.png\" class=\"custom-logo\" alt=\"Rue89Bordeaux Enqu\u00eates et informations de proximit\u00e9\"  \/><\/a><\/p>\n<p>\n\t\t\t\tAbonnez-vous maintenant pour suivre l\u2019actualit\u00e9 locale.\t\t\t<\/p>\n<p class=\"font-bold font-serif-heading mb-2 text-4xl\">\n\t\t\t\t\t\tL\u2019investigation locale \u00e0 port\u00e9e de main.\n\t\t\t\t\t<\/p>\n<p>\n\t\t\t\t\t\tAbonnez-vous et profitez d\u2019un acc\u00e8s illimit\u00e9 \u00e0 Rue89Bordeaux. Annulez quand vous voulez.\n\t\t\t\t\t<\/p>\n<p class=\"xl:text-sm\">\n\t\t\t\t\tD\u00e9j\u00e0 abonn\u00e9\u00a0?<br \/>\n\t\t\t\t\t<a class=\"border border-transparent text-center transition-colors duration-instant focus:border-info focus:rounded focus:shadow-focus cursor-pointer text-black hover:text-gray-700 active:bg-black-700 font-semibold inline-block\" href=\"https:\/\/rue89bordeaux.com\/user\/login\/?redirect=\/2026\/01\/entre-bordeaux-et-la-gironde-les-candidats-aux-municipales-coinces-dans-le-millefeuille-institutionnel\/\" target=\"_blank\" rel=\"noopener\">Connectez-vous<\/a>\t\t\t\t<\/p>\n<p>\n\t\t\t\tChoisissez votre formule\u00a0:\n\t\t\t<\/p>\n<p>\t\t\t\tFermer<\/p>\n","protected":false},"excerpt":{"rendered":"Et si la question centrale des municipales bordelaises n\u2019\u00e9tait pas seulement Bordeaux, mais son rapport \u00e0 l\u2019ensemble de&hellip;\n","protected":false},"author":2,"featured_media":689775,"comment_status":"","ping_status":"","sticky":false,"template":"","format":"standard","meta":{"footnotes":""},"categories":[2817],"tags":[1111,11,1997,1777,674,1011,27,2905,3434,12,2219,25,1352],"class_list":{"0":"post-689774","1":"post","2":"type-post","3":"status-publish","4":"format-standard","5":"has-post-thumbnail","7":"category-bordeaux","8":"tag-actu","9":"tag-actualites","10":"tag-bordeaux","11":"tag-eu","12":"tag-europe","13":"tag-fr","14":"tag-france","15":"tag-gironde","16":"tag-municipales-2026","17":"tag-news","18":"tag-nouvelle-aquitaine","19":"tag-republique-francaise","20":"tag-urbanisme"},"share_on_mastodon":{"url":"https:\/\/pubeurope.com\/@fr\/115960035726848348","error":""},"_links":{"self":[{"href":"https:\/\/www.europesays.com\/fr\/wp-json\/wp\/v2\/posts\/689774","targetHints":{"allow":["GET"]}}],"collection":[{"href":"https:\/\/www.europesays.com\/fr\/wp-json\/wp\/v2\/posts"}],"about":[{"href":"https:\/\/www.europesays.com\/fr\/wp-json\/wp\/v2\/types\/post"}],"author":[{"embeddable":true,"href":"https:\/\/www.europesays.com\/fr\/wp-json\/wp\/v2\/users\/2"}],"replies":[{"embeddable":true,"href":"https:\/\/www.europesays.com\/fr\/wp-json\/wp\/v2\/comments?post=689774"}],"version-history":[{"count":0,"href":"https:\/\/www.europesays.com\/fr\/wp-json\/wp\/v2\/posts\/689774\/revisions"}],"wp:featuredmedia":[{"embeddable":true,"href":"https:\/\/www.europesays.com\/fr\/wp-json\/wp\/v2\/media\/689775"}],"wp:attachment":[{"href":"https:\/\/www.europesays.com\/fr\/wp-json\/wp\/v2\/media?parent=689774"}],"wp:term":[{"taxonomy":"category","embeddable":true,"href":"https:\/\/www.europesays.com\/fr\/wp-json\/wp\/v2\/categories?post=689774"},{"taxonomy":"post_tag","embeddable":true,"href":"https:\/\/www.europesays.com\/fr\/wp-json\/wp\/v2\/tags?post=689774"}],"curies":[{"name":"wp","href":"https:\/\/api.w.org\/{rel}","templated":true}]}}