{"id":689784,"date":"2026-01-26T06:45:10","date_gmt":"2026-01-26T06:45:10","guid":{"rendered":"https:\/\/www.europesays.com\/fr\/689784\/"},"modified":"2026-01-26T06:45:10","modified_gmt":"2026-01-26T06:45:10","slug":"un-homme-blesse-au-couteau-aux-rosiers-a-marseille","status":"publish","type":"post","link":"https:\/\/www.europesays.com\/fr\/689784\/","title":{"rendered":"Un homme bless\u00e9 au couteau aux Rosiers \u00e0 Marseille"},"content":{"rendered":"<p>Dimanche 25 janvier en soir\u00e9es, aux alentours de 21h30, un homme a \u00e9t\u00e9 bless\u00e9 au couteau cit\u00e9 des Rosiers, <a href=\"https:\/\/www.laprovence.com\/\" target=\"_blank\" rel=\"noopener\">dans le 14e arrondissement de Marseille<\/a>, lors de ce qui semble \u00eatre un diff\u00e9rend avec une connaissance.<\/p>\n<p>\u00c2g\u00e9e d&rsquo;une trentaine d&rsquo;ann\u00e9es la victime souffre de deux plaies au niveau du post\u00e9rieur. Elle a \u00e9t\u00e9 transport\u00e9e \u00e0 l&rsquo;h\u00f4pital par les services de secours sans que son pronostic vital soit engag\u00e9.<\/p>\n","protected":false},"excerpt":{"rendered":"Dimanche 25 janvier en soir\u00e9es, aux alentours de 21h30, un homme a \u00e9t\u00e9 bless\u00e9 au couteau cit\u00e9 des&hellip;\n","protected":false},"author":2,"featured_media":689785,"comment_status":"","ping_status":"","sticky":false,"template":"","format":"standard","meta":{"footnotes":""},"categories":[2814],"tags":[5734,1111,11,1007,3916,1102,5264,1777,674,274,1011,27,4933,884,12,882,25,36281],"class_list":{"0":"post-689784","1":"post","2":"type-post","3":"status-publish","4":"format-standard","5":"has-post-thumbnail","7":"category-marseille","8":"tag-5734","9":"tag-actu","10":"tag-actualites","11":"tag-aux","12":"tag-blesse","13":"tag-breakingnews","14":"tag-couteau","15":"tag-eu","16":"tag-europe","17":"tag-faits-divers-justice","18":"tag-fr","19":"tag-france","20":"tag-homme","21":"tag-marseille","22":"tag-news","23":"tag-provence-alpes-cote-dazur","24":"tag-republique-francaise","25":"tag-rosiers"},"share_on_mastodon":{"url":"https:\/\/pubeurope.com\/@fr\/115960055277662147","error":""},"_links":{"self":[{"href":"https:\/\/www.europesays.com\/fr\/wp-json\/wp\/v2\/posts\/689784","targetHints":{"allow":["GET"]}}],"collection":[{"href":"https:\/\/www.europesays.com\/fr\/wp-json\/wp\/v2\/posts"}],"about":[{"href":"https:\/\/www.europesays.com\/fr\/wp-json\/wp\/v2\/types\/post"}],"author":[{"embeddable":true,"href":"https:\/\/www.europesays.com\/fr\/wp-json\/wp\/v2\/users\/2"}],"replies":[{"embeddable":true,"href":"https:\/\/www.europesays.com\/fr\/wp-json\/wp\/v2\/comments?post=689784"}],"version-history":[{"count":0,"href":"https:\/\/www.europesays.com\/fr\/wp-json\/wp\/v2\/posts\/689784\/revisions"}],"wp:featuredmedia":[{"embeddable":true,"href":"https:\/\/www.europesays.com\/fr\/wp-json\/wp\/v2\/media\/689785"}],"wp:attachment":[{"href":"https:\/\/www.europesays.com\/fr\/wp-json\/wp\/v2\/media?parent=689784"}],"wp:term":[{"taxonomy":"category","embeddable":true,"href":"https:\/\/www.europesays.com\/fr\/wp-json\/wp\/v2\/categories?post=689784"},{"taxonomy":"post_tag","embeddable":true,"href":"https:\/\/www.europesays.com\/fr\/wp-json\/wp\/v2\/tags?post=689784"}],"curies":[{"name":"wp","href":"https:\/\/api.w.org\/{rel}","templated":true}]}}