{"id":689811,"date":"2026-01-26T07:00:21","date_gmt":"2026-01-26T07:00:21","guid":{"rendered":"https:\/\/www.europesays.com\/fr\/689811\/"},"modified":"2026-01-26T07:00:21","modified_gmt":"2026-01-26T07:00:21","slug":"les-valeurs-a-suivre-a-paris-et-en-europe-actualise-26-01-2026-a-0749","status":"publish","type":"post","link":"https:\/\/www.europesays.com\/fr\/689811\/","title":{"rendered":"Les valeurs \u00e0 suivre \u00e0 Paris et en Europe (actualis\u00e9) &#8211; 26\/01\/2026 \u00e0 07:49"},"content":{"rendered":"<p>\n (Actualis\u00e9 avec LVMH, Airbus, Fnac Darty, Herm\u00e8s, EFG<br \/>\nInternational)\n<\/p>\n<p>\n *\n<\/p>\n<p>\n Variation des futures sur indice CAC 40  0#FCE:\n<\/p>\n<p>\n *\n<\/p>\n<p>\n Variation des futures sur indice Stoxx 600  0#FXXP:\n<\/p>\n<p>\n *\n<\/p>\n<p>\n Valeurs qui se traitent ex-dividende  .EX.PA\n<\/p>\n<p>\n *\n<\/p>\n<p>\n Le point sur les march\u00e9s europ\u00e9ens  .EUFR\n<\/p>\n<p>\n Les valeurs \u00e0 suivre lundi<br \/>\n\u00e0 la Bourse de Paris et en Europe :\n<\/p>\n<p>\n * LVMH<br \/>\n <a href=\"https:\/\/www.boursorama.com\/cours\/1rPMC\/\" target=\"_blank\" rel=\"noopener\"><br \/>\n  LVMH.PA<br \/>\n <\/a><br \/>\n &#8211; Des actionnaires du g\u00e9ant fran\u00e7ais du<br \/>\nluxe r\u00e9clament davantage de clart\u00e9 sur la mani\u00e8re et sur la<br \/>\npersonne \u00e0 qui Bernard Arnault entend transmettre les r\u00eanes du<br \/>\ngroupe qu&rsquo;il dirige depuis pr\u00e8s de 40 ans, jugeant que l&rsquo;absence<br \/>\nde transparence constitue d\u00e9sormais un risque croissant pour la<br \/>\nsoci\u00e9t\u00e9.\n<\/p>\n<p>\n * AIRBUS<br \/>\n <a href=\"https:\/\/www.boursorama.com\/cours\/1rPAIR\/\" target=\"_blank\" rel=\"noopener\"><br \/>\n  AIR.PA<br \/>\n <\/a><br \/>\n &#8211; Le directeur g\u00e9n\u00e9ral Guillaume Faury a<br \/>\naverti les salari\u00e9s que l&rsquo;avionneur devait se pr\u00e9parer \u00e0<br \/>\ns&rsquo;adapter \u00e0 de nouveaux risques g\u00e9opolitiques, apr\u00e8s avoir subi<br \/>\nl&rsquo;an dernier des dommages \u00ab\u00a0significatifs\u00a0\u00bb sur les plans<br \/>\nlogistique et financier li\u00e9s au protectionnisme am\u00e9ricain et aux<br \/>\ntensions commerciales entre les \u00c9tats-Unis et la Chine.\n<\/p>\n<p>\n * FNAC DARTY<br \/>\n <a href=\"https:\/\/www.boursorama.com\/cours\/1rPFNAC\/\" target=\"_blank\" rel=\"noopener\"><br \/>\n  FNAC.PA<br \/>\n <\/a><br \/>\n a d\u00e9clar\u00e9 lundi avoir re\u00e7u un<br \/>\nprojet d&rsquo;offre publique d&rsquo;achat de la part d&rsquo;EP Group, soci\u00e9t\u00e9<br \/>\ncontr\u00f4l\u00e9e par Daniel K\u0159et\u00ednsk\u00fd, \u00e0 un prix de 36 euros par<br \/>\naction.\n<\/p>\n<p>\n * DANONE<br \/>\n <a href=\"https:\/\/www.boursorama.com\/cours\/1rPBN\/\" target=\"_blank\" rel=\"noopener\"><br \/>\n  DANO.PA<br \/>\n <\/a><br \/>\n a annonc\u00e9 vendredi soir un rappel, sur<br \/>\ncertains march\u00e9s cibl\u00e9s, de certains lots de laits infantiles,<br \/>\ncitant \u00ab\u00a0l&rsquo;\u00e9volution des recommandations des autorit\u00e9s\u00a0\u00bb.\n<\/p>\n<p>\n * BUREAU VERITAS<br \/>\n <a href=\"https:\/\/www.boursorama.com\/cours\/1rPBVI\/\" target=\"_blank\" rel=\"noopener\"><br \/>\n  BVI.PA<br \/>\n <\/a><br \/>\n a annonc\u00e9 vendredi l&rsquo;acquisition<br \/>\nde SPIN360, un cabinet de conseil italien sp\u00e9cialis\u00e9 dans<br \/>\nl&rsquo;innovation et le d\u00e9veloppement durable aupr\u00e8s des plus grandes<br \/>\nmarques de mode premium et de luxe.\n<\/p>\n<p>\n * HERMES<br \/>\n <a href=\"https:\/\/www.boursorama.com\/cours\/1rPRMS\/\" target=\"_blank\" rel=\"noopener\"><br \/>\n  HRMS.PA<br \/>\n <\/a><br \/>\n &#8211; Jefferies a relev\u00e9 sa<br \/>\nrecommandation \u00e0 \u00ab\u00a0acheter\u00a0\u00bb contre \u00ab\u00a0conserver\u00a0\u00bb.\n<\/p>\n<p>\n *\n<\/p>\n<p>\n RYANAIR\n<\/p>\n<p>\n <a href=\"https:\/\/www.boursorama.com\/cours\/1u0RYA.L\/\" target=\"_blank\" rel=\"noopener\"><br \/>\n  RYA.I<br \/>\n <\/a><br \/>\n &#8211; La compagnie a\u00e9rienne irlandaise a relev\u00e9 lundi<br \/>\nsa pr\u00e9vision de croissance des tarifs moyens pour son exercice<br \/>\nfinancier et a d\u00e9clar\u00e9 que le b\u00e9n\u00e9fice annuel apr\u00e8s imp\u00f4ts<br \/>\nserait probablement sup\u00e9rieur d&rsquo;environ un tiers \u00e0 celui de<br \/>\nl&rsquo;ann\u00e9e derni\u00e8re.\n<\/p>\n<p>\n * EFG INTERNATIONAL<br \/>\n <a href=\"https:\/\/www.boursorama.com\/cours\/2aEFGN\/\" target=\"_blank\" rel=\"noopener\"><br \/>\n  EFGN.S<br \/>\n <\/a><br \/>\n &#8211; La banque suisse a<br \/>\nannonc\u00e9 lundi qu&rsquo;elle allait acqu\u00e9rir Quilvest Switzerland Ltd,<br \/>\nune soci\u00e9t\u00e9 suisse sp\u00e9cialis\u00e9e dans la banque priv\u00e9e et<br \/>\nentretenant des liens de longue date avec l&rsquo;Am\u00e9rique latine.\n<\/p>\n<p>\n L&rsquo;AGENDA FRANCE &amp; INTERNATIONAL \u00c0 7 JOURS:<br \/>\n nL8N3YO0N2\n<\/p>\n<p>\n (R\u00e9dig\u00e9 par Diana Mandia)<\/p>\n","protected":false},"excerpt":{"rendered":"(Actualis\u00e9 avec LVMH, Airbus, Fnac Darty, Herm\u00e8s, EFG International) * Variation des futures sur indice CAC 40 0#FCE:&hellip;\n","protected":false},"author":2,"featured_media":607076,"comment_status":"","ping_status":"","sticky":false,"template":"","format":"standard","meta":{"footnotes":""},"categories":[1586],"tags":[400,11,398,408,405,1777,674,1011,27,403,402,399,404,12,25,401,406,407],"class_list":{"0":"post-689811","1":"post","2":"type-post","3":"status-publish","4":"format-standard","5":"has-post-thumbnail","7":"category-europe","8":"tag-action-cac-40","9":"tag-actualites","10":"tag-bourse-de-paris","11":"tag-boursorama","12":"tag-cotations","13":"tag-eu","14":"tag-europe","15":"tag-fr","16":"tag-france","17":"tag-indices-devises","18":"tag-investir","19":"tag-investissement","20":"tag-marche-boursier","21":"tag-news","22":"tag-republique-francaise","23":"tag-sicav","24":"tag-trackers","25":"tag-warrants"},"share_on_mastodon":{"url":"https:\/\/pubeurope.com\/@fr\/115960114327979150","error":""},"_links":{"self":[{"href":"https:\/\/www.europesays.com\/fr\/wp-json\/wp\/v2\/posts\/689811","targetHints":{"allow":["GET"]}}],"collection":[{"href":"https:\/\/www.europesays.com\/fr\/wp-json\/wp\/v2\/posts"}],"about":[{"href":"https:\/\/www.europesays.com\/fr\/wp-json\/wp\/v2\/types\/post"}],"author":[{"embeddable":true,"href":"https:\/\/www.europesays.com\/fr\/wp-json\/wp\/v2\/users\/2"}],"replies":[{"embeddable":true,"href":"https:\/\/www.europesays.com\/fr\/wp-json\/wp\/v2\/comments?post=689811"}],"version-history":[{"count":0,"href":"https:\/\/www.europesays.com\/fr\/wp-json\/wp\/v2\/posts\/689811\/revisions"}],"wp:featuredmedia":[{"embeddable":true,"href":"https:\/\/www.europesays.com\/fr\/wp-json\/wp\/v2\/media\/607076"}],"wp:attachment":[{"href":"https:\/\/www.europesays.com\/fr\/wp-json\/wp\/v2\/media?parent=689811"}],"wp:term":[{"taxonomy":"category","embeddable":true,"href":"https:\/\/www.europesays.com\/fr\/wp-json\/wp\/v2\/categories?post=689811"},{"taxonomy":"post_tag","embeddable":true,"href":"https:\/\/www.europesays.com\/fr\/wp-json\/wp\/v2\/tags?post=689811"}],"curies":[{"name":"wp","href":"https:\/\/api.w.org\/{rel}","templated":true}]}}