{"id":689826,"date":"2026-01-26T07:14:10","date_gmt":"2026-01-26T07:14:10","guid":{"rendered":"https:\/\/www.europesays.com\/fr\/689826\/"},"modified":"2026-01-26T07:14:10","modified_gmt":"2026-01-26T07:14:10","slug":"apres-sonia-mabrouk-et-pascal-praud-cest-au-tour-de-lau","status":"publish","type":"post","link":"https:\/\/www.europesays.com\/fr\/689826\/","title":{"rendered":"apr\u00e8s Sonia Mabrouk et Pascal Praud, c\u2019est au tour de Lau &#8230;"},"content":{"rendered":"<p>EN BREF<\/p>\n<ul class=\"bloc_resume_post_list\">\n<li>Le 14 janvier 2026, la Cour de cassation a rejet\u00e9 le<br \/>\npourvoi de Jean-Marc Morandini, confirmant sa condamnation pour<br \/>\ncorruption de mineurs.<\/li>\n<li>Malgr\u00e9 sa condamnation, Jean-Marc Morandini reste \u00e0<br \/>\nl\u00a0\u00bbantenne de CNews, ce qui suscite des r\u00e9actions internes,<br \/>\nnotamment de Sonia Mabrouk.<\/li>\n<li>Laurence Ferrari exprime sa position sur la pol\u00e9mique<br \/>\nsans appeler au retrait de Morandini, insistant sur l&rsquo;importance de<br \/>\ngarder son calme.<\/li>\n<\/ul>\n<p class=\"p1\">Un verdict sans appel. Le mercredi 14 janvier 2026,<br \/>\nla Cour de cassation a rejet\u00e9 le pourvoi de <a href=\"https:\/\/www.telestar.fr\/people\/jean-marc-morandini-malgre-sa-condamnation-cnews-lui-renouvelle-sa-confiance-1732923\" target=\"_blank\" rel=\"noopener\"><br \/>\nJean-Marc Morandini, condamn\u00e9 en appel<\/a> <strong>pour des faits<br \/>\nde<\/strong> <strong>\u00ab\u00a0corruption de mineurs\u00a0\u00bb<\/strong> le 21<br \/>\nmars dernier. Cette d\u00e9cision ent\u00e9rine la condamnation d\u00e9finitive de<br \/>\nl&rsquo;animateur de 60 ans \u00e0 deux\u00a0ans de prison avec sursis pour<br \/>\navoir envoy\u00e9 des messages \u00ab\u00a0de nature sexuelle\u00a0\u00bb \u00e0 trois<br \/>\nadolescents.<\/p>\n<p class=\"p1\">Jean-Marc Morandini reste malgr\u00e9 tout <strong>en<br \/>\nodeur de saintet\u00e9 chez CNews<\/strong>. La cha\u00eene d&rsquo;ob\u00e9dience<br \/>\nbollor\u00e9enne assume ouvertement de le garder \u00e0 l&rsquo;antenne. Ce qui ne<br \/>\npla\u00eet pas forc\u00e9ment en interne. \u00ab\u00a0J\u2019ai beaucoup de respect pour<br \/>\nma direction, pour ma hi\u00e9rarchie, mais <strong>en aucun cas \u00e7a ne<br \/>\nvaut de cautionner cela<\/strong>, en aucun cas\u00a0c\u2019est une<br \/>\ncomplaisance morale\u00a0par rapport \u00e0 ce dont nous parlons et qui<br \/>\nest\u00a0d\u2019une gravit\u00e9 r\u00e9elle\u00a0\u00bb, <strong>s&rsquo;est indign\u00e9e Sonia<br \/>\nMabrouk<\/strong> peu apr\u00e8s avoir appris le maintien de son coll\u00e8gue<br \/>\ndans les effectifs de la cha\u00eene. La journaliste, r\u00e9volt\u00e9e, a<br \/>\nn\u00e9anmoins soulign\u00e9 que l&rsquo;animateur n&rsquo;a pas \u00e9t\u00e9 condamn\u00e9e \u00ab\u00a0pour<br \/>\nne plus exercer sa profession\u00a0\u00bb. Une prise de position sur<br \/>\nlaquelle s&rsquo;est \u00e9galement align\u00e9 Pascal Praud.<\/p>\n<p>CNews : de quel c\u00f4t\u00e9 se range Laurence Ferrari<br \/>\n?<\/p>\n<p class=\"p1\">La direction de <a href=\"https:\/\/www.telestar.fr\/actu_tv\/cnews-mise-en-demeure-la-chaine-sur-le-point-detre-arretee-comme-c8-1749753\" target=\"_blank\" rel=\"noopener\"><br \/>\nCNews<\/a> s&rsquo;attendait-elle \u00e0 semer la discorde en refusant de se<br \/>\ns\u00e9parer de Jean-Marc Morandini ? Apr\u00e8s Sonia Mabrouk, c&rsquo;est au tour<br \/>\nd&rsquo;une autre de ses t\u00eates de proue de briser le silence. Si sa<br \/>\nloyaut\u00e9 envers la cha\u00eene reste totale, <a href=\"https:\/\/www.telestar.fr\/people\/laurence-ferrari-ce-lien-de-parente-quelle-a-avec-une-nouvelle-ministre-du-gouvernement-lecornu-1740629\" target=\"_blank\" rel=\"noopener\"><br \/>\nLaurence Ferrari<\/a> n&rsquo;en fait pas moins entendre sa voix dans la<br \/>\npol\u00e9mique qui ne cesse d&rsquo;enfler ces derniers jours.<\/p>\n<p class=\"p4\">\u00ab\u00a0Je\u00a0ne crois pas que quelque chose se soit<br \/>\nd\u00e9nou\u00e9, d\u00e9clare la journaliste dans une interview accord\u00e9e au<br \/>\nParisien. Je\u00a0crois simplement qu&rsquo;<strong>il faut que<br \/>\nchacun garde son calme<\/strong>. Nous allons rentrer dans une phase<br \/>\n\u00e9lectorale o\u00f9 il faut que nous n&rsquo;ayons pas \u00e0 r\u00e9pondre en permanence<br \/>\n\u00e0\u00a0des\u00a0interpellations\u00a0sur\u00a0le\u00a0sujet.<br \/>\n<strong>Notre travail doit pouvoir \u00eatre professionnel<\/strong>,<br \/>\njournalistique.\u00a0\u00bb<\/p>\n<p>CNews : Laurence Ferrari<br \/>\ncondamne-t-elle la d\u00e9cision de la cha\u00eene ?<\/p>\n<p class=\"p1\">La question br\u00fble les l\u00e8vres de nos confr\u00e8res. La<br \/>\nr\u00e9ponse a le m\u00e9rite d&rsquo;\u00eatre claire. <strong>\u00ab\u00a0C&rsquo;est une<br \/>\n\u00e9vidence\u00a0\u00bb,<\/strong> r\u00e9torque Laurence Ferrari, ajoutant :<br \/>\n\u00ab\u00a0Je\u00a0crois simplement qu&rsquo;il faut que chacun garde son<br \/>\ncalme.\u00a0\u00bb La journaliste louvoie quand on lui demande s&rsquo;il est<br \/>\ntenable d&rsquo;avoir \u00e0 l&rsquo;antenne \u00ab\u00a0une personne d\u00e9finitivement<br \/>\ncondamn\u00e9e pour corruption\u00a0de\u00a0mineurs\u00a0\u00bb.<\/p>\n<p class=\"p1\">\u00ab\u00a0Je\u00a0ne peux que vous rappeler <strong>les<br \/>\nvaleurs qui me guident depuis toujours<\/strong>.\u00a0Je\u00a0donne<br \/>\nchaque jour\u00a0sur\u00a0l&rsquo;antenne\u00a0de\u00a0CNews\u00a0la<br \/>\nparole\u00a0aux\u00a0victimes\u00a0\u00bb, assure-t-elle. Laurence<br \/>\nFerrari n&rsquo;appelle pas non plus Jean-Marc Morandini \u00e0 se retirer de<br \/>\nl&rsquo;antenne. \u00ab\u00a0Je\u00a0suis\u00a0dans une d\u00e9marche tr\u00e8s claire,<br \/>\ntr\u00e8s simple, qui est\u00a0de\u00a0dire : Voil\u00e0, <strong>notre voix<br \/>\ncompte et c&rsquo;est important\u00a0de\u00a0la faire<br \/>\nentendre<\/strong>\u00ab\u00a0, conclut-elle. Un appel au calme et \u00e0 faire<br \/>\nla part des choses.<\/p>\n","protected":false},"excerpt":{"rendered":"EN BREF Le 14 janvier 2026, la Cour de cassation a rejet\u00e9 le pourvoi de Jean-Marc Morandini, confirmant&hellip;\n","protected":false},"author":2,"featured_media":689827,"comment_status":"","ping_status":"","sticky":false,"template":"","format":"standard","meta":{"footnotes":""},"categories":[1359],"tags":[548,9722,58,59,1011,27,28917,10034,973,65861],"class_list":{"0":"post-689826","1":"post","2":"type-post","3":"status-publish","4":"format-standard","5":"has-post-thumbnail","7":"category-people","8":"tag-article-simple","9":"tag-cnews","10":"tag-divertissement","11":"tag-entertainment","12":"tag-fr","13":"tag-france","14":"tag-jean-marc-morandini","15":"tag-laurence-ferrari","16":"tag-people","17":"tag-trend"},"share_on_mastodon":{"url":"https:\/\/pubeurope.com\/@fr\/115960169332421539","error":""},"_links":{"self":[{"href":"https:\/\/www.europesays.com\/fr\/wp-json\/wp\/v2\/posts\/689826","targetHints":{"allow":["GET"]}}],"collection":[{"href":"https:\/\/www.europesays.com\/fr\/wp-json\/wp\/v2\/posts"}],"about":[{"href":"https:\/\/www.europesays.com\/fr\/wp-json\/wp\/v2\/types\/post"}],"author":[{"embeddable":true,"href":"https:\/\/www.europesays.com\/fr\/wp-json\/wp\/v2\/users\/2"}],"replies":[{"embeddable":true,"href":"https:\/\/www.europesays.com\/fr\/wp-json\/wp\/v2\/comments?post=689826"}],"version-history":[{"count":0,"href":"https:\/\/www.europesays.com\/fr\/wp-json\/wp\/v2\/posts\/689826\/revisions"}],"wp:featuredmedia":[{"embeddable":true,"href":"https:\/\/www.europesays.com\/fr\/wp-json\/wp\/v2\/media\/689827"}],"wp:attachment":[{"href":"https:\/\/www.europesays.com\/fr\/wp-json\/wp\/v2\/media?parent=689826"}],"wp:term":[{"taxonomy":"category","embeddable":true,"href":"https:\/\/www.europesays.com\/fr\/wp-json\/wp\/v2\/categories?post=689826"},{"taxonomy":"post_tag","embeddable":true,"href":"https:\/\/www.europesays.com\/fr\/wp-json\/wp\/v2\/tags?post=689826"}],"curies":[{"name":"wp","href":"https:\/\/api.w.org\/{rel}","templated":true}]}}