{"id":689828,"date":"2026-01-26T07:15:10","date_gmt":"2026-01-26T07:15:10","guid":{"rendered":"https:\/\/www.europesays.com\/fr\/689828\/"},"modified":"2026-01-26T07:15:10","modified_gmt":"2026-01-26T07:15:10","slug":"a-morlaix-jean-francois-trevien-expose-ses-pastels-au-bar-la-chope","status":"publish","type":"post","link":"https:\/\/www.europesays.com\/fr\/689828\/","title":{"rendered":"\u00c0 Morlaix, Jean-Fran\u00e7ois Tr\u00e9vien expose ses pastels au bar La Chope"},"content":{"rendered":"<p>Jean-Fran\u00e7ois Tr\u00e9vien vient d\u2019accrocher une quinzaine de pastels sur les cimaises du salon feutr\u00e9 et confortable du bar La Chope, place de Viarmes. Il pr\u00e9sente des portraits et des paysages, \u00ab\u00a0souvent avec une touche un peu surr\u00e9aliste\u00a0\u00bb\u00a0: sur l\u2019un des pastels repr\u00e9sentant deux t\u00eates de chevaux sculpt\u00e9s par Bartholdi, l\u2019artiste a ins\u00e9r\u00e9 une t\u00eate de cheval vivant entre les deux sculptures. Parfois, Il s\u2019amuse aussi \u00e0 glisser dans ses tableaux un petit playmobil plus ou moins cach\u00e9, que les enfants adorent chercher\u00a0! \u00ab\u00a0Au-del\u00e0 du dessin, j\u2019aime bien apporter une petite touche qui nous emm\u00e8ne ailleurs\u00a0\u00bb. Aux c\u00f4t\u00e9s de ces \u0153uvres un peu \u00ab\u00a0d\u00e9cal\u00e9es\u00a0\u00bb, laissant entrevoir son esprit cr\u00e9atif et fac\u00e9tieux, Jean-Fran\u00e7ois expose aussi de remarquables portraits.<\/p>\n<p>Car l\u2019homme, qui a \u00e9t\u00e9 photograveur au T\u00e9l\u00e9gramme entre 1975 et 2004, dessine et peint avec passion et sensibilit\u00e9 depuis son adolescence, utilisant plusieurs techniques\u00a0: encre, huile, acrylique et pastel. Il participera d\u2019ailleurs cette ann\u00e9e pour la 4e fois \u00e0 l\u2019exposition internationale de pastel de Foug\u00e8res.<\/p>\n<p><b>Pratique<\/b><\/p>\n<p class=\"note\">Exposition des pastels de Jean-Fran\u00e7ois Tr\u00e9vien au bar La Chope, place de Viarmes, Morlaix. Visible du mardi au vendredi, de 15\u00a0h \u00e0 22\u00a0h, et le samedi, de 9\u00a0h \u00e0 22\u00a0h.<\/p>\n","protected":false},"excerpt":{"rendered":"Jean-Fran\u00e7ois Tr\u00e9vien vient d\u2019accrocher une quinzaine de pastels sur les cimaises du salon feutr\u00e9 et confortable du bar&hellip;\n","protected":false},"author":2,"featured_media":689829,"comment_status":"","ping_status":"","sticky":false,"template":"","format":"standard","meta":{"footnotes":""},"categories":[1358],"tags":[1348,1384,1385,1386,58,59,1011,27,2131],"class_list":{"0":"post-689828","1":"post","2":"type-post","3":"status-publish","4":"format-standard","5":"has-post-thumbnail","7":"category-arts-et-design","8":"tag-arts","9":"tag-arts-and-design","10":"tag-arts-et-design","11":"tag-design","12":"tag-divertissement","13":"tag-entertainment","14":"tag-fr","15":"tag-france","16":"tag-morlaix"},"share_on_mastodon":{"url":"https:\/\/pubeurope.com\/@fr\/115960173216884389","error":""},"_links":{"self":[{"href":"https:\/\/www.europesays.com\/fr\/wp-json\/wp\/v2\/posts\/689828","targetHints":{"allow":["GET"]}}],"collection":[{"href":"https:\/\/www.europesays.com\/fr\/wp-json\/wp\/v2\/posts"}],"about":[{"href":"https:\/\/www.europesays.com\/fr\/wp-json\/wp\/v2\/types\/post"}],"author":[{"embeddable":true,"href":"https:\/\/www.europesays.com\/fr\/wp-json\/wp\/v2\/users\/2"}],"replies":[{"embeddable":true,"href":"https:\/\/www.europesays.com\/fr\/wp-json\/wp\/v2\/comments?post=689828"}],"version-history":[{"count":0,"href":"https:\/\/www.europesays.com\/fr\/wp-json\/wp\/v2\/posts\/689828\/revisions"}],"wp:featuredmedia":[{"embeddable":true,"href":"https:\/\/www.europesays.com\/fr\/wp-json\/wp\/v2\/media\/689829"}],"wp:attachment":[{"href":"https:\/\/www.europesays.com\/fr\/wp-json\/wp\/v2\/media?parent=689828"}],"wp:term":[{"taxonomy":"category","embeddable":true,"href":"https:\/\/www.europesays.com\/fr\/wp-json\/wp\/v2\/categories?post=689828"},{"taxonomy":"post_tag","embeddable":true,"href":"https:\/\/www.europesays.com\/fr\/wp-json\/wp\/v2\/tags?post=689828"}],"curies":[{"name":"wp","href":"https:\/\/api.w.org\/{rel}","templated":true}]}}