{"id":689830,"date":"2026-01-26T07:17:10","date_gmt":"2026-01-26T07:17:10","guid":{"rendered":"https:\/\/www.europesays.com\/fr\/689830\/"},"modified":"2026-01-26T07:17:10","modified_gmt":"2026-01-26T07:17:10","slug":"la-mere-de-karine-le-marchand-fait-une-tres-r","status":"publish","type":"post","link":"https:\/\/www.europesays.com\/fr\/689830\/","title":{"rendered":"la m\u00e8re de Karine Le Marchand fait une tr\u00e8s r &#8230;"},"content":{"rendered":"<p>EN BREF<\/p>\n<ul class=\"bloc_resume_post_list\">\n<li>Le 26 janvier 2026, Michel Drucker re\u00e7oit Karine Le<br \/>\nMarchand dans Vivement Dimanche, une \u00e9mission embl\u00e9matique avec de<br \/>\nnombreux invit\u00e9s prestigieux.<\/li>\n<li>Karine Le Marchand partage des moments marquants de sa<br \/>\ncarri\u00e8re et re\u00e7oit une surprise \u00e9motive de sa m\u00e8re Martine,<br \/>\npr\u00e9sente dans le public.<\/li>\n<li>Les \u00e9changes touchants entre Karine et sa m\u00e8re r\u00e9v\u00e8lent<br \/>\nune relation familiale forte, laissant entrevoir des confidences<br \/>\n\u00e9mouvantes et sinc\u00e8res.<\/li>\n<\/ul>\n<p class=\"p1\"><strong>Alors que le week-end touche \u00e0 sa<br \/>\nfin<\/strong>, Michel Drucker d\u00e9roule le tapis rouge \u00e0 une<br \/>\npersonnalit\u00e9 dans <a href=\"https:\/\/www.telestar.fr\/actu_tv\/vivement-dimanche-france-3-pourquoi-lemission-de-michel-drucker-nest-pas-diffusee-ce-14-decembre-1747226\" target=\"_blank\" rel=\"noopener\"><br \/>\nVivement Dimanche<\/a>. L\u00a0\u00bbind\u00e9boulonnable \u00e9mission a vu d\u00e9filer<br \/>\n<strong>quantit\u00e9 d&rsquo;invit\u00e9s de prestige<\/strong> depuis plusieurs<br \/>\nd\u00e9cennies. La semaine derni\u00e8re encore, son pr\u00e9sentateur recevait<br \/>\nune grande l\u00e9gende du th\u00e9\u00e2tre et du cin\u00e9ma fran\u00e7ais, Francis<br \/>\nHuster, actuellement sur les planches dans une adaptation de la<br \/>\ns\u00e9rie isra\u00e9lienne En th\u00e9rapie.<\/p>\n<p class=\"p1\"><strong>Ce dimanche 26 janvier 2026, c&rsquo;\u00e9tait au tour<br \/>\nde Karine Le Marchand de r\u00e9pondre aux questions de Michel<br \/>\nDrucker.<\/strong> L&rsquo;animatrice est revenu sur les grands moments de<br \/>\nsa carri\u00e8re. L&rsquo;animateur lui a r\u00e9serv\u00e9 une petite surprise entre<br \/>\ndeux confidences&#8230;<\/p>\n<p>Vivement dimanche : Karine Le Marchand face \u00e0 sa<br \/>\nm\u00e8re<\/p>\n<p class=\"p1\">Au cours de l&rsquo;\u00e9mission, Michel Drucker a lanc\u00e9 la<br \/>\ndiffusion d&rsquo;<strong>une courte vid\u00e9o de la m\u00e8re de son invit\u00e9e,<br \/>\nMartine<\/strong>. Cette maman combl\u00e9e a fait une d\u00e9claration<br \/>\nd&rsquo;amour poignante \u00e0 sa c\u00e9l\u00e8bre fille : \u00ab\u00a0<strong>Ma petite<br \/>\nch\u00e9rie, je t\u2019adore. Je suis tr\u00e8s, tr\u00e8s fi\u00e8re de toi<\/strong>, de<br \/>\nl\u2019\u00e9volution de ta carri\u00e8re, et je te souhaite le meilleur pour la<br \/>\nsuite\u00a0\u00bb. Le pr\u00e9sentateur de Vivement Dimanche a ensuite r\u00e9v\u00e9l\u00e9<br \/>\nque Martine se trouvait dans le public.<\/p>\n<p class=\"p1\">Apr\u00e8s avoir identifi\u00e9 sa m\u00e8re au premier rang,<br \/>\n<a href=\"https:\/\/www.telestar.fr\/tele_realite\/lamour-est-dans-le-pre-pourquoi-karine-le-marchand-nest-elle-pas-allee-chez-certains-agriculteurs-1751402\" target=\"_blank\" rel=\"noopener\"><br \/>\nl&rsquo;animatrice de L&rsquo;amour est dans le pr\u00e9<\/a> s&rsquo;est \u00e9panch\u00e9e sur leur<br \/>\nrelation privil\u00e9gi\u00e9e. \u00ab\u00a0<strong>Elle a fait ce qu\u2019elle a pu,<br \/>\nmais c\u2019est vrai que chez nous<\/strong>, on se dit beaucoup les<br \/>\nchoses, on se dit beaucoup qu\u2019on s\u2019aime\u00a0\u00bb, a-t-elle confi\u00e9,<br \/>\npoursuivant : \u00ab\u00a0Je ne suis pas en larmes en la voyant, parce<br \/>\nqu\u2019on se le dit. Je sais que pour beaucoup, dire &lsquo;je suis fier de<br \/>\ntoi&rsquo; ou &lsquo;je t\u2019aime&rsquo;, c\u2019est rare, une question de culture,<br \/>\nd\u2019\u00e9ducation, de pudeur. Chez nous, on se le dit, et c\u2019est<br \/>\nessentiel. <strong>Je n\u2019aimerais pas arriver au bout de ma vie en<br \/>\nme disant que les gens que j\u2019aime ne savaient pas que je les<br \/>\naimais<\/strong>\u00ab\u00a0.<\/p>\n<p>Vivement dimanche : Karine Le<br \/>\nMarchand, m\u00e8re poule ?<\/p>\n<p class=\"p1\">Dans la famille Le Marchand, on prodigue de l&rsquo;amour<br \/>\nsans compter. M\u00e8re de famille, <a href=\"https:\/\/www.telestar.fr\/actu_tv\/karine-le-marchand-a-la-tete-dune-nouvelle-emission-et-vu-la-thematique-le-succes-est-garanti-1751725\" target=\"_blank\" rel=\"noopener\"><br \/>\nKarine Le Marchand<\/a> <strong>ch\u00e9rit sa fille, Alya<\/strong>, n\u00e9e<br \/>\nau mois de novembre 2002. Apr\u00e8s s&rsquo;\u00eatre s\u00e9par\u00e9e du p\u00e8re de la jeune<br \/>\nfille, l&rsquo;animatrice a assum\u00e9 seule cette vie de famille sans rien<br \/>\nn\u00e9gliger.<\/p>\n<p class=\"p1\">La grand-m\u00e8re d&rsquo;Alya d\u00e9borde d&rsquo;admiration pour sa<br \/>\npropre fille. \u00ab\u00a0<strong>Karine est vraiment une m\u00e8re<br \/>\npoule<\/strong>, l&rsquo;entend-on r\u00e9v\u00e9ler dans la vid\u00e9o diffus\u00e9e \u00e0<br \/>\nla demande de Michel Drucker. Moi, je lui ai donn\u00e9 beaucoup<br \/>\nd\u2019affection quand elle \u00e9tait petite, et bien s\u00fbr plus grande, mais<br \/>\n<strong>je n\u2019\u00e9tais pas m\u00e8re poule \u00e0 ce point-l\u00e0<\/strong>.\u00a0\u00bb Un<br \/>\nmoment intime et touchant pour conclure le week-end en beaut\u00e9.<\/p>\n","protected":false},"excerpt":{"rendered":"EN BREF Le 26 janvier 2026, Michel Drucker re\u00e7oit Karine Le Marchand dans Vivement Dimanche, une \u00e9mission embl\u00e9matique&hellip;\n","protected":false},"author":2,"featured_media":689831,"comment_status":"","ping_status":"","sticky":false,"template":"","format":"standard","meta":{"footnotes":""},"categories":[1356],"tags":[548,58,59,1011,27,5413,252,65861,1364],"class_list":{"0":"post-689830","1":"post","2":"type-post","3":"status-publish","4":"format-standard","5":"has-post-thumbnail","7":"category-television","8":"tag-article-simple","9":"tag-divertissement","10":"tag-entertainment","11":"tag-fr","12":"tag-france","13":"tag-karine-le-marchand","14":"tag-television","15":"tag-trend","16":"tag-tv"},"share_on_mastodon":{"url":"https:\/\/pubeurope.com\/@fr\/115960181299738515","error":""},"_links":{"self":[{"href":"https:\/\/www.europesays.com\/fr\/wp-json\/wp\/v2\/posts\/689830","targetHints":{"allow":["GET"]}}],"collection":[{"href":"https:\/\/www.europesays.com\/fr\/wp-json\/wp\/v2\/posts"}],"about":[{"href":"https:\/\/www.europesays.com\/fr\/wp-json\/wp\/v2\/types\/post"}],"author":[{"embeddable":true,"href":"https:\/\/www.europesays.com\/fr\/wp-json\/wp\/v2\/users\/2"}],"replies":[{"embeddable":true,"href":"https:\/\/www.europesays.com\/fr\/wp-json\/wp\/v2\/comments?post=689830"}],"version-history":[{"count":0,"href":"https:\/\/www.europesays.com\/fr\/wp-json\/wp\/v2\/posts\/689830\/revisions"}],"wp:featuredmedia":[{"embeddable":true,"href":"https:\/\/www.europesays.com\/fr\/wp-json\/wp\/v2\/media\/689831"}],"wp:attachment":[{"href":"https:\/\/www.europesays.com\/fr\/wp-json\/wp\/v2\/media?parent=689830"}],"wp:term":[{"taxonomy":"category","embeddable":true,"href":"https:\/\/www.europesays.com\/fr\/wp-json\/wp\/v2\/categories?post=689830"},{"taxonomy":"post_tag","embeddable":true,"href":"https:\/\/www.europesays.com\/fr\/wp-json\/wp\/v2\/tags?post=689830"}],"curies":[{"name":"wp","href":"https:\/\/api.w.org\/{rel}","templated":true}]}}