{"id":68991,"date":"2025-05-02T09:25:07","date_gmt":"2025-05-02T09:25:07","guid":{"rendered":"https:\/\/www.europesays.com\/fr\/68991\/"},"modified":"2025-05-02T09:25:07","modified_gmt":"2025-05-02T09:25:07","slug":"nakagami-en-wildcard-au-gp-de-france","status":"publish","type":"post","link":"https:\/\/www.europesays.com\/fr\/68991\/","title":{"rendered":"Nakagami en wildcard au GP de France"},"content":{"rendered":"<p>Apr\u00e8s la participation d&rsquo;Aleix Espargar\u00f3 au GP d&rsquo;Espagne, c&rsquo;est au tour de Takaaki Nakagami de rev\u00eatir les couleurs du Honda HRC Test Team en GP puisque le Japonais dispose d&rsquo;une wildcard \u00e0 l&rsquo;occasion du Michelin\u00ae Grand Prix de France.<\/p>\n<p>Apr\u00e8s sept saisons pass\u00e9es en MotoGP\u2122 entre 2018 et 2024, Takaaki Nakagami est devenu pilote d&rsquo;essai du Honda HRC en 2025. Suite \u00e0 plusieurs tests priv\u00e9s, le pilote de 33 ans va profiter des <a href=\"https:\/\/www.motogp.com\/fr\/news\/2024\/03\/09\/concesiones-como-puede-cambiar-la-clasificacion-de-los-fabricantes-de-motogp\/491603\" rel=\"nofollow noopener\" target=\"_blank\">concessions accord\u00e9es \u00e0 Honda<\/a> pour disputer son premier GP depuis le GP de la solidarit\u00e9 en novembre dernier.<\/p>\n<p>\u00ab Taka \u00bb \u00e9tait \u00e9galement en piste lors du test de Jerez au cours duquel il a boucl\u00e9 62 tours. Le n\u00b030 retrouvera donc l&rsquo;\u00e9lite le week-end prochain sur un circuit qui lui r\u00e9ussit bien puisqu&rsquo;il y a sign\u00e9 quatre top 10 en MotoGP\u2122.<\/p>\n","protected":false},"excerpt":{"rendered":"Apr\u00e8s la participation d&rsquo;Aleix Espargar\u00f3 au GP d&rsquo;Espagne, c&rsquo;est au tour de Takaaki Nakagami de rev\u00eatir les couleurs&hellip;\n","protected":false},"author":2,"featured_media":68992,"comment_status":"","ping_status":"","sticky":false,"template":"","format":"standard","meta":{"footnotes":""},"categories":[1413],"tags":[1011,27,1457,1456,60,2032],"class_list":{"0":"post-68991","1":"post","2":"type-post","3":"status-publish","4":"format-standard","5":"has-post-thumbnail","7":"category-moto","8":"tag-fr","9":"tag-france","10":"tag-moto","11":"tag-motocycle","12":"tag-sports","13":"tag-text"},"share_on_mastodon":{"url":"https:\/\/pubeurope.com\/@fr\/114437522841933836","error":""},"_links":{"self":[{"href":"https:\/\/www.europesays.com\/fr\/wp-json\/wp\/v2\/posts\/68991","targetHints":{"allow":["GET"]}}],"collection":[{"href":"https:\/\/www.europesays.com\/fr\/wp-json\/wp\/v2\/posts"}],"about":[{"href":"https:\/\/www.europesays.com\/fr\/wp-json\/wp\/v2\/types\/post"}],"author":[{"embeddable":true,"href":"https:\/\/www.europesays.com\/fr\/wp-json\/wp\/v2\/users\/2"}],"replies":[{"embeddable":true,"href":"https:\/\/www.europesays.com\/fr\/wp-json\/wp\/v2\/comments?post=68991"}],"version-history":[{"count":0,"href":"https:\/\/www.europesays.com\/fr\/wp-json\/wp\/v2\/posts\/68991\/revisions"}],"wp:featuredmedia":[{"embeddable":true,"href":"https:\/\/www.europesays.com\/fr\/wp-json\/wp\/v2\/media\/68992"}],"wp:attachment":[{"href":"https:\/\/www.europesays.com\/fr\/wp-json\/wp\/v2\/media?parent=68991"}],"wp:term":[{"taxonomy":"category","embeddable":true,"href":"https:\/\/www.europesays.com\/fr\/wp-json\/wp\/v2\/categories?post=68991"},{"taxonomy":"post_tag","embeddable":true,"href":"https:\/\/www.europesays.com\/fr\/wp-json\/wp\/v2\/tags?post=68991"}],"curies":[{"name":"wp","href":"https:\/\/api.w.org\/{rel}","templated":true}]}}