{"id":689927,"date":"2026-01-26T08:17:15","date_gmt":"2026-01-26T08:17:15","guid":{"rendered":"https:\/\/www.europesays.com\/fr\/689927\/"},"modified":"2026-01-26T08:17:15","modified_gmt":"2026-01-26T08:17:15","slug":"avec-son-invention-un-retraite-parisien-veut-monter-au-front-en-ukraine","status":"publish","type":"post","link":"https:\/\/www.europesays.com\/fr\/689927\/","title":{"rendered":"Avec son invention, un retrait\u00e9 parisien veut monter au front en Ukraine"},"content":{"rendered":"<p> \u00abC\u2019est du domaine de l\u2019eau ti\u00e8de et du fil \u00e0 couper le beurre, c\u2019est tr\u00e8s simple \u00e0 fabriquer\u00a0\u00bb. Philippe G\u00e9raudel a imagin\u00e9 le <a href=\"https:\/\/www.20minutes.fr\/monde\/drone\/\" class=\"c-link c-link--is-underlined\" target=\"_blank\" rel=\"noopener\">drone<\/a> terrestre qui pourrait peut-\u00eatre changer nos vies, le <a href=\"https:\/\/geraudel.online\/page159.html\" target=\"_blank\" class=\"c-link c-link--is-underlined\" rel=\"noopener\">D-2W<\/a>. Cet ancien entrepreneur, qui a toujours \u00ab\u00a0eu un faible pour la mobilit\u00e9\u00a0\u00bb, a imagin\u00e9 un drone sur deux roues pour diff\u00e9rentes activit\u00e9s de notre quotidien (mais aussi pour les terrains de guerre). Il est inspir\u00e9 par les <a href=\"https:\/\/www.20minutes.fr\/economie\/3069007-20210623-montpellier-trottinette-trois-roues-gyropode-siege-nino-robotics-bouscule-mobilite\" class=\"c-link c-link--is-underlined\" target=\"_blank\" rel=\"noopener\">gyropodes<\/a> que la marque Segway avait invent\u00e9s d\u00e8s\u00a02001. Et \u00e0 bien regarder ce \u00ab\u00a0concept drone\u00a0\u00bb comme l\u2019a fait 20 Minutes, on se dit que l\u2019id\u00e9e peut faire du chemin\u2026<\/p>\n<p>Sur le mod\u00e8le d\u2019un gyropode<\/p>\n<p>Il a fait maths SUP, maths SPE, a boss\u00e9 chez Procter &amp; Gamble, et a mont\u00e9 des soci\u00e9t\u00e9s. Durant les diff\u00e9rents confinements, il a m\u00eame cr\u00e9\u00e9 le prototype d\u2019une trottinette \u00e0 trois roues \u00ab\u00a0pour \u00e9viter les probl\u00e8mes dus au free floating en ville\u00a0\u00bb, ceux des trottinettes en location qui tombaient les unes sur les autres l\u00e0 o\u00f9 elles \u00e9taient gar\u00e9es. Un vrai G\u00e9o Trouvetout\u00a0! \u00c0 76 ans, Philippe G\u00e9raudel, retrait\u00e9 parisien que 20 Minutes a rencontr\u00e9, aimerait bien mener \u00e0 son terme un nouveau projet\u00a0: celui d\u2019un drone terrestre mont\u00e9 sur deux roues motrices, tout-terrain, passe-partout, amphibie, con\u00e7u pour diff\u00e9rents m\u00e9tiers, de nombreux services et applications. Mais aussi pour les terrains de guerre.<\/p>\n<p><img decoding=\"async\" alt=\"Les diff\u00e9rents visages et diff\u00e9rentes fonctions que le concept de drone de Philippe G\u00e9raudel pourrait se voir attribuer.\" class=\"c-img\" loading=\"lazy\" fetchpriority=\"auto\" width=\"718\"  src=\"https:\/\/img.20mn.fr\/4nPqyr-uT66ioUZnNIf1Syk\/718x0\" \/>Les diff\u00e9rents visages et diff\u00e9rentes fonctions que le concept de drone de Philippe G\u00e9raudel pourrait se voir attribuer.\u2002-\u00a0Philippe G\u00e9raudel<\/p>\n<p>Imaginez ainsi ce petit drone nomm\u00e9 D-2W flanqu\u00e9 du logo <a href=\"https:\/\/www.20minutes.fr\/dossier\/la_poste\" class=\"c-link c-link--is-underlined\" target=\"_blank\" rel=\"noopener\">La Poste<\/a> ou <a href=\"https:\/\/www.20minutes.fr\/high-tech\/amazon\/\" class=\"c-link c-link--is-underlined\" target=\"_blank\" rel=\"noopener\">Amazon<\/a> et faisant le pied de grue devant la porte de votre pavillon pour vous livrer un colis\u00a0! Imaginez-le navigant \u00e0 l\u2019int\u00e9rieur d\u2019un site pollu\u00e9 pour effectuer des observations. O\u00f9 l\u00e2ch\u00e9 sur un quai de gare pour analyser la dangerosit\u00e9 potentielle d\u2019un sac suspect. Et projetez-le sur un terrain hostile pour r\u00e9aliser une op\u00e9ration de d\u00e9minage\u2026 ou arm\u00e9, aussi, dans le cadre d\u2019un conflit. \u00ab\u00a0Je pense que le syst\u00e8me que j\u2019ai imagin\u00e9 est s\u00e9duisant par sa simplicit\u00e9\u00a0et sa polyvalence\u00a0\u00bb, explique modestement Philippe G\u00e9raudel qui en a bien \u00e9videmment d\u00e9pos\u00e9 le brevet du D-2W.<\/p>\n<p>Pour une cam\u00e9ra\u2026 ou une mitrailleuse<\/p>\n<p>\u00ab\u00a0Ma passion est de d\u00e9velopper des id\u00e9es qui ne sont pas toujours r\u00e9alisables. Mais mon petit drone peut \u00eatre facilement construit. Il vient d\u2019une r\u00e9flexion autour du gyropode de <a href=\"https:\/\/www.segwayfrance.com\" target=\"_blank\" class=\"c-link c-link--is-underlined\" rel=\"noopener\">Segway<\/a> et des robots de <a href=\"https:\/\/bostondynamics.com\" target=\"_blank\" class=\"c-link c-link--is-underlined\" rel=\"noopener\">Boston Dynamics<\/a>\u00a0\u00bb, explique \u00e0 20 Minutes Philippe G\u00e9raudel. \u00c9quip\u00e9 de deux larges roues parall\u00e8les, avec des batteries log\u00e9es sous le ch\u00e2ssis (\u00aben agissant sur le centre de gravit\u00e9, on r\u00e9duit l\u2019effort de correction d\u2019\u00e9quilibre\u00a0\u00bb, explique le concepteur du petit drone), l\u2019appareil voit son bon maintien assur\u00e9 par un syst\u00e8me pendulaire. Il reste stable \u00e0 l\u2019arr\u00eat. Il conserve son \u00e9quilibre m\u00eame en cas de choc ou de coupure moteur. Et il peut \u00e9voluer sur tous types de sols et gravir des pentes jusqu\u2019\u00e0 50\u00b0.<\/p>\n<p><img decoding=\"async\" alt=\"Quand soudain, le drone D-W2 sonne \u00e0 votre porte....\" class=\"c-img\" loading=\"lazy\" fetchpriority=\"auto\" width=\"718\"  src=\"https:\/\/img.20mn.fr\/1OxmtZSgQi6mB2xxkKQYZCk\/718x0-8.620445330283086x1.9631250477077267-86.2997981949068\" \/>Quand soudain, le drone D-W2 sonne \u00e0 votre porte&#8230;.\u2002-\u00a0Philippe G\u00e9raudel<\/p>\n<p>\u00ab\u00a0Apr\u00e8s, sur la plateforme sup\u00e9rieure, on int\u00e8gre ce que l\u2019on souhaite\u00a0: des capteurs, une cam\u00e9ra, une arme\u2026\u00a0\u00bb, pr\u00e9cise Philippe G\u00e9raudel. Qui a pouss\u00e9 son id\u00e9e jusqu\u2019\u00e0 calculer comment l\u2019appareil devait \u00eatre con\u00e7u, selon que l\u2019on souhaite poser dessus une cam\u00e9ra de cin\u00e9ma ou\u2026 une mitrailleuse\u00a0!<\/p>\n<p><a href=\"https:\/\/www.20minutes.fr\/monde\/drone\/\" class=\"c-link c-btn c-btn--primary\" target=\"_blank\" rel=\"noopener\">Notre dossier \u00abDrones\u00bb<\/a><\/p>\n<p>Pour le moment, pas encore de maquette, ni de prototype, mais une foule de \u00ab\u00a0renders\u00a0\u00bb (ou images de rendus), photo r\u00e9alistes fa\u00e7onn\u00e9s gr\u00e2ce \u00e0 l\u2019<a href=\"https:\/\/www.20minutes.fr\/dossier\/intelligence_artificielle\" class=\"c-link c-link--is-underlined\" target=\"_blank\" rel=\"noopener\">intelligence artificielle<\/a>, qui donnent une id\u00e9e tr\u00e8s pr\u00e9cise des d\u00e9bouch\u00e9s que pourrait avoir le drone de notre retrait\u00e9. Et m\u00eame une vid\u00e9o sur YouTube qui parle d\u2019elle-m\u00eame\u2026<\/p>\n<p class=\"mb-m@xs text-l@xs\">En cliquant sur\u00ab J\u2019accepte \u00bb, vous acceptez le d\u00e9p\u00f4t de cookies par des services externes et aurez ainsi acc\u00e8s aux contenus de nos partenaires.<\/p>\n<p class=\"mb-xl@xs text-s@xs\">Plus d\u2019informations sur la page<a href=\"https:\/\/www.20minutes.fr\/gestion-cookies\" class=\"mx-xxs@xs color-ultramarine\" target=\"_blank\" rel=\"noopener\">Politique de gestion des cookies<\/a><\/p>\n<p>J\u2019accepte<\/p>\n<p>Selon Philippe G\u00e9raudel, des industriels fran\u00e7ais seraient int\u00e9ress\u00e9s pour d\u00e9velopper son projet, dont <a href=\"https:\/\/www.taur-robotics.fr\" target=\"_blank\" class=\"c-link c-link--is-underlined\" rel=\"noopener\">Taur Robotics<\/a>, qui fabrique des robots pour le transport des charges lourdes en conditions difficiles. Et particularit\u00e9\u00a0: le concepteur du drone D-2W a fait le choix que son projet reste <a href=\"https:\/\/www.geraudel.online\/page90.html\" target=\"_blank\" class=\"c-link c-link--is-underlined\" rel=\"noopener\">open source<\/a>\u00a0: \u00ab\u00a0\u00e0 76 ans, ce qui m\u2019int\u00e9resse, c\u2019est de faire de la recherche, que ce concept soit repris, plut\u00f4t que de d\u00e9crocher un brevet ou un contrat. Le mod\u00e8le est d\u00e9pos\u00e9 et vendu 1 euro symbolique. Sinon, un don pour <a href=\"https:\/\/www.fondationdefrance.org\/fr\/\" target=\"_blank\" class=\"c-link c-link--is-underlined\" rel=\"noopener\">La Fondation de France<\/a> serait le bienvenu\u00a0\u00bb.<\/p>\n<p>Quant \u00e0 la vocation potentiellement militaire de son drone, Philippe G\u00e9raudel l\u2019assume sans \u00e9tat d\u2019\u00e2me\u00a0: \u00ab\u00a0quand je vois les gens qui se font tirer comme des lapins en <a href=\"https:\/\/www.20minutes.fr\/monde\/ukraine\/\" class=\"c-link c-link--is-underlined\" target=\"_blank\" rel=\"noopener\">Ukraine<\/a>, je n\u2019ai pas de complexe \u00e0 d\u00e9velopper cela. Si \u00e7a peut \u00e9viter des morts\u2026\u00a0\u00bb. Vers une arm\u00e9e sans soldat\u00a0?<\/p>\n","protected":false},"excerpt":{"rendered":"\u00abC\u2019est du domaine de l\u2019eau ti\u00e8de et du fil \u00e0 couper le beurre, c\u2019est tr\u00e8s simple \u00e0 fabriquer\u00a0\u00bb.&hellip;\n","protected":false},"author":2,"featured_media":689928,"comment_status":"","ping_status":"","sticky":false,"template":"","format":"standard","meta":{"footnotes":""},"categories":[2],"tags":[11,1813,215,564,1011,27,1146,131,142,5701,47436,74,12,25,2049],"class_list":{"0":"post-689927","1":"post","2":"type-post","3":"status-publish","4":"format-standard","5":"has-post-thumbnail","7":"category-actualites","8":"tag-actualites","9":"tag-armee","10":"tag-commerce","11":"tag-drone","12":"tag-fr","13":"tag-france","14":"tag-guerre","15":"tag-guerre-en-ukraine","16":"tag-high-tech","17":"tag-innovation","18":"tag-invention","19":"tag-monde","20":"tag-news","21":"tag-republique-francaise","22":"tag-soldat"},"share_on_mastodon":{"url":"https:\/\/pubeurope.com\/@fr\/115960417168366591","error":""},"_links":{"self":[{"href":"https:\/\/www.europesays.com\/fr\/wp-json\/wp\/v2\/posts\/689927","targetHints":{"allow":["GET"]}}],"collection":[{"href":"https:\/\/www.europesays.com\/fr\/wp-json\/wp\/v2\/posts"}],"about":[{"href":"https:\/\/www.europesays.com\/fr\/wp-json\/wp\/v2\/types\/post"}],"author":[{"embeddable":true,"href":"https:\/\/www.europesays.com\/fr\/wp-json\/wp\/v2\/users\/2"}],"replies":[{"embeddable":true,"href":"https:\/\/www.europesays.com\/fr\/wp-json\/wp\/v2\/comments?post=689927"}],"version-history":[{"count":0,"href":"https:\/\/www.europesays.com\/fr\/wp-json\/wp\/v2\/posts\/689927\/revisions"}],"wp:featuredmedia":[{"embeddable":true,"href":"https:\/\/www.europesays.com\/fr\/wp-json\/wp\/v2\/media\/689928"}],"wp:attachment":[{"href":"https:\/\/www.europesays.com\/fr\/wp-json\/wp\/v2\/media?parent=689927"}],"wp:term":[{"taxonomy":"category","embeddable":true,"href":"https:\/\/www.europesays.com\/fr\/wp-json\/wp\/v2\/categories?post=689927"},{"taxonomy":"post_tag","embeddable":true,"href":"https:\/\/www.europesays.com\/fr\/wp-json\/wp\/v2\/tags?post=689927"}],"curies":[{"name":"wp","href":"https:\/\/api.w.org\/{rel}","templated":true}]}}