{"id":689937,"date":"2026-01-26T08:22:11","date_gmt":"2026-01-26T08:22:11","guid":{"rendered":"https:\/\/www.europesays.com\/fr\/689937\/"},"modified":"2026-01-26T08:22:11","modified_gmt":"2026-01-26T08:22:11","slug":"en-direct-open-daustralie-apres-son-coup-de-chaud-sous-la-canicule-de-melbourne-sinner-demarre-tres-fort-son-8e-de-finale","status":"publish","type":"post","link":"https:\/\/www.europesays.com\/fr\/689937\/","title":{"rendered":"EN DIRECT &#8211; Open d\u2019Australie : apr\u00e8s son coup de chaud sous la canicule de Melbourne, Sinner d\u00e9marre tr\u00e8s fort son 8e de finale"},"content":{"rendered":"<p class=\"fig-paragraph\">Dans le tableau f\u00e9minin, Iga Swiatek s\u2019\u00e9lance en favorite face \u00e0 la Locale Maddison Inglis. Ben Shelton et Casper Ruud fermeront ensuite la marche sur la Rod Laver Arena<\/p>\n<p class=\"fig-paragraph\">\u00c0 partir de 9 heures, heure fran\u00e7aise<\/p>\n<p class=\"fig-paragraph\"><strong>Rod Laver Arena<\/strong><br \/>Maddison Inglis (AUS) &#8211; Iga Swiatek (POL, n\u00b02)<br \/>Ben Shelton (USA, n\u00b08) &#8211; Casper Ruud (NOR, n\u00b012)<\/p>\n<p class=\"fig-paragraph\"><strong>Margaret Court Arena<\/strong><br \/>\u00c0 partir de 8 heures, heure fran\u00e7aise<br \/>Luciano Darderi (ITA, n\u00b022) &#8211; Jannik Sinner (ITA, n\u00b02)<\/p>\n","protected":false},"excerpt":{"rendered":"Dans le tableau f\u00e9minin, Iga Swiatek s\u2019\u00e9lance en favorite face \u00e0 la Locale Maddison Inglis. Ben Shelton et&hellip;\n","protected":false},"author":2,"featured_media":689938,"comment_status":"","ping_status":"","sticky":false,"template":"","format":"standard","meta":{"footnotes":""},"categories":[1415],"tags":[47,4169,105,2199,1011,27,1114,20859,35225,1960,4175,1980,60,1467,4170],"class_list":{"0":"post-689937","1":"post","2":"type-post","3":"status-publish","4":"format-standard","5":"has-post-thumbnail","7":"category-tennis","8":"tag-actualite","9":"tag-atp","10":"tag-djokovic","11":"tag-federer","12":"tag-fr","13":"tag-france","14":"tag-infos","15":"tag-jannik-sinner","16":"tag-murray","17":"tag-nadal","18":"tag-open-daustralie","19":"tag-resultats","20":"tag-sports","21":"tag-tennis","22":"tag-wta"},"share_on_mastodon":{"url":"https:\/\/pubeurope.com\/@fr\/115960436640729861","error":""},"_links":{"self":[{"href":"https:\/\/www.europesays.com\/fr\/wp-json\/wp\/v2\/posts\/689937","targetHints":{"allow":["GET"]}}],"collection":[{"href":"https:\/\/www.europesays.com\/fr\/wp-json\/wp\/v2\/posts"}],"about":[{"href":"https:\/\/www.europesays.com\/fr\/wp-json\/wp\/v2\/types\/post"}],"author":[{"embeddable":true,"href":"https:\/\/www.europesays.com\/fr\/wp-json\/wp\/v2\/users\/2"}],"replies":[{"embeddable":true,"href":"https:\/\/www.europesays.com\/fr\/wp-json\/wp\/v2\/comments?post=689937"}],"version-history":[{"count":0,"href":"https:\/\/www.europesays.com\/fr\/wp-json\/wp\/v2\/posts\/689937\/revisions"}],"wp:featuredmedia":[{"embeddable":true,"href":"https:\/\/www.europesays.com\/fr\/wp-json\/wp\/v2\/media\/689938"}],"wp:attachment":[{"href":"https:\/\/www.europesays.com\/fr\/wp-json\/wp\/v2\/media?parent=689937"}],"wp:term":[{"taxonomy":"category","embeddable":true,"href":"https:\/\/www.europesays.com\/fr\/wp-json\/wp\/v2\/categories?post=689937"},{"taxonomy":"post_tag","embeddable":true,"href":"https:\/\/www.europesays.com\/fr\/wp-json\/wp\/v2\/tags?post=689937"}],"curies":[{"name":"wp","href":"https:\/\/api.w.org\/{rel}","templated":true}]}}