{"id":689947,"date":"2026-01-26T08:31:11","date_gmt":"2026-01-26T08:31:11","guid":{"rendered":"https:\/\/www.europesays.com\/fr\/689947\/"},"modified":"2026-01-26T08:31:11","modified_gmt":"2026-01-26T08:31:11","slug":"cette-annonce-officielle-va-faire-hurler-les-fans-de-joie","status":"publish","type":"post","link":"https:\/\/www.europesays.com\/fr\/689947\/","title":{"rendered":"cette annonce officielle va faire hurler les fans de joie &#8230;"},"content":{"rendered":"<p>EN BREF<\/p>\n<ul class=\"bloc_resume_post_list\">\n<li>Depuis 2023, la s\u00e9rie NCIS, diffus\u00e9e sur NBC, continue de<br \/>\ncaptiver des millions de t\u00e9l\u00e9spectateurs \u00e0 travers le<br \/>\nmonde.<\/li>\n<li>La 23e saison, marqu\u00e9e par un \u00e9v\u00e9nement tragique, a<br \/>\nd\u00e9but\u00e9 le 14 octobre, interrompue pour les f\u00eates, et promet une<br \/>\nintrigue de vengeance.<\/li>\n<li>Une annonce r\u00e9jouissante pour les fans : CBS a confirm\u00e9<br \/>\nune 24e saison et de nouveaux \u00e9pisodes pour les spin-offs NCIS :<br \/>\nOrigins et NCIS : Sydney.<\/li>\n<\/ul>\n<p class=\"p1\">Un classique du petit \u00e9cran. Depuis 2023, <a href=\"https:\/\/www.telestar.fr\/serie_tv\/ncis-ca-pourrait-etre-fun-un-couple-inattendu-pret-a-se-former-1748138\" target=\"_blank\" rel=\"noopener\"><br \/>\nNCIS ne d\u00e9ment pas son succ\u00e8s<\/a>. Diffus\u00e9e sur la cha\u00eene<br \/>\nNBC aux \u00c9tats-Unis, la s\u00e9rie polici\u00e8re f\u00e9d\u00e8re plusieurs dizaine de<br \/>\nmillions de t\u00e9l\u00e9spectateurs \u00e0 travers le monde. Chaque ann\u00e9e, le<br \/>\nnetwork n\u00a0\u00bbh\u00e9site pas un instant \u00e0 la renouveler pour le plus grand<br \/>\nbonheur des fans.<\/p>\n<p class=\"p1\">La 22e salve d&rsquo;\u00e9pisodes a \u00e9t\u00e9 particuli\u00e8rement<br \/>\nmarquante. Une personne proche d&rsquo;un membre de l&rsquo;\u00e9quipe NCIS a perdu<br \/>\nla vie de mani\u00e8re tragique. Suite \u00e0 ce rebondissement inattendu,<br \/>\nNBC a donn\u00e9 le coup d&rsquo;envoi de <strong>la vingt-troisi\u00e8me saison le<br \/>\n14 octobre dernier<\/strong> sur le territoire am\u00e9ricaine,<br \/>\n<strong>diffusion interrompue le temps des f\u00eates de fin<br \/>\nd&rsquo;ann\u00e9e<\/strong>. Un chapitre in\u00e9dit plac\u00e9 d&#8217;embl\u00e9e sous le signe<br \/>\nde la vengeance.<\/p>\n<p>NCIS : ce cadeau offert aux fans de la s\u00e9rie<\/p>\n<p class=\"p1\">A l\u2019approche de la sortie de la deuxi\u00e8me partie de la<br \/>\nsaison 23, une annonce officielle va faire hurler de joie les fans.<br \/>\n<strong>CBS a donn\u00e9 le feu vert \u00e0 la mise en chantier d&rsquo;une salve<br \/>\nd&rsquo;\u00e9pisodes suppl\u00e9mentaires<\/strong>. <a href=\"https:\/\/www.telestar.fr\/serie_tv\/ncis-gibbs-nest-pas-le-seul-a-faire-son-come-back-1745258\" target=\"_blank\" rel=\"noopener\"><br \/>\nLa s\u00e9rie port\u00e9e par Gary Cole,<\/a> Sean Murray mais aussi Wilmer<br \/>\nValderrama, Katrina Law et Brian Dietzen n&rsquo;est d&rsquo;ailleurs pas la<br \/>\nseule du network am\u00e9ricain a \u00eatre renouvel\u00e9e une \u00e9ni\u00e8me fois.<br \/>\nCitons notamment des valeurs s\u00fbres de la cha\u00eene comme Tracker,<br \/>\nFire Country, Georgie &amp; Mandy&rsquo;s First Marriage mais aussi<br \/>\nElsbeth.<\/p>\n<p class=\"p1\">L&rsquo;intrigue de NCIS sera donc prolong\u00e9e<br \/>\n<strong>le temps d&rsquo;une vingt-quatri\u00e8me saison d&rsquo;ores et d\u00e9j\u00e0 tr\u00e8s<br \/>\nattendue<\/strong>, alors m\u00eame que la vingt-troisi\u00e8me n&rsquo;a pas encore<br \/>\n\u00e9t\u00e9 diffus\u00e9e en int\u00e9gralit\u00e9. On retrouvera tr\u00e8s probablement<br \/>\nl&rsquo;agent Alden Parker et ses coll\u00e8gues de l&rsquo;\u00e9quipe de NCIS. Les<br \/>\ninconditionnels de la s\u00e9rie se r\u00e9jouiront aussi d&rsquo;appendre que<br \/>\n<strong>les spin-off NCIS : Origins et NCIS : Sydney<br \/>\nauront droit respectivement \u00e0 un troisi\u00e8me et un quatri\u00e8me<br \/>\nchapitre<\/strong>.<\/p>\n<p>NCIS : quand reviendra la saison 23<br \/>\n?<\/p>\n<p class=\"p1\">Il va falloir faire preuve de patience. Les<br \/>\nAm\u00e9ricains de CBS savent parfaitement comment susciter le d\u00e9sir des<br \/>\nfans. Dans un premier temps, il \u00e9tait pr\u00e9vu que <a href=\"https:\/\/www.telestar.fr\/serie_tv\/ncis-mark-harmon-gibbs-revient-tres-bientot-apres-quatre-ans-dabsence-1743545\" target=\"_blank\" rel=\"noopener\"><br \/>\nle feuilleton policier le plus c\u00e9l\u00e8bre du XXIe si\u00e8cle<\/a> fasse son<br \/>\nretour \u00e0 l&rsquo;antenne le 24 f\u00e9vrier prochain. Seulement, les<br \/>\ninconditionnels vont devoir prendre leur mal en patience un peu<br \/>\nplus longtemps.<\/p>\n<p class=\"p1\">En effet, le network \u00e9tatsunien a repouss\u00e9 la<br \/>\ndiffusion de <strong>la seconde partie de la saison 23 au&#8230; 3 mars<br \/>\n2026<\/strong>. <strong>En cause, le discours annuel sur l&rsquo;\u00e9tat de<br \/>\nl&rsquo;Union prononc\u00e9 par le pr\u00e9sident Donald Trump<\/strong> au Congr\u00e8s<br \/>\nam\u00e9ricain, comme le veut une tradition \u00e9tablie depuis longtemps.<br \/>\nNCIS et ses d\u00e9riv\u00e9s ont encore de beaux jours devant<br \/>\njusqu&rsquo;en 2027&#8230; Au moins !<\/p>\n","protected":false},"excerpt":{"rendered":"EN BREF Depuis 2023, la s\u00e9rie NCIS, diffus\u00e9e sur NBC, continue de captiver des millions de t\u00e9l\u00e9spectateurs \u00e0&hellip;\n","protected":false},"author":2,"featured_media":689948,"comment_status":"","ping_status":"","sticky":false,"template":"","format":"standard","meta":{"footnotes":""},"categories":[1356],"tags":[548,58,59,1011,27,4227,252,1364],"class_list":{"0":"post-689947","1":"post","2":"type-post","3":"status-publish","4":"format-standard","5":"has-post-thumbnail","7":"category-television","8":"tag-article-simple","9":"tag-divertissement","10":"tag-entertainment","11":"tag-fr","12":"tag-france","13":"tag-ncis","14":"tag-television","15":"tag-tv"},"share_on_mastodon":{"url":"https:\/\/pubeurope.com\/@fr\/115960472261390628","error":""},"_links":{"self":[{"href":"https:\/\/www.europesays.com\/fr\/wp-json\/wp\/v2\/posts\/689947","targetHints":{"allow":["GET"]}}],"collection":[{"href":"https:\/\/www.europesays.com\/fr\/wp-json\/wp\/v2\/posts"}],"about":[{"href":"https:\/\/www.europesays.com\/fr\/wp-json\/wp\/v2\/types\/post"}],"author":[{"embeddable":true,"href":"https:\/\/www.europesays.com\/fr\/wp-json\/wp\/v2\/users\/2"}],"replies":[{"embeddable":true,"href":"https:\/\/www.europesays.com\/fr\/wp-json\/wp\/v2\/comments?post=689947"}],"version-history":[{"count":0,"href":"https:\/\/www.europesays.com\/fr\/wp-json\/wp\/v2\/posts\/689947\/revisions"}],"wp:featuredmedia":[{"embeddable":true,"href":"https:\/\/www.europesays.com\/fr\/wp-json\/wp\/v2\/media\/689948"}],"wp:attachment":[{"href":"https:\/\/www.europesays.com\/fr\/wp-json\/wp\/v2\/media?parent=689947"}],"wp:term":[{"taxonomy":"category","embeddable":true,"href":"https:\/\/www.europesays.com\/fr\/wp-json\/wp\/v2\/categories?post=689947"},{"taxonomy":"post_tag","embeddable":true,"href":"https:\/\/www.europesays.com\/fr\/wp-json\/wp\/v2\/tags?post=689947"}],"curies":[{"name":"wp","href":"https:\/\/api.w.org\/{rel}","templated":true}]}}