{"id":690014,"date":"2026-01-26T09:09:10","date_gmt":"2026-01-26T09:09:10","guid":{"rendered":"https:\/\/www.europesays.com\/fr\/690014\/"},"modified":"2026-01-26T09:09:10","modified_gmt":"2026-01-26T09:09:10","slug":"une-grande-famille-et-plus-de-50-ans-dechanges-a-lasand-marseille","status":"publish","type":"post","link":"https:\/\/www.europesays.com\/fr\/690014\/","title":{"rendered":"une grande famille et plus de 50 ans d&rsquo;\u00e9changes \u00e0 l&rsquo;ASAND Marseille"},"content":{"rendered":"<p>Des d\u00e9butants, des comp\u00e9titeurs, des pratiquants en loisir&#8230; tout le monde est accueilli \u00e0 l&rsquo;ASAND, club bas\u00e9 dans le 13e arrondissement de Marseille. Au gymnase Antonin-Artaud, plus pr\u00e9cis\u00e9ment. Sept \u00e9quipes sont engag\u00e9es \u00e0 diff\u00e9rents \u00e9chelons, dans l&rsquo;attente de la cr\u00e9ation d&rsquo;une huiti\u00e8me.<\/p>\n<p>Aux origines<\/p>\n<p>L&rsquo;histoire commence en\u00a01974. L&rsquo;ASUD Marseille fusionne avec l&rsquo;Amicale Notre-Dame pour donner naissance \u00e0 l&rsquo;AS Amicale Notre-Dame. Un club qui a longtemps \u00e9t\u00e9 fr\u00e9quent\u00e9 par les Universitaires et qui, depuis, a toujours gard\u00e9 son esprit familial. S\u00e9bastien Malet, pr\u00e9sident depuis 3\u00a0ans, est arriv\u00e9 au club en\u00a01994. D&rsquo;abord joueur de haut niveau, il a c\u00f4toy\u00e9 pendant 5\u00a0ans l&rsquo;entra\u00eeneur de l&rsquo;\u00e9poque, un certain Jean-Ren\u00e9 Mouni\u00e9 (aujourd&rsquo;hui directeur de la performance de la FFTT), avant de devenir lui-m\u00eame entra\u00eeneur.<\/p>\n<p>\u00ab\u00a0C&rsquo;est gr\u00e2ce \u00e0 lui si j&rsquo;ai r\u00e9ussi \u00e0 atteindre ce niveau-l\u00e0\u00a0\u00bb, soutient l&rsquo;enfant du club. Il est \u00e9paul\u00e9 par son ami Michel Franquebalme, lui aussi un ancien de l&rsquo;Amicale et entra\u00eeneur. \u00ab\u00a0Il \u00e9tait vice-champion d&rsquo;Europe quand il \u00e9tait cadet.\u00a0\u00bb S&rsquo;ensuit une p\u00e9riode riche pour le club avec l&rsquo;organisation depuis pr\u00e8s de 30\u00a0ans de l&rsquo;Open de Marseille, des titres individuels et collectifs. Sans oublier, en\u00a02014, une mont\u00e9e historique en Nationale 1.<\/p>\n<p>Aujourd&rsquo;hui<\/p>\n<p>Depuis le d\u00e9m\u00e9nagement au gymnase Antonin-Artaud survenu il y a une d\u00e9cennie, l&rsquo;ASAND compte dans ses rangs pr\u00e8s de 200 licenci\u00e9s et aligne 7 \u00e9quipes en comp\u00e9tition \u00e0 diff\u00e9rents \u00e9chelons (N3, R1, R2, R3, deux \u00e9quipes en D1, et D3). Le club a b\u00e9n\u00e9fici\u00e9 d&rsquo;un engouement monstre ces deux derni\u00e8res ann\u00e9es avec un boom de +\u00a050% de licenci\u00e9s \u00e0 la suite des JO, gr\u00e2ce \u00e0 l&rsquo;\u00e9pop\u00e9e des fr\u00e8res Lebrun. \u00ab\u00a0C&rsquo;est une p\u00e9riode exceptionnelle pour le tennis de table. On remercie les fr\u00e8res Lebrun pour \u00e7a\u00a0\u00bb, explique S\u00e9bastien Malet.<\/p>\n<p>Pour l&rsquo;anecdote, ils avaient fait forte impression en\u00a02021, en s&rsquo;illustrant lors de l&rsquo;Open de Marseille 2021 organis\u00e9 par le club. Le cadet, F\u00e9lix, s&rsquo;\u00e9tait m\u00eame impos\u00e9 sur les deux tableaux les plus prestigieux du tournoi. \u00ab\u00a0Ils nous bluffaient d\u00e9j\u00e0 \u00e0 l&rsquo;\u00e9poque\u00a0\u00bb, raconte-t-il.<\/p>\n<p>En plus de la comp\u00e9tition, le pr\u00e9sident met un point d&rsquo;honneur \u00e0 ce que le club puisse accueillir petits, d\u00e9butants, joueurs loisirs et comp\u00e9titeurs sous un m\u00eame \u00e9tendard et dans une convivialit\u00e9 qui fait sa renomm\u00e9e. \u00ab\u00a0L&rsquo;id\u00e9e, c&rsquo;est que le club soit comme un lieu de vie. Une fois la porte pass\u00e9e, on doit pouvoir s&rsquo;\u00e9clater et passer des bons moments ensemble.\u00a0\u00bb Un beau succ\u00e8s qui n&#8217;emp\u00eache pas de conserver l&rsquo;essence familiale du club. L&rsquo;Amicale porte bien son nom. \u00ab\u00a0Les joueurs ont pass\u00e9 le r\u00e9veillon ensemble. L&rsquo;ambiance au sein de l&rsquo;Amicale est unique. Des anciens comme Jean-Ren\u00e9 reviennent de temps en temps. Il nous a d&rsquo;ailleurs fait la surprise de reprendre sa licence au club. C&rsquo;est l&rsquo;esprit qu&rsquo;il nous a inculqu\u00e9 qu&rsquo;on essaie de retransmettre\u00a0\u00bb, d\u00e9taille tout sourire le pr\u00e9sident.<\/p>\n<p>Et demain\u00a0?<\/p>\n<p>La particularit\u00e9 de l&rsquo;ASAND\u00a0? En plus de l&rsquo;esprit familial, c&rsquo;est son regard tourn\u00e9 vers l&rsquo;avenir. L&rsquo;\u00e9quipe premi\u00e8re, engag\u00e9e en Nationale 3, est compos\u00e9e de Lucas Routier (16\u00a0ans, N.1 \u00e0 Marseille chez les U19 et N.4 chez les adultes), Steve Woudstra (26\u00a0ans, N.3 \u00e0 Marseille) et Kelvin Bevilacqua (21\u00a0ans, N.6 \u00e0 Marseille), tous trois form\u00e9s et entra\u00een\u00e9s au club par Michel Franquebalme (N.1 de la ville dans sa cat\u00e9gorie).<\/p>\n<p>Derri\u00e8re ce trio, d&rsquo;autres jeunes prometteurs attendent patiemment leur chance de briller. Parmi eux, Rapha\u00ebl Lazard, 13 ans, arriv\u00e9 l&rsquo;ann\u00e9e derni\u00e8re au club, N.1 chez les U15 \u00e0 Marseille, et Gabriel Kadoch, 9 ans, form\u00e9 ici, faisant partie des meilleurs jeunes de la r\u00e9gion en cat\u00e9gorie benjamins. Souvent, ce sont ceux qui ont choisi la discipline comme loisir qui se retrouvent en comp\u00e9tition. \u00ab\u00a0C&rsquo;est tellement ouvert comme milieu. On est inclusif, on est en capacit\u00e9 d&rsquo;accueillir les personnes en situation de handicap. C&rsquo;est un sport ludique et accessible, quels que soient l&rsquo;\u00e2ge et le niveau\u00a0\u00bb, affirme S\u00e9bastien Malet.<\/p>\n","protected":false},"excerpt":{"rendered":"Des d\u00e9butants, des comp\u00e9titeurs, des pratiquants en loisir&#8230; tout le monde est accueilli \u00e0 l&rsquo;ASAND, club bas\u00e9 dans&hellip;\n","protected":false},"author":2,"featured_media":690015,"comment_status":"","ping_status":"","sticky":false,"template":"","format":"standard","meta":{"footnotes":""},"categories":[2814],"tags":[5734,1111,11,5244,1777,674,652,1011,27,4027,937,884,12,882,16,25,96,15161],"class_list":{"0":"post-690014","1":"post","2":"type-post","3":"status-publish","4":"format-standard","5":"has-post-thumbnail","7":"category-marseille","8":"tag-5734","9":"tag-actu","10":"tag-actualites","11":"tag-club","12":"tag-eu","13":"tag-europe","14":"tag-famille","15":"tag-fr","16":"tag-france","17":"tag-grande","18":"tag-histoire","19":"tag-marseille","20":"tag-news","21":"tag-provence-alpes-cote-dazur","22":"tag-region","23":"tag-republique-francaise","24":"tag-une","25":"tag-votre"},"share_on_mastodon":{"url":"https:\/\/pubeurope.com\/@fr\/115960621619798933","error":""},"_links":{"self":[{"href":"https:\/\/www.europesays.com\/fr\/wp-json\/wp\/v2\/posts\/690014","targetHints":{"allow":["GET"]}}],"collection":[{"href":"https:\/\/www.europesays.com\/fr\/wp-json\/wp\/v2\/posts"}],"about":[{"href":"https:\/\/www.europesays.com\/fr\/wp-json\/wp\/v2\/types\/post"}],"author":[{"embeddable":true,"href":"https:\/\/www.europesays.com\/fr\/wp-json\/wp\/v2\/users\/2"}],"replies":[{"embeddable":true,"href":"https:\/\/www.europesays.com\/fr\/wp-json\/wp\/v2\/comments?post=690014"}],"version-history":[{"count":0,"href":"https:\/\/www.europesays.com\/fr\/wp-json\/wp\/v2\/posts\/690014\/revisions"}],"wp:featuredmedia":[{"embeddable":true,"href":"https:\/\/www.europesays.com\/fr\/wp-json\/wp\/v2\/media\/690015"}],"wp:attachment":[{"href":"https:\/\/www.europesays.com\/fr\/wp-json\/wp\/v2\/media?parent=690014"}],"wp:term":[{"taxonomy":"category","embeddable":true,"href":"https:\/\/www.europesays.com\/fr\/wp-json\/wp\/v2\/categories?post=690014"},{"taxonomy":"post_tag","embeddable":true,"href":"https:\/\/www.europesays.com\/fr\/wp-json\/wp\/v2\/tags?post=690014"}],"curies":[{"name":"wp","href":"https:\/\/api.w.org\/{rel}","templated":true}]}}