{"id":690036,"date":"2026-01-26T09:21:36","date_gmt":"2026-01-26T09:21:36","guid":{"rendered":"https:\/\/www.europesays.com\/fr\/690036\/"},"modified":"2026-01-26T09:21:36","modified_gmt":"2026-01-26T09:21:36","slug":"starmer-denonce-des-propos-insultants-de-trump-sur-le-role-des-allies-de-lotan-en-afghanistan-24-01-2026-a-0044","status":"publish","type":"post","link":"https:\/\/www.europesays.com\/fr\/690036\/","title":{"rendered":"Starmer d\u00e9nonce des propos \u00ab\u00a0insultants\u00a0\u00bb de Trump sur le r\u00f4le des alli\u00e9s de l&rsquo;Otan en Afghanistan &#8211; 24\/01\/2026 \u00e0 00:44"},"content":{"rendered":"<p>        <img decoding=\"async\" src=\"https:\/\/www.europesays.com\/fr\/wp-content\/uploads\/2026\/01\/a1d4ce03d2c56502bf64dcf3a4f4b0ab-760x527.jpg\" alt=\"Un mur portant les noms des militaires britanniques morts en Afghanistan depuis 2001 au cimeti\u00e8re britannique de Kaboul, le 22 octobre 2010 ( AFP \/ SHAH MARAI )\" loading=\"eager\" fetchpriority=\"high\" width=\"760\" height=\"527\" style=\"max-width: 100%!important; height: auto;\"\/><\/p>\n<p class=\"c-image-news__legend\">Un mur portant les noms des militaires britanniques morts en Afghanistan depuis 2001 au cimeti\u00e8re britannique de Kaboul, le 22 octobre 2010 ( AFP \/ SHAH MARAI )<\/p>\n<p>\n Le Premier ministre britannique Keir Starmer, \u00e0 l&rsquo;unisson de toute la classe politique du Royaume-Uni, a estim\u00e9 vendredi \u00ab\u00a0insultants\u00a0\u00bb et \u00ab\u00a0franchement consternants\u00a0\u00bb des propos de Donald Trump affirmant que les alli\u00e9s de l&rsquo;Otan \u00e9taient \u00ab\u00a0rest\u00e9s un peu loin des lignes de front\u00a0\u00bb en Afghanistan.\n<\/p>\n<p>\n Dans une interview jeudi \u00e0 la cha\u00eene am\u00e9ricaine Fox News, le pr\u00e9sident am\u00e9ricain a critiqu\u00e9 le r\u00f4le des autres pays membres de l&rsquo;Otan durant les 20 ans de conflit, assurant que les Etats-Unis n&rsquo;ont \u00ab\u00a0jamais eu besoin d&rsquo;eux\u00a0\u00bb.\n<\/p>\n<p>\n \u00ab\u00a0Ils diront qu&rsquo;ils ont envoy\u00e9 des troupes en Afghanistan&#8230; et c&rsquo;est vrai, mais ils sont rest\u00e9s un peu en retrait, un peu loin des lignes de front\u00a0\u00bb, a-t-il d\u00e9clar\u00e9, en r\u00e9f\u00e9rence \u00e0 l&rsquo;intervention de la coalition internationale emmen\u00e9e par les Etats-Unis pour chasser Al-Qa\u00efda de ses sanctuaires afghans apr\u00e8s les attentats du 11 septembre 2001.\n<\/p>\n<p>\n A l&rsquo;issue d&rsquo;une semaine de hautes tensions autour du Groenland, ces d\u00e9clarations ont ouvert un nouveau front entre Washington et ses alli\u00e9s et provoqu\u00e9 de vives critiques en Europe. Le toll\u00e9 a \u00e9t\u00e9 particuli\u00e8rement fort au Royaume-Uni, pays ayant enregistr\u00e9 le plus de pertes en Afghanistan (457 soldats tu\u00e9s) derri\u00e8re les Etats-Unis (2.400).\n<\/p>\n<p>        <img decoding=\"async\" src=\"https:\/\/www.europesays.com\/fr\/wp-content\/uploads\/2026\/01\/483fc83a3bd14f7c1900fdd848f4f22d-760x507.jpg\" alt=\"Le Premier ministre britannique Keir Starmer \u00e0 Londres, le 19 janvier 2026 ( POOL \/ Jordan Pettitt )\" loading=\"eager\" fetchpriority=\"high\" width=\"760\" height=\"507\" style=\"max-width: 100%!important; height: auto;\"\/><\/p>\n<p class=\"c-image-news__legend\">Le Premier ministre britannique Keir Starmer \u00e0 Londres, le 19 janvier 2026 ( POOL \/ Jordan Pettitt )<\/p>\n<p>\n \u00ab\u00a0Je consid\u00e8re les propos du pr\u00e9sident Trump comme insultants et franchement consternants, et je ne suis pas surpris qu&rsquo;ils aient caus\u00e9 une telle souffrance aux proches des personnes tu\u00e9es ou bless\u00e9es\u00a0\u00bb en Afghanistan, a d\u00e9clar\u00e9 Keir Starmer aux cha\u00eenes de t\u00e9l\u00e9vision britanniques.\n<\/p>\n<p>\n \u00ab\u00a0Si j&rsquo;avais prononc\u00e9 ces mots, je m&rsquo;excuserais certainement\u00a0\u00bb, a ajout\u00e9 le dirigeant travailliste, rendant hommage aux soldats britanniques tu\u00e9s ou bless\u00e9s en Afghanistan.\n<\/p>\n<p>\n Loin de s&rsquo;excuser et sans r\u00e9pondre directement \u00e0 ces propos, la Maison Blanche, a r\u00e9pliqu\u00e9 dans une d\u00e9claration transmise \u00e0 l&rsquo;AFP que \u00ab\u00a0les Etats-Unis avaient plus fait pour l&rsquo;Otan que tous les autres\u00a0\u00bb.\n<\/p>\n<p> &#8211; \u00ab\u00a0Honteux\u00a0\u00bb &#8211;<\/p>\n<p>        <img decoding=\"async\" src=\"https:\/\/www.europesays.com\/fr\/wp-content\/uploads\/2026\/01\/c06089d8c9022e65d7b49180fb993463-760x494.jpg\" alt=\"Le prince Harry en patrouille dans la ville d\u00e9sert\u00e9e de Garmser, pr\u00e8s de la base op\u00e9rationnelle avanc\u00e9e de Delhi (FOB Delhi), le 2 janvier 2008, o\u00f9 il \u00e9tait en poste dans la province d'Helmand, dans le sud de l'Afghanistan ( POOL \/ JOHN STILLWELL )\" loading=\"eager\" fetchpriority=\"high\" width=\"760\" height=\"494\" style=\"max-width: 100%!important; height: auto;\"\/><\/p>\n<p class=\"c-image-news__legend\">Le prince Harry en patrouille dans la ville d\u00e9sert\u00e9e de Garmser, pr\u00e8s de la base op\u00e9rationnelle avanc\u00e9e de Delhi (FOB Delhi), le 2 janvier 2008, o\u00f9 il \u00e9tait en poste dans la province d&rsquo;Helmand, dans le sud de l&rsquo;Afghanistan ( POOL \/ JOHN STILLWELL )<\/p>\n<p>\n Plus de 150.000 membres des forces arm\u00e9es britanniques ont \u00e9t\u00e9 d\u00e9ploy\u00e9s en Afghanistan entre septembre 2001 et ao\u00fbt 2021.\n<\/p>\n<p>\n Parmi eux, se trouvait le prince Harry, fils cadet du roi Charles III, qui a servi \u00e0 deux reprises en Afghanistan, en 2007-2008 pendant 10 semaines, puis de septembre 2012 \u00e0 janvier 2013.\n<\/p>\n<p>\n \u00ab\u00a0Des milliers de vies ont \u00e9t\u00e9 boulevers\u00e9es \u00e0 jamais. Des m\u00e8res et des p\u00e8res ont enterr\u00e9 leurs fils et leurs filles. Des enfants se sont retrouv\u00e9s sans parents\u00a0\u00bb, a-t-il \u00e9crit dans un communiqu\u00e9. \u00ab\u00a0Ces sacrifices m\u00e9ritent d&rsquo;\u00eatre \u00e9voqu\u00e9s avec sinc\u00e9rit\u00e9 et respect\u00a0\u00bb, a ajout\u00e9 le prince qui vit en Californie.\n<\/p>\n<p>\n La cheffe de l&rsquo;opposition conservatrice Kemi Badenoch a d\u00e9nonc\u00e9 sur X les \u00ab\u00a0commentaires honteux\u00a0\u00bb du pr\u00e9sident am\u00e9ricain, estimant qu&rsquo;ils \u00ab\u00a0sont erron\u00e9s sur le plan des faits, affaiblissent l&rsquo;Otan et d\u00e9nigrent la m\u00e9moire (des) courageux soldats qui ont servi dans ce pays\u00a0\u00bb.\n<\/p>\n<p>        <img decoding=\"async\" src=\"https:\/\/www.europesays.com\/fr\/wp-content\/uploads\/2026\/01\/df5cd8b0cb383fc6192f37667d901396-760x476.jpg\" alt=\"Le cercueil d'un soldat britannique quitte la chapelle militaire royale de la caserne Wellington \u00e0 Londres, le 1er d\u00e9cembre 2009, tu\u00e9 avec quatre autres soldats britanniques lors d'un incident \u00e0 un point de contr\u00f4le de police \u00e0 Nad e-Ali, en Afghanistan, le 3 novembre 2009 ( AFP \/ Adrian DENNIS )\" loading=\"eager\" fetchpriority=\"high\" width=\"760\" height=\"476\" style=\"max-width: 100%!important; height: auto;\"\/><\/p>\n<p class=\"c-image-news__legend\">Le cercueil d&rsquo;un soldat britannique quitte la chapelle militaire royale de la caserne Wellington \u00e0 Londres, le 1er d\u00e9cembre 2009, tu\u00e9 avec quatre autres soldats britanniques lors d&rsquo;un incident \u00e0 un point de contr\u00f4le de police \u00e0 Nad e-Ali, en Afghanistan, le 3 novembre 2009 ( AFP \/ Adrian DENNIS )<\/p>\n<p>\n M\u00eame le leader du parti anti-immigration Reform UK, Nigel Farage, pourtant fervent supporteur de Donald Trump, a jug\u00e9 que le r\u00e9publicain faisait \u00ab\u00a0erreur\u00a0\u00bb: \u00ab\u00a0Pendant 20 ans nos forces arm\u00e9es ont combattu courageusement aux c\u00f4t\u00e9s des forces am\u00e9ricaines\u00a0\u00bb.\n<\/p>\n<p>\n \u00ab\u00a0Le service et le sacrifice du personnel britannique en Afghanistan ne peuvent \u00eatre remis en question, et nous condamnons tout commentaire qui sape leur contribution extraordinaire\u00a0\u00bb, a comment\u00e9 la Royal British Legion, organisation de soutien aux anciens combattants.\n<\/p>\n<p>\n En Pologne, le ministre de la D\u00e9fense a demand\u00e9 \u00ab\u00a0du respect \u00e0 l&rsquo;\u00e9gard des v\u00e9t\u00e9rans de l&rsquo;arm\u00e9e polonaise\u00a0\u00bb, dont 43 soldats sont morts en mission en Afghanistan.\n<\/p>\n<p>        <img decoding=\"async\" src=\"https:\/\/www.europesays.com\/fr\/wp-content\/uploads\/2026\/01\/e6547cfd6e078b335040cbbeeb2bfd29-760x506.jpg\" alt=\"Des plaques portant les noms de soldats \u00e9trangers morts pendant la guerre en Afghanistan sur un mur  du cimeti\u00e8re britannique \u00e0 Kaboul, le 22 mai 2025 ( AFP \/ Wakil KOHSAR )\" loading=\"eager\" fetchpriority=\"high\" width=\"760\" height=\"506\" style=\"max-width: 100%!important; height: auto;\"\/><\/p>\n<p class=\"c-image-news__legend\">Des plaques portant les noms de soldats \u00e9trangers morts pendant la guerre en Afghanistan sur un mur  du cimeti\u00e8re britannique \u00e0 Kaboul, le 22 mai 2025 ( AFP \/ Wakil KOHSAR )<\/p>\n<p>\n Parmi les autres alli\u00e9s de l&rsquo;Otan, le Canada a perdu 158 soldats en Afghanistan, selon un site gouvernemental.\n<\/p>\n<p>\n La France, qui a \u00e9t\u00e9 pr\u00e9sente militairement en Afghanistan de 2001 \u00e0 2014 et a compt\u00e9 jusqu&rsquo;\u00e0 pr\u00e8s de 4.000 soldats dans ce pays au plus fort de l&rsquo;engagement de l&rsquo;Otan, a elle perdu 89 soldats.\n<\/p>\n<p>\n \u00ab\u00a0Nous nous souvenons de leur sacrifice qui impose le respect\u00a0\u00bb, a \u00e9crit sur X la ministre fran\u00e7aise des Arm\u00e9es, Catherine Vautrin.\n<\/p>\n<p>\n Le Danemark recense de son c\u00f4t\u00e9 44 soldats morts en Afghanistan, dont 37 au combat.<\/p>\n","protected":false},"excerpt":{"rendered":"Un mur portant les noms des militaires britanniques morts en Afghanistan depuis 2001 au cimeti\u00e8re britannique de Kaboul,&hellip;\n","protected":false},"author":2,"featured_media":690037,"comment_status":"","ping_status":"","sticky":false,"template":"","format":"standard","meta":{"footnotes":""},"categories":[1588],"tags":[400,11,398,408,405,1777,674,403,402,399,404,12,473,1853,401,406,1851,1850,1852,407],"class_list":{"0":"post-690036","1":"post","2":"type-post","3":"status-publish","4":"format-standard","5":"has-post-thumbnail","7":"category-royaume-uni","8":"tag-action-cac-40","9":"tag-actualites","10":"tag-bourse-de-paris","11":"tag-boursorama","12":"tag-cotations","13":"tag-eu","14":"tag-europe","15":"tag-indices-devises","16":"tag-investir","17":"tag-investissement","18":"tag-marche-boursier","19":"tag-news","20":"tag-royaume-uni","21":"tag-royaume-uni-de-grande-bretagne-et-dirlande-du-nord","22":"tag-sicav","23":"tag-trackers","24":"tag-uk","25":"tag-united-kingdom","26":"tag-united-kingdom-of-great-britain-and-northern-ireland","27":"tag-warrants"},"share_on_mastodon":{"url":"https:\/\/pubeurope.com\/@fr\/115960668990678290","error":""},"_links":{"self":[{"href":"https:\/\/www.europesays.com\/fr\/wp-json\/wp\/v2\/posts\/690036","targetHints":{"allow":["GET"]}}],"collection":[{"href":"https:\/\/www.europesays.com\/fr\/wp-json\/wp\/v2\/posts"}],"about":[{"href":"https:\/\/www.europesays.com\/fr\/wp-json\/wp\/v2\/types\/post"}],"author":[{"embeddable":true,"href":"https:\/\/www.europesays.com\/fr\/wp-json\/wp\/v2\/users\/2"}],"replies":[{"embeddable":true,"href":"https:\/\/www.europesays.com\/fr\/wp-json\/wp\/v2\/comments?post=690036"}],"version-history":[{"count":0,"href":"https:\/\/www.europesays.com\/fr\/wp-json\/wp\/v2\/posts\/690036\/revisions"}],"wp:featuredmedia":[{"embeddable":true,"href":"https:\/\/www.europesays.com\/fr\/wp-json\/wp\/v2\/media\/690037"}],"wp:attachment":[{"href":"https:\/\/www.europesays.com\/fr\/wp-json\/wp\/v2\/media?parent=690036"}],"wp:term":[{"taxonomy":"category","embeddable":true,"href":"https:\/\/www.europesays.com\/fr\/wp-json\/wp\/v2\/categories?post=690036"},{"taxonomy":"post_tag","embeddable":true,"href":"https:\/\/www.europesays.com\/fr\/wp-json\/wp\/v2\/tags?post=690036"}],"curies":[{"name":"wp","href":"https:\/\/api.w.org\/{rel}","templated":true}]}}