{"id":690038,"date":"2026-01-26T09:22:24","date_gmt":"2026-01-26T09:22:24","guid":{"rendered":"https:\/\/www.europesays.com\/fr\/690038\/"},"modified":"2026-01-26T09:22:24","modified_gmt":"2026-01-26T09:22:24","slug":"allemagne-le-climat-des-affaires-stable-en-janvier-ifo","status":"publish","type":"post","link":"https:\/\/www.europesays.com\/fr\/690038\/","title":{"rendered":"Allemagne-Le climat des affaires stable en janvier &#8211; Ifo"},"content":{"rendered":"<p class=\"txt-s3 my-0\"><b>Les points de friction se multiplient sur les march\u00e9s<\/b><\/p>\n<p class=\" mt-10 mb-0 txt-overflow-4\">\n                            La p\u00e9riode pour le moins agit\u00e9e que traversent les relations internationales n&rsquo;a, au final, qu&rsquo;un impact limit\u00e9 sur les march\u00e9s actions. A l&rsquo;aube de la derni\u00e8re semaine du mois, le bilan de janvier est globalement positif, m\u00eame si les gains sont loin d&rsquo;\u00eatre solides, exception faite de la Cor\u00e9e du Sud o\u00f9 la fr\u00e9n\u00e9sie de 2025 n&rsquo;a pas pris fin avec la nouvelle ann\u00e9e.\n                    <\/p>\n","protected":false},"excerpt":{"rendered":"Les points de friction se multiplient sur les march\u00e9s La p\u00e9riode pour le moins agit\u00e9e que traversent les&hellip;\n","protected":false},"author":2,"featured_media":48534,"comment_status":"","ping_status":"","sticky":false,"template":"","format":"standard","meta":{"footnotes":""},"categories":[1587],"tags":[11,672,340,1804,1805,1803,1777,674,1801,12,1802],"class_list":{"0":"post-690038","1":"post","2":"type-post","3":"status-publish","4":"format-standard","5":"has-post-thumbnail","7":"category-allemagne","8":"tag-actualites","9":"tag-allemagne","10":"tag-bourse","11":"tag-bundesrepublik-deutschland","12":"tag-de","13":"tag-deutschland","14":"tag-eu","15":"tag-europe","16":"tag-germany","17":"tag-news","18":"tag-republique-federale-dallemagne"},"share_on_mastodon":{"url":"https:\/\/pubeurope.com\/@fr\/115960672659308655","error":""},"_links":{"self":[{"href":"https:\/\/www.europesays.com\/fr\/wp-json\/wp\/v2\/posts\/690038","targetHints":{"allow":["GET"]}}],"collection":[{"href":"https:\/\/www.europesays.com\/fr\/wp-json\/wp\/v2\/posts"}],"about":[{"href":"https:\/\/www.europesays.com\/fr\/wp-json\/wp\/v2\/types\/post"}],"author":[{"embeddable":true,"href":"https:\/\/www.europesays.com\/fr\/wp-json\/wp\/v2\/users\/2"}],"replies":[{"embeddable":true,"href":"https:\/\/www.europesays.com\/fr\/wp-json\/wp\/v2\/comments?post=690038"}],"version-history":[{"count":0,"href":"https:\/\/www.europesays.com\/fr\/wp-json\/wp\/v2\/posts\/690038\/revisions"}],"wp:featuredmedia":[{"embeddable":true,"href":"https:\/\/www.europesays.com\/fr\/wp-json\/wp\/v2\/media\/48534"}],"wp:attachment":[{"href":"https:\/\/www.europesays.com\/fr\/wp-json\/wp\/v2\/media?parent=690038"}],"wp:term":[{"taxonomy":"category","embeddable":true,"href":"https:\/\/www.europesays.com\/fr\/wp-json\/wp\/v2\/categories?post=690038"},{"taxonomy":"post_tag","embeddable":true,"href":"https:\/\/www.europesays.com\/fr\/wp-json\/wp\/v2\/tags?post=690038"}],"curies":[{"name":"wp","href":"https:\/\/api.w.org\/{rel}","templated":true}]}}