{"id":690213,"date":"2026-01-26T11:10:10","date_gmt":"2026-01-26T11:10:10","guid":{"rendered":"https:\/\/www.europesays.com\/fr\/690213\/"},"modified":"2026-01-26T11:10:10","modified_gmt":"2026-01-26T11:10:10","slug":"nationale-ils-sont-fous-ces-normands-lincroyable-remontada-de-rouen-qui-simpose-apres-un-retard-de-19-points","status":"publish","type":"post","link":"https:\/\/www.europesays.com\/fr\/690213\/","title":{"rendered":"Nationale &#8211; \u00ab\u00a0Ils sont fous, ces Normands !\u00a0\u00bb : l&rsquo;incroyable remontada de Rouen qui s&rsquo;impose apr\u00e8s un retard de 19 points"},"content":{"rendered":"<p>\n                Apr\u00e8s une premi\u00e8re mi temps calamiteuse, Rouen a d\u00e9cid\u00e9 de ne pas sombrer, offrant sa meilleure deuxi\u00e8me mi-temps depuis bien longtemps.\n            <\/p>\n<p>On reste encore pantois, \u00e0 l\u2019heure o\u00f9 nous \u00e9crivons ses lignes, quant au d\u00e9roul\u00e9 de ce match. Rouen, men\u00e9 19-0 sur son terrain \u00e0 la pause par une \u00e9quipe de Narbonne rapide et conqu\u00e9rante, vient de l\u2019emporter 20-19, apr\u00e8s quarante minutes de haute valeur, ce genre de sc\u00e9nario qui peut relancer une formation bien moribonde en ce d\u00e9but de mois de janvier.<\/p>\n<p>Apr\u00e8s un mois de d\u00e9cembre coh\u00e9rent, Rouen venait de perdre \u00e0 Marcq-en-Baroeul, apr\u00e8s une premi\u00e8re mi-temps d\u00e9j\u00e0 difficile. \u00ab\u00a0On ne cesse de rappeler les choses pour lesquelles on doit se battre. On a repris des choses simples en seconde p\u00e9riode, tenir le ballon, ma\u00eetriser nos \u00e9motions. On doit pouvoir faire bien mieux sur 80 minutes. En premi\u00e8re on a jamais le ballon, on d\u00e9fend fort mais on ne d\u00e9veloppe rien\u00a0\u00bb, confie Mathieu Bonnot, le capitaine de Rouen.<\/p>\n<p>J.-C. Astle r\u00e9compens\u00e9<\/p>\n<p>Rouen avait une forte \u00e9motion ce soir et a eu \u00e0 c\u0153ur de ne pas laisser partir son solide deuxi\u00e8me ligne sud africain J.-C. Astle sur une nouvelle d\u00e9faite. \u00ab\u00a0Entre Jean Leleu qui f\u00eate sa centi\u00e8me la semaine derni\u00e8re, Willy N\u2019Diaye son centi\u00e8me match ce soir et J.-C. Astle qui jouait son dernier match pro, on ne pouvait pas en prendre trente ce soir. Je remercie aussi le public qui ne nous a pas l\u00e2ch\u00e9s et bien pouss\u00e9 \u00e0 la fin, c\u2019est important pour nous ce stade\u00a0\u00bb, conclut le capitaine. C\u00f4t\u00e9 Narbonne, Jacques Delmas, le coach, a pris le temps apr\u00e8s la rencontre pour venir parler de son sentiment d\u2019ensemble. \u00ab\u00a0Je vais vite \u00e9vacuer la col\u00e8re car elle n\u2019est pas bonne conseill\u00e8re. Je suis abattu, je ne peux pas dire le contraire. Comment peut-on sombrer comme cela ? C\u2019est fou, inexplicable. J\u2019ai pr\u00e9venu \u00e0 la mi-temps qu\u2019un autre match allait commencer, mais on n\u2019a pas chass\u00e9, on n\u2019a pas \u00e9t\u00e9 solidaires, on s\u2019est cru arriv\u00e9s. Rouen nous a mis la pression et a dict\u00e9 le tempo. On a d\u00fb faire du coaching sur deux joueurs un peu malades (Moreau et Bachelier, N.D.L.R.) et le banc n\u2019a rien amen\u00e9. \u00c0 la mi-temps, on est premiers du classement, \u00e0 la fin du match on est cinqui\u00e8mes. Entre moi et les joueurs quelque chose s\u2019est cass\u00e9 ce soir, je sais sur qui je peux compter et il n\u2019y en a pas beaucoup\u00a0\u00bb, confie-t-il dans une col\u00e8re froide.<\/p>\n<p>Rouen a surtout eu une attitude tr\u00e8s positive en deuxi\u00e8me p\u00e9riode, comme si une chape de plomb \u00e9tait partie, avec un jeu de trois-quarts flamboyant, des choses que Romain Sola promettait depuis longtemps. \u00ab\u00a0Je suis pass\u00e9 par toutes les \u00e9motions ce soir. Je suis fier par rapport \u00e0 la r\u00e9action de l\u2019\u00e9quipe. On passe de z\u00e9ro ballon \u00e0 jouer en premi\u00e8re mi-temps, \u00e0 de la possession quasi exclusive en seconde. On n\u2019a pas hurl\u00e9 \u00e0 la mi-temps, on a d\u00e9cid\u00e9 de reposer tranquillement le syst\u00e8me. On a propos\u00e9 du jeu ce soir, \u00e7a va faire taire quelques d\u00e9tracteurs, on n\u2019a rien gagn\u00e9 ce soir, sauf la certitude d\u2019un savoir-faire, le groupe infuse, il y a une \u00e9mulation, Jouons au rugby.\u00a0\u00bb confie le coach des trois-quarts.<\/p>\n<p>Un autre joueur \u00e9cl\u00f4t gentiment match apr\u00e8s match, Maxime Cassonnet, qui apr\u00e8s une premi\u00e8re mi-temps terne, a su \u00e9clairer le jeu. \u00ab\u00a0Quelle folie, quel sc\u00e9nario. Franchement c\u2019est pour \u00e7a qu\u2019on travaille, les gros ont boss\u00e9 fort, et on a eu des ballons propres derri\u00e8re. Benito Masilevu et Milo Faudemer se sont comme moi \u00e9clat\u00e9s ce soir. On ne demande que \u00e7a.\u00a0\u00bb Prochaine \u00e9tape \u00e0 Albi, duel historique entre les deux clubs, qui vit une belle saison cette ann\u00e9e, souhaitons que les Normands fassent deux grosses mi-temps cette fois et puissent jouer le coup \u00e0 fond.<\/p>\n","protected":false},"excerpt":{"rendered":"Apr\u00e8s une premi\u00e8re mi temps calamiteuse, Rouen a d\u00e9cid\u00e9 de ne pas sombrer, offrant sa meilleure deuxi\u00e8me mi-temps&hellip;\n","protected":false},"author":2,"featured_media":690214,"comment_status":"","ping_status":"","sticky":false,"template":"","format":"standard","meta":{"footnotes":""},"categories":[9587],"tags":[1111,11,1777,674,1011,27,4361,12,5161,25,9590,68796],"class_list":{"0":"post-690213","1":"post","2":"type-post","3":"status-publish","4":"format-standard","5":"has-post-thumbnail","7":"category-rouen","8":"tag-actu","9":"tag-actualites","10":"tag-eu","11":"tag-europe","12":"tag-fr","13":"tag-france","14":"tag-nationale","15":"tag-news","16":"tag-normandie","17":"tag-republique-francaise","18":"tag-rouen","19":"tag-rugby-u00e0-xv"},"share_on_mastodon":{"url":"https:\/\/pubeurope.com\/@fr\/115961097336004011","error":""},"_links":{"self":[{"href":"https:\/\/www.europesays.com\/fr\/wp-json\/wp\/v2\/posts\/690213","targetHints":{"allow":["GET"]}}],"collection":[{"href":"https:\/\/www.europesays.com\/fr\/wp-json\/wp\/v2\/posts"}],"about":[{"href":"https:\/\/www.europesays.com\/fr\/wp-json\/wp\/v2\/types\/post"}],"author":[{"embeddable":true,"href":"https:\/\/www.europesays.com\/fr\/wp-json\/wp\/v2\/users\/2"}],"replies":[{"embeddable":true,"href":"https:\/\/www.europesays.com\/fr\/wp-json\/wp\/v2\/comments?post=690213"}],"version-history":[{"count":0,"href":"https:\/\/www.europesays.com\/fr\/wp-json\/wp\/v2\/posts\/690213\/revisions"}],"wp:featuredmedia":[{"embeddable":true,"href":"https:\/\/www.europesays.com\/fr\/wp-json\/wp\/v2\/media\/690214"}],"wp:attachment":[{"href":"https:\/\/www.europesays.com\/fr\/wp-json\/wp\/v2\/media?parent=690213"}],"wp:term":[{"taxonomy":"category","embeddable":true,"href":"https:\/\/www.europesays.com\/fr\/wp-json\/wp\/v2\/categories?post=690213"},{"taxonomy":"post_tag","embeddable":true,"href":"https:\/\/www.europesays.com\/fr\/wp-json\/wp\/v2\/tags?post=690213"}],"curies":[{"name":"wp","href":"https:\/\/api.w.org\/{rel}","templated":true}]}}