{"id":690227,"date":"2026-01-26T11:17:10","date_gmt":"2026-01-26T11:17:10","guid":{"rendered":"https:\/\/www.europesays.com\/fr\/690227\/"},"modified":"2026-01-26T11:17:10","modified_gmt":"2026-01-26T11:17:10","slug":"une-personne-a-ete-percutee-par-un-train-dans-le-var-des-retards-importants-sur-la-ligne-nice-marseille","status":"publish","type":"post","link":"https:\/\/www.europesays.com\/fr\/690227\/","title":{"rendered":"Une personne a \u00e9t\u00e9 percut\u00e9e par un train dans le Var, des retards importants sur la ligne Nice-Marseille"},"content":{"rendered":"<p>Ce lundi matin aux alentours de 8h40, une personne a \u00e9t\u00e9 percut\u00e9e par un train en gare de Toulon\/Sainte-Musse. Ce qui provoque la coupure du trafic de toutes les rames entre Toulon-Les Arcs et Toulon-Hy\u00e8res.<\/p>\n<p>Et ainsi caus\u00e9 des retards tr\u00e8s importants pour les TGV et TER circulant entre Marseille et Nice. Des liaisons ont, en outre, \u00e9t\u00e9 supprim\u00e9es.<\/p>\n<p>Depuis 10h45, la circulation des trains reprend progressivement. Mais des retards pouvant aller jusqu&rsquo;\u00e0 1 heuresde temps perdurent, notamment sur des TER reliant la deuxi\u00e8me ville de France \u00e0 la cit\u00e9 des Aiglons.<\/p>\n<p>Il est conseill\u00e9 de se renseigner sur son train avant de vous rendre en gare Saint-Charles. Notamment sur <a href=\"https:\/\/www.garesetconnexions.sncf\/fr\/gares-services\/marseille-saint-charles\" target=\"_blank\" rel=\"noopener\">Gare\u00a7connexions<\/a>.<\/p>\n","protected":false},"excerpt":{"rendered":"Ce lundi matin aux alentours de 8h40, une personne a \u00e9t\u00e9 percut\u00e9e par un train en gare de&hellip;\n","protected":false},"author":2,"featured_media":690228,"comment_status":"","ping_status":"","sticky":false,"template":"","format":"standard","meta":{"footnotes":""},"categories":[2819],"tags":[5734,1111,11,1446,2883,1777,674,1011,27,12,2401,5912,18691,29595,882,16,25,926,96],"class_list":{"0":"post-690227","1":"post","2":"type-post","3":"status-publish","4":"format-standard","5":"has-post-thumbnail","7":"category-nice","8":"tag-5734","9":"tag-actu","10":"tag-actualites","11":"tag-dans","12":"tag-ete","13":"tag-eu","14":"tag-europe","15":"tag-fr","16":"tag-france","17":"tag-news","18":"tag-nice","19":"tag-par","20":"tag-percutee","21":"tag-personne","22":"tag-provence-alpes-cote-dazur","23":"tag-region","24":"tag-republique-francaise","25":"tag-train","26":"tag-une"},"share_on_mastodon":{"url":"https:\/\/pubeurope.com\/@fr\/115961124864424689","error":""},"_links":{"self":[{"href":"https:\/\/www.europesays.com\/fr\/wp-json\/wp\/v2\/posts\/690227","targetHints":{"allow":["GET"]}}],"collection":[{"href":"https:\/\/www.europesays.com\/fr\/wp-json\/wp\/v2\/posts"}],"about":[{"href":"https:\/\/www.europesays.com\/fr\/wp-json\/wp\/v2\/types\/post"}],"author":[{"embeddable":true,"href":"https:\/\/www.europesays.com\/fr\/wp-json\/wp\/v2\/users\/2"}],"replies":[{"embeddable":true,"href":"https:\/\/www.europesays.com\/fr\/wp-json\/wp\/v2\/comments?post=690227"}],"version-history":[{"count":0,"href":"https:\/\/www.europesays.com\/fr\/wp-json\/wp\/v2\/posts\/690227\/revisions"}],"wp:featuredmedia":[{"embeddable":true,"href":"https:\/\/www.europesays.com\/fr\/wp-json\/wp\/v2\/media\/690228"}],"wp:attachment":[{"href":"https:\/\/www.europesays.com\/fr\/wp-json\/wp\/v2\/media?parent=690227"}],"wp:term":[{"taxonomy":"category","embeddable":true,"href":"https:\/\/www.europesays.com\/fr\/wp-json\/wp\/v2\/categories?post=690227"},{"taxonomy":"post_tag","embeddable":true,"href":"https:\/\/www.europesays.com\/fr\/wp-json\/wp\/v2\/tags?post=690227"}],"curies":[{"name":"wp","href":"https:\/\/api.w.org\/{rel}","templated":true}]}}