{"id":690272,"date":"2026-01-26T11:44:16","date_gmt":"2026-01-26T11:44:16","guid":{"rendered":"https:\/\/www.europesays.com\/fr\/690272\/"},"modified":"2026-01-26T11:44:16","modified_gmt":"2026-01-26T11:44:16","slug":"lunion-europeenne-ouvre-une-enquete-visant-le-reseau-social-x","status":"publish","type":"post","link":"https:\/\/www.europesays.com\/fr\/690272\/","title":{"rendered":"l&rsquo;Union Europ\u00e9enne ouvre une enqu\u00eate visant le r\u00e9seau social X"},"content":{"rendered":"<p>Cette enqu\u00eate vise \u00e0 v\u00e9rifier si le r\u00e9seau, anciennement connu sous le nom de Twitter, a enfreint les puissantes r\u00e8gles europ\u00e9ennes sur le num\u00e9rique qui lui imposent de prot\u00e9ger les utilisateurs contre <a href=\"https:\/\/www.laprovence.com\/article\/societe\/30449069173827\/lia-grok-utilisee-pour-denuder-des-femmes-les-politiques-sinsurgent-face-a-lampleur-du-phenomene\" target=\"_blank\" rel=\"noopener\">les contenus ill\u00e9gaux<\/a>. L\u2019ex\u00e9cutif europ\u00e9en a par ailleurs d\u00e9cid\u00e9 d\u2019\u00e9tendre le p\u00e9rim\u00e8tre d\u2019une premi\u00e8re enqu\u00eate lanc\u00e9e en d\u00e9cembre\u00a02023 contre X.<\/p>\n<p>L\u2019Europe ne \u00ab\u00a0tol\u00e9rera pas <a href=\"https:\/\/www.laprovence.com\/article\/societe\/11876807756775\/images-denudees-creees-avec-grok-la-haute-commissaire-a-lenfance-francaise-a-saisi-la-commissaire-europeenne\" target=\"_blank\" rel=\"noopener\">les comportements insens\u00e9s<\/a>\u00a0\u00bb des plateformes num\u00e9riques, comme \u00ab\u00a0les fausses images d\u00e9nud\u00e9es de femmes et d\u2019enfants\u00a0\u00bb, a affirm\u00e9 ce lundi 26\u00a0janvier, la pr\u00e9sidente de la Commission europ\u00e9enne Ursula von der Leyen, apr\u00e8s <a href=\"https:\/\/www.laprovence.com\/article\/societe\/19174882244199\/images-denudees-creees-avec-grok-londres-menace-x-de-sanctions-severes\" target=\"_blank\" rel=\"noopener\">l\u2019ouverture d\u2019une enqu\u00eate<\/a> visant le r\u00e9seau social X.<\/p>\n<p>\u00ab\u00a0Notre position est claire\u00a0: nous ne confierons pas le consentement et la protection de l\u2019enfance \u00e0 des plateformes technologiques pour qu\u2019elles les violent et les mon\u00e9tisent\u00a0\u00bb, a assur\u00e9 la cheffe de l\u2019ex\u00e9cutif europ\u00e9en dans une d\u00e9claration transmise \u00e0 l\u2019AFP. \u00ab\u00a0Des mesures ont \u00e9t\u00e9 prises, mais nous devons en faire <a href=\"https:\/\/www.laprovence.com\/article\/france-monde\/22565071298162\/images-a-caractere-sexuel-grok-dans-le-viseur-du-regulateur-britannique\" target=\"_blank\" rel=\"noopener\">plus prot\u00e9ger les citoyens,<\/a> en ligne comme hors ligne\u00a0\u00bb, a-t-elle martel\u00e9.<\/p>\n","protected":false},"excerpt":{"rendered":"Cette enqu\u00eate vise \u00e0 v\u00e9rifier si le r\u00e9seau, anciennement connu sous le nom de Twitter, a enfreint les&hellip;\n","protected":false},"author":2,"featured_media":690273,"comment_status":"","ping_status":"","sticky":false,"template":"","format":"standard","meta":{"footnotes":""},"categories":[1586],"tags":[5734,11,78654,1719,1777,674,1779,4651,1011,27,329,8090,4537,7466,12,5912,25,1778,364],"class_list":{"0":"post-690272","1":"post","2":"type-post","3":"status-publish","4":"format-standard","5":"has-post-thumbnail","7":"category-europe","8":"tag-5734","9":"tag-actualites","10":"tag-denudes","11":"tag-enfants","12":"tag-eu","13":"tag-europe","14":"tag-european-union","15":"tag-femmes","16":"tag-fr","17":"tag-france","18":"tag-france-monde","19":"tag-grok","20":"tag-lunion","21":"tag-lia","22":"tag-news","23":"tag-par","24":"tag-republique-francaise","25":"tag-ue","26":"tag-union-europeenne"},"share_on_mastodon":{"url":"https:\/\/pubeurope.com\/@fr\/115961231240932393","error":""},"_links":{"self":[{"href":"https:\/\/www.europesays.com\/fr\/wp-json\/wp\/v2\/posts\/690272","targetHints":{"allow":["GET"]}}],"collection":[{"href":"https:\/\/www.europesays.com\/fr\/wp-json\/wp\/v2\/posts"}],"about":[{"href":"https:\/\/www.europesays.com\/fr\/wp-json\/wp\/v2\/types\/post"}],"author":[{"embeddable":true,"href":"https:\/\/www.europesays.com\/fr\/wp-json\/wp\/v2\/users\/2"}],"replies":[{"embeddable":true,"href":"https:\/\/www.europesays.com\/fr\/wp-json\/wp\/v2\/comments?post=690272"}],"version-history":[{"count":0,"href":"https:\/\/www.europesays.com\/fr\/wp-json\/wp\/v2\/posts\/690272\/revisions"}],"wp:featuredmedia":[{"embeddable":true,"href":"https:\/\/www.europesays.com\/fr\/wp-json\/wp\/v2\/media\/690273"}],"wp:attachment":[{"href":"https:\/\/www.europesays.com\/fr\/wp-json\/wp\/v2\/media?parent=690272"}],"wp:term":[{"taxonomy":"category","embeddable":true,"href":"https:\/\/www.europesays.com\/fr\/wp-json\/wp\/v2\/categories?post=690272"},{"taxonomy":"post_tag","embeddable":true,"href":"https:\/\/www.europesays.com\/fr\/wp-json\/wp\/v2\/tags?post=690272"}],"curies":[{"name":"wp","href":"https:\/\/api.w.org\/{rel}","templated":true}]}}