{"id":690298,"date":"2026-01-26T12:06:13","date_gmt":"2026-01-26T12:06:13","guid":{"rendered":"https:\/\/www.europesays.com\/fr\/690298\/"},"modified":"2026-01-26T12:06:13","modified_gmt":"2026-01-26T12:06:13","slug":"mexique-au-moins-11-morts-dans-une-attaque-armee-sur-un-terrain-de-foot-actualites","status":"publish","type":"post","link":"https:\/\/www.europesays.com\/fr\/690298\/","title":{"rendered":"Mexique: au moins 11 morts dans une attaque arm\u00e9e sur un terrain de foot : Actualit\u00e9s"},"content":{"rendered":"<p class=\"lead \">Une attaque arm\u00e9e a fait au moins 11 morts et 12 bless\u00e9s dimanche apr\u00e8s un match sur un terrain de football dans l&rsquo;Etat de Guanajuato (centre), l&rsquo;un des plus violents du Mexique, pays confront\u00e9 \u00e0 des groupes criminels organis\u00e9s, ont indiqu\u00e9 les autorit\u00e9s locales.<\/p>\n<p class=\"lead \">Des hommes arm\u00e9s ont fait irruption apr\u00e8s la rencontre et tir\u00e9 sur les personnes pr\u00e9sentes sur ce terrain de foot de quartier \u00e0 Salamanca, ville de 160.000 habitants, a annonc\u00e9 le maire, C\u00e9sar Prieto.<\/p>\n<p class=\"lead \">\u00ab\u00a0La mort de 11 personnes a \u00e9t\u00e9 confirm\u00e9e. Dix d&rsquo;entre elles ont succomb\u00e9 sur place et une autre au moment o\u00f9 elle recevait des soins m\u00e9dicaux dans un centre hospitalier\u00a0\u00bb, ont pr\u00e9cis\u00e9 les autorit\u00e9s. En outre, \u00ab\u00a012 personnes ont \u00e9t\u00e9 bless\u00e9es par des tirs d&rsquo;armes \u00e0 feu\u00a0\u00bb, parmi lesquelles une femme et un mineur, ont-elle ajout\u00e9.<\/p>\n<p class=\"lead \">Des forces de s\u00e9curit\u00e9 ont \u00e9t\u00e9 d\u00e9ploy\u00e9es pour retrouver les responsables de l&rsquo;attaque, selon les autorit\u00e9s municipales.<\/p>\n<p class=\"lead \">La ville de Salamanca, qui abrite une importante raffinerie de la compagnie publique Pemex, a connu un weekend agit\u00e9 avec la d\u00e9couverte, samedi soir, de quatre sacs contenant des restes humains.<\/p>\n<p class=\"lead \">Le maire a attribu\u00e9 cette vague de violence \u00e0 la pr\u00e9sence de divers groupes de la criminalit\u00e9 organis\u00e9e, alors que le cartel de Santa Rosa de Lima et celui de Jalisco Nouvelle G\u00e9n\u00e9ration (CJNG), l&rsquo;un des plus puissants du Mexique, op\u00e8rent dans l&rsquo;Etat de Guanajuato.<\/p>\n<p class=\"lead \">&#8211; \u00ab\u00a0Un moment grave\u00a0\u00bb &#8211;<\/p>\n<p class=\"lead \">\u00ab\u00a0Hier (samedi), nous avons eu cinq personnes assassin\u00e9es dans la communaut\u00e9 de Cuatro de Altamira, et une autre a \u00e9t\u00e9 assassin\u00e9e \u00e0 San Vicente de Flores\u00a0\u00bb, a d\u00e9clar\u00e9 M. Prieto dans une vid\u00e9o diffus\u00e9e sur ses r\u00e9seaux sociaux.<\/p>\n<p class=\"lead \">Le maire a fait \u00e9tat la semaine derni\u00e8re d'\u00a0\u00bbune menace a l&rsquo;engin explosif \u00e0 une porte de la raffinerie de Pemex\u00a0\u00bb.<\/p>\n<p class=\"lead \">Il a indiqu\u00e9 avoir appel\u00e9 la pr\u00e9sidente mexicaine, Claudia Sheinbaum, et la gouverneure de l&rsquo;Etat, Libia Denisse Garc\u00eda, pour contribuer \u00e0 \u00ab\u00a0r\u00e9tablir la paix, la tranquillit\u00e9 et la s\u00e9curit\u00e9\u00a0\u00bb.<\/p>\n<p class=\"lead \">\u00ab\u00a0Nous traversons un moment grave (&#8230;) Des groupes criminels tentent de soumettre l&rsquo;autorit\u00e9 (mais) ils n&rsquo;y parviendront pas\u00a0\u00bb, a-t-il insist\u00e9.<\/p>\n<p class=\"lead \">L&rsquo;Etat de Guanajuato est un centre industriel abritant des usines d&rsquo;assemblage automobiles et de nombreuses attractions touristiques, o\u00f9 plusieurs groupes criminels organis\u00e9s se disputent le trafic de drogue et le vol de carburant, selon des analystes.<\/p>\n<p class=\"lead \">Au d\u00e9but de l&rsquo;ann\u00e9e, le gouvernement mexicain a toutefois indiqu\u00e9 que le taux d&rsquo;homicides dans le pays avait atteint en 2025 son niveau le plus bas depuis une d\u00e9cennie.<\/p>\n<p class=\"small font-weight-bold text-gray3 \"> publi\u00e9 le 26 janvier \u00e0 09h49, AFP<\/p>\n<p>                             Partager<\/p>\n","protected":false},"excerpt":{"rendered":"Une attaque arm\u00e9e a fait au moins 11 morts et 12 bless\u00e9s dimanche apr\u00e8s un match sur un&hellip;\n","protected":false},"author":2,"featured_media":690299,"comment_status":"","ping_status":"","sticky":false,"template":"","format":"standard","meta":{"footnotes":""},"categories":[9],"tags":[271,2257,1011,27,2683,5697,60,2949],"class_list":{"0":"post-690298","1":"post","2":"type-post","3":"status-publish","4":"format-standard","5":"has-post-thumbnail","7":"category-sports","8":"tag-crime","9":"tag-foot","10":"tag-fr","11":"tag-france","12":"tag-homicide","13":"tag-mexique","14":"tag-sports","15":"tag-violences"},"share_on_mastodon":{"url":"https:\/\/pubeurope.com\/@fr\/115961317530006506","error":""},"_links":{"self":[{"href":"https:\/\/www.europesays.com\/fr\/wp-json\/wp\/v2\/posts\/690298","targetHints":{"allow":["GET"]}}],"collection":[{"href":"https:\/\/www.europesays.com\/fr\/wp-json\/wp\/v2\/posts"}],"about":[{"href":"https:\/\/www.europesays.com\/fr\/wp-json\/wp\/v2\/types\/post"}],"author":[{"embeddable":true,"href":"https:\/\/www.europesays.com\/fr\/wp-json\/wp\/v2\/users\/2"}],"replies":[{"embeddable":true,"href":"https:\/\/www.europesays.com\/fr\/wp-json\/wp\/v2\/comments?post=690298"}],"version-history":[{"count":0,"href":"https:\/\/www.europesays.com\/fr\/wp-json\/wp\/v2\/posts\/690298\/revisions"}],"wp:featuredmedia":[{"embeddable":true,"href":"https:\/\/www.europesays.com\/fr\/wp-json\/wp\/v2\/media\/690299"}],"wp:attachment":[{"href":"https:\/\/www.europesays.com\/fr\/wp-json\/wp\/v2\/media?parent=690298"}],"wp:term":[{"taxonomy":"category","embeddable":true,"href":"https:\/\/www.europesays.com\/fr\/wp-json\/wp\/v2\/categories?post=690298"},{"taxonomy":"post_tag","embeddable":true,"href":"https:\/\/www.europesays.com\/fr\/wp-json\/wp\/v2\/tags?post=690298"}],"curies":[{"name":"wp","href":"https:\/\/api.w.org\/{rel}","templated":true}]}}