{"id":690370,"date":"2026-01-26T12:45:10","date_gmt":"2026-01-26T12:45:10","guid":{"rendered":"https:\/\/www.europesays.com\/fr\/690370\/"},"modified":"2026-01-26T12:45:10","modified_gmt":"2026-01-26T12:45:10","slug":"lile-de-france-va-recevoir-les-premiers-autocars-au-biogaz-dune-commande-de-200-vehicules","status":"publish","type":"post","link":"https:\/\/www.europesays.com\/fr\/690370\/","title":{"rendered":"L&rsquo;\u00cele-de-France va recevoir les premiers autocars au biogaz d&rsquo;une commande de 200 v\u00e9hicules"},"content":{"rendered":"\n<p style=\"margin-bottom: 0cm;\">Selon nos informations, issues du constructeur Scania France, les premi\u00e8res livraisons commenceront \u00e0 la fin du premi\u00e8re trimestre 2026. En tout, il y aura sur les routes franciliennes 201 autocars de ligne i4 fonctionnant au biogaz. Cette arriv\u00e9e accompagne la transition \u00e9nerg\u00e9tique du r\u00e9seau, \u00ab\u00a0dont 80 % de la flotte roule d\u00e9j\u00e0 avec ce carburant\u00a0\u00bb pr\u00e9cise le constructeur. Enfin, quatre sites de Scania sont adapt\u00e9s pour recevoir les v\u00e9hicules neufs\u00a0: Mitry-Mory en Seine-et-Marne, Saint-Ouen-L\u2019Aum\u00f4ne dans le Val-d&rsquo;Oise, Fleury-M\u00e9rogis en Essonne, et Les Essarts-le-Roi dans les Yvelines.<\/p>\n<p style=\"margin-bottom: 0cm;\">\u00a0<\/p>\n<p lang=\"fr-FR\" style=\"margin-bottom: 0cm;\">Nicolas Chacun <\/p>\n<p>!function(f,b,e,v,n,t,s){if(f.fbq)return;n=f.fbq=function(){n.callMethod?<br \/>\nn.callMethod.apply(n,arguments):n.queue.push(arguments)};if(!f._fbq)f._fbq=n;<br \/>\nn.push=n;n.loaded=!0;n.version=&rsquo;2.0&prime;;n.queue=[];t=b.createElement(e);t.async=!0;<br \/>\nt.src=v;s=b.getElementsByTagName(e)[0];s.parentNode.insertBefore(t,s)}(window,<br \/>\ndocument,&rsquo;script&rsquo;,&rsquo;https:\/\/connect.facebook.net\/en_US\/fbevents.js&rsquo;);<br \/>\nfbq(&lsquo;init&rsquo;, &lsquo;278974969201861&rsquo;); \/\/ Insert your pixel ID here.<br \/>\nfbq(&lsquo;track&rsquo;, &lsquo;PageView&rsquo;);<\/p>\n","protected":false},"excerpt":{"rendered":"Selon nos informations, issues du constructeur Scania France, les premi\u00e8res livraisons commenceront \u00e0 la fin du premi\u00e8re trimestre&hellip;\n","protected":false},"author":2,"featured_media":690371,"comment_status":"","ping_status":"","sticky":false,"template":"","format":"standard","meta":{"footnotes":""},"categories":[1592],"tags":[1111,11,1933,1936,1777,1939,674,1011,27,662,1934,12,1940,626,1935,25,1937,1941,1938],"class_list":{"0":"post-690370","1":"post","2":"type-post","3":"status-publish","4":"format-standard","5":"has-post-thumbnail","7":"category-ile-de-france","8":"tag-actu","9":"tag-actualites","10":"tag-actualites-locales","11":"tag-essonne","12":"tag-eu","13":"tag-eure-et-loir","14":"tag-europe","15":"tag-fr","16":"tag-france","17":"tag-ile-de-france","18":"tag-infos-locales","19":"tag-news","20":"tag-oise","21":"tag-paris","22":"tag-pres-de-chez-vous","23":"tag-republique-francaise","24":"tag-seine-et-marne","25":"tag-somme","26":"tag-yvelines"},"share_on_mastodon":{"url":"https:\/\/pubeurope.com\/@fr\/115961470862222368","error":""},"_links":{"self":[{"href":"https:\/\/www.europesays.com\/fr\/wp-json\/wp\/v2\/posts\/690370","targetHints":{"allow":["GET"]}}],"collection":[{"href":"https:\/\/www.europesays.com\/fr\/wp-json\/wp\/v2\/posts"}],"about":[{"href":"https:\/\/www.europesays.com\/fr\/wp-json\/wp\/v2\/types\/post"}],"author":[{"embeddable":true,"href":"https:\/\/www.europesays.com\/fr\/wp-json\/wp\/v2\/users\/2"}],"replies":[{"embeddable":true,"href":"https:\/\/www.europesays.com\/fr\/wp-json\/wp\/v2\/comments?post=690370"}],"version-history":[{"count":0,"href":"https:\/\/www.europesays.com\/fr\/wp-json\/wp\/v2\/posts\/690370\/revisions"}],"wp:featuredmedia":[{"embeddable":true,"href":"https:\/\/www.europesays.com\/fr\/wp-json\/wp\/v2\/media\/690371"}],"wp:attachment":[{"href":"https:\/\/www.europesays.com\/fr\/wp-json\/wp\/v2\/media?parent=690370"}],"wp:term":[{"taxonomy":"category","embeddable":true,"href":"https:\/\/www.europesays.com\/fr\/wp-json\/wp\/v2\/categories?post=690370"},{"taxonomy":"post_tag","embeddable":true,"href":"https:\/\/www.europesays.com\/fr\/wp-json\/wp\/v2\/tags?post=690370"}],"curies":[{"name":"wp","href":"https:\/\/api.w.org\/{rel}","templated":true}]}}