{"id":690385,"date":"2026-01-26T12:53:10","date_gmt":"2026-01-26T12:53:10","guid":{"rendered":"https:\/\/www.europesays.com\/fr\/690385\/"},"modified":"2026-01-26T12:53:10","modified_gmt":"2026-01-26T12:53:10","slug":"arrestation-en-france-de-deux-militants-britanniques-pour-provocation-a-la-haine","status":"publish","type":"post","link":"https:\/\/www.europesays.com\/fr\/690385\/","title":{"rendered":"arrestation en France de deux militants britanniques pour provocation \u00e0 la haine"},"content":{"rendered":"<p>Les deux hommes ont \u00e9t\u00e9 arr\u00eat\u00e9s pr\u00e8s de Calais dimanche vers 21H30, a indiqu\u00e9 \u00e0 l&rsquo;AFP le pr\u00e9fet du Pas-de-Calais Fran\u00e7ois-Xavier Lauch.<\/p>\n<p>Ag\u00e9s de 35 et 53 ans, ils diffusaient du contenu susceptible d&rsquo;inciter \u00e0 la haine en direct sur une cha\u00eene YouTube, a-t-on d\u00e9taill\u00e9 de source polici\u00e8re.<\/p>\n<p>Ils ont \u00e9t\u00e9 plac\u00e9s en garde \u00e0 vue pour provocation \u00e0 la haine et participation \u00e0 un groupement en vue de la pr\u00e9paration de violences, sur la base de propos tenus sur les r\u00e9seaux sociaux le jour m\u00eame, a ajout\u00e9 la procureure de Boulogne-sur-Mer C\u00e9cile Gressier.<\/p>\n<p>Il s&rsquo;agit des premi\u00e8res gardes \u00e0 vue de militants d&rsquo;extr\u00eame droite britanniques en France pour ces motifs, a-t-elle soulign\u00e9, pr\u00e9cisant qu&rsquo;il ne leur est pas reproch\u00e9 de violences envers des personnes.<\/p>\n<p>Ils ne faisaient pas partie des dix militants d&rsquo;extr\u00eame droite interdits de territoire fran\u00e7ais depuis le 14 janvier par le minist\u00e8re de l&rsquo;Int\u00e9rieur en raison d&rsquo;accusations d'\u00a0\u00bbactions \u00e0 caract\u00e8re violent\u00a0\u00bb envers des migrants sur le littoral du Nord et du Pas-de-Calais. <\/p>\n<p>Les pr\u00e9fectures du Nord et du Pas-de-Calais ont prolong\u00e9 jusqu&rsquo;\u00e0 mercredi l&rsquo;interdiction de rassemblements li\u00e9s \u00e0 un mouvement anti-migrants intitul\u00e9 \u00ab\u00a0Overlord\u00a0\u00bb, lanc\u00e9 par un militant britannique d&rsquo;extr\u00eame droite, Daniel Thomas.<\/p>\n<p>L&rsquo;op\u00e9ration &#8211; nomm\u00e9e en r\u00e9f\u00e9rence notamment \u00e0 la bataille de Normandie dans laquelle des soldats alli\u00e9s ont travers\u00e9 la Manche en 1944 pour combattre les troupes nazies en France &#8211; vise \u00ab\u00a0\u00e0 se substituer aux autorit\u00e9s de polices fran\u00e7aises afin d&#8217;emp\u00eacher\u00a0\u00bb des d\u00e9parts de migrants vers le Royaume-Uni, explique l&rsquo;arr\u00eat\u00e9 qui l&rsquo;interdit.<\/p>\n<p>Daniel Thomas avait notamment appel\u00e9 sur ses r\u00e9seaux sociaux \u00e0 des rassemblements samedi 24 janvier \u00e0 Douvres et sur le littoral du nord de la France, selon lui pour \u00ab\u00a0agir\u00a0\u00bb contre les travers\u00e9es clandestines de la Manche.<\/p>\n<p>Dans plusieurs vid\u00e9os diffus\u00e9es en direct sur une cha\u00eene YouTube dimanche, on peut voir deux hommes, vraisemblablement les deux Britanniques qui ont \u00e9t\u00e9 arr\u00eat\u00e9s, arpenter une plage pr\u00e8s de Calais.<\/p>\n<p>\u00ab\u00a0Je vais garder les plages ce soir, si personne d&rsquo;autre ne veut le faire (&#8230;) Si je vois un canot, je cours et je le transperce de toutes mes forces\u00a0\u00bb, assure l&rsquo;un d&rsquo;eux dans une de ces vid\u00e9os dimanche soir. Il appelle d&rsquo;autres Britanniques en renfort pour limiter les arriv\u00e9es clandestines, \u00ab\u00a0sans violence\u00a0\u00bb.<\/p>\n<p>\u00ab\u00a0On ne peut en accueillir que jusqu&rsquo;\u00e0 un certain point, trop c&rsquo;est trop et l\u00e0 c&rsquo;est trop, n&rsquo;est-ce pas? C&rsquo;est pour \u00e7a qu&rsquo;on fait \u00e7a\u00a0\u00bb, dit-il encore. <\/p>\n<p>De son c\u00f4t\u00e9, M. Thomas, qui n&rsquo;a pas \u00e9t\u00e9 interpell\u00e9 selon la pr\u00e9fecture, a publi\u00e9 samedi et dimanche des images de lui bandissant un drapeau, qu&rsquo;il dit prises ce week-end sur des plages fran\u00e7aises. <\/p>\n<p>Une centaine de personnes se sont \u00e9galement rassembl\u00e9es samedi \u00e0 Douvres, ville c\u00f4ti\u00e8re dans le sud de l&rsquo;Angleterre o\u00f9 d\u00e9barquent la plupart des migrants ayant travers\u00e9 la Manche clandestinement, une fois qu&rsquo;ils ont \u00e9t\u00e9 intercept\u00e9s par les autorit\u00e9s britanniques.<\/p>\n<p>Daniel Thomas m\u00e8ne, selon les autorit\u00e9s fran\u00e7aises, une branche \u00ab\u00a0tr\u00e8s radicale\u00a0\u00bb du mouvement d&rsquo;ultra-droite \u00ab\u00a0Raise the colours\u00a0\u00bb, n\u00e9e d&rsquo;une scission du groupe \u00e0 la suite des interdictions de territoire fran\u00e7ais.<\/p>\n<p>Le compte principal de Raise the colours sur X a indiqu\u00e9 samedi n&rsquo;avoir \u00ab\u00a0rien \u00e0 voir\u00a0\u00bb avec l&rsquo;op\u00e9ration men\u00e9e par Daniel Thomas.<\/p>\n<p>La justice fran\u00e7aise a ouvert en octobre une enqu\u00eate pr\u00e9liminaire pour \u00ab\u00a0violences aggrav\u00e9es\u00a0\u00bb commises sur des migrants et signal\u00e9es par une association, laquelle soup\u00e7onne des activistes d&rsquo;extr\u00eame droite britanniques, mais sans \u00ab\u00a0preuve formelle\u00a0\u00bb.<\/p>\n<p>Les travers\u00e9es clandestines sont un sujet de tensions r\u00e9currentes entre Londres et Paris, qui a durci ses m\u00e9thodes pour tenter de contrer les passeurs.<\/p>\n<p>La d\u00e9fenseure des droits Claire H\u00e9don a alert\u00e9 lundi sur l&rsquo;usage de pistolets \u00e0 impulsion \u00e9lectrique ou grenades lacrymog\u00e8nes \u00e0 l&rsquo;encontre des migrants s&rsquo;appr\u00eatant \u00e0 traverser la Manche, soulignant que dans certains cas, cela ne respecte pas les r\u00e8gles en vigueur.<\/p>\n<p>Les tentatives de traverser la Manche ont baiss\u00e9 de 3% en 2025, selon Frontex.<\/p>\n<p>Mais 41.472 migrants ont r\u00e9ussi \u00e0 rejoindre le Royaume-Uni sur des \u00ab\u00a0small boats\u00a0\u00bb, le deuxi\u00e8me nombre le plus \u00e9lev\u00e9 apr\u00e8s le record de 2022 selon des chiffres britanniques, et au moins 29 migrants ont p\u00e9ri lors de telles travers\u00e9es l&rsquo;an pass\u00e9.<\/p>\n","protected":false},"excerpt":{"rendered":"Les deux hommes ont \u00e9t\u00e9 arr\u00eat\u00e9s pr\u00e8s de Calais dimanche vers 21H30, a indiqu\u00e9 \u00e0 l&rsquo;AFP le pr\u00e9fet&hellip;\n","protected":false},"author":2,"featured_media":690386,"comment_status":"","ping_status":"","sticky":false,"template":"","format":"standard","meta":{"footnotes":""},"categories":[1588],"tags":[5734,11,2441,27196,4070,1777,674,27,329,1251,14027,12,471,473,1853,1851,1850,1852],"class_list":{"0":"post-690385","1":"post","2":"type-post","3":"status-publish","4":"format-standard","5":"has-post-thumbnail","7":"category-royaume-uni","8":"tag-5734","9":"tag-actualites","10":"tag-arrestation","11":"tag-britanniques","12":"tag-deux","13":"tag-eu","14":"tag-europe","15":"tag-france","16":"tag-france-monde","17":"tag-migrants","18":"tag-militants","19":"tag-news","20":"tag-pour","21":"tag-royaume-uni","22":"tag-royaume-uni-de-grande-bretagne-et-dirlande-du-nord","23":"tag-uk","24":"tag-united-kingdom","25":"tag-united-kingdom-of-great-britain-and-northern-ireland"},"share_on_mastodon":{"url":"https:\/\/pubeurope.com\/@fr\/115961502339196213","error":""},"_links":{"self":[{"href":"https:\/\/www.europesays.com\/fr\/wp-json\/wp\/v2\/posts\/690385","targetHints":{"allow":["GET"]}}],"collection":[{"href":"https:\/\/www.europesays.com\/fr\/wp-json\/wp\/v2\/posts"}],"about":[{"href":"https:\/\/www.europesays.com\/fr\/wp-json\/wp\/v2\/types\/post"}],"author":[{"embeddable":true,"href":"https:\/\/www.europesays.com\/fr\/wp-json\/wp\/v2\/users\/2"}],"replies":[{"embeddable":true,"href":"https:\/\/www.europesays.com\/fr\/wp-json\/wp\/v2\/comments?post=690385"}],"version-history":[{"count":0,"href":"https:\/\/www.europesays.com\/fr\/wp-json\/wp\/v2\/posts\/690385\/revisions"}],"wp:featuredmedia":[{"embeddable":true,"href":"https:\/\/www.europesays.com\/fr\/wp-json\/wp\/v2\/media\/690386"}],"wp:attachment":[{"href":"https:\/\/www.europesays.com\/fr\/wp-json\/wp\/v2\/media?parent=690385"}],"wp:term":[{"taxonomy":"category","embeddable":true,"href":"https:\/\/www.europesays.com\/fr\/wp-json\/wp\/v2\/categories?post=690385"},{"taxonomy":"post_tag","embeddable":true,"href":"https:\/\/www.europesays.com\/fr\/wp-json\/wp\/v2\/tags?post=690385"}],"curies":[{"name":"wp","href":"https:\/\/api.w.org\/{rel}","templated":true}]}}