{"id":690387,"date":"2026-01-26T12:54:13","date_gmt":"2026-01-26T12:54:13","guid":{"rendered":"https:\/\/www.europesays.com\/fr\/690387\/"},"modified":"2026-01-26T12:54:13","modified_gmt":"2026-01-26T12:54:13","slug":"allemagne-un-indice-ifo-a-nouveau-decevant-pour-commerzbank","status":"publish","type":"post","link":"https:\/\/www.europesays.com\/fr\/690387\/","title":{"rendered":"Allemagne : un indice Ifo \u00ab\u00a0\u00e0 nouveau d\u00e9cevant\u00a0\u00bb pour Commerzbank"},"content":{"rendered":"<p>\n                            Revenant sur l&rsquo;indice Ifo du climat des affaires en Allemagne, d\u00e9voil\u00e9 en matin\u00e9e, Commerzbank y voit \u00ab\u00a0une d\u00e9ception qui ne peut \u00eatre attribu\u00e9e aux r\u00e9centes menaces de droits de douane de Trump contre l&rsquo;UE\u00a0\u00bb.\n                    <\/p>\n<p>                    Pour rappel, apr\u00e8s deux baisses cons\u00e9cutives, cet indice s&rsquo;est \u00e9tabli \u00e0 87,6 points en janvier, restant ainsi stable par rapport \u00e0 d\u00e9cembre (son plus bas niveau depuis le mois de mai 2025), alors que les \u00e9conomistes l&rsquo;esp\u00e9raient en hausse vers 88,3.<\/p>\n<p>Plus pr\u00e9cis\u00e9ment, le sous-indice portant sur la situation actuelle s&rsquo;est tr\u00e8s l\u00e9g\u00e8rement am\u00e9lior\u00e9 d&rsquo;un mois sur l&rsquo;autre, passant de 85,6 \u00e0 85,7, mais celui mesurant les attentes s&rsquo;est au contraire tass\u00e9, passant de 89,7 en d\u00e9cembre \u00e0 89,5 en janvier.<\/p>\n<p>\u00ab\u00a0Le fait que cela ne se soit pas produit est une d\u00e9ception qui ne peut \u00eatre attribu\u00e9e aux r\u00e9centes menaces de droits de douane de Trump contre l&rsquo;UE\u00a0\u00bb, juge Commerzbank, notant que \u00ab\u00a0contrairement au premier semestre de l&rsquo;ann\u00e9e derni\u00e8re, l&rsquo;indice ne progresse plus\u00a0\u00bb.<\/p>\n<p>\u00ab\u00a0De nombreuses entreprises sont clairement d\u00e9\u00e7ues par l&rsquo;absence de r\u00e9formes larges. Le plan budg\u00e9taire du gouvernement allemand n&rsquo;est donc pas stimulant comme pr\u00e9vu. L&rsquo;\u00e9conomie ne devrait se redresser qu&rsquo;avec r\u00e9ticence cette ann\u00e9e\u00a0\u00bb, poursuit la banque allemande.<\/p>\n","protected":false},"excerpt":{"rendered":"Revenant sur l&rsquo;indice Ifo du climat des affaires en Allemagne, d\u00e9voil\u00e9 en matin\u00e9e, Commerzbank y voit \u00ab\u00a0une d\u00e9ception&hellip;\n","protected":false},"author":2,"featured_media":690388,"comment_status":"","ping_status":"","sticky":false,"template":"","format":"standard","meta":{"footnotes":""},"categories":[1587],"tags":[11,672,340,1804,1805,1803,1777,674,1801,12,1802],"class_list":{"0":"post-690387","1":"post","2":"type-post","3":"status-publish","4":"format-standard","5":"has-post-thumbnail","7":"category-allemagne","8":"tag-actualites","9":"tag-allemagne","10":"tag-bourse","11":"tag-bundesrepublik-deutschland","12":"tag-de","13":"tag-deutschland","14":"tag-eu","15":"tag-europe","16":"tag-germany","17":"tag-news","18":"tag-republique-federale-dallemagne"},"share_on_mastodon":{"url":"https:\/\/pubeurope.com\/@fr\/115961506320106274","error":""},"_links":{"self":[{"href":"https:\/\/www.europesays.com\/fr\/wp-json\/wp\/v2\/posts\/690387","targetHints":{"allow":["GET"]}}],"collection":[{"href":"https:\/\/www.europesays.com\/fr\/wp-json\/wp\/v2\/posts"}],"about":[{"href":"https:\/\/www.europesays.com\/fr\/wp-json\/wp\/v2\/types\/post"}],"author":[{"embeddable":true,"href":"https:\/\/www.europesays.com\/fr\/wp-json\/wp\/v2\/users\/2"}],"replies":[{"embeddable":true,"href":"https:\/\/www.europesays.com\/fr\/wp-json\/wp\/v2\/comments?post=690387"}],"version-history":[{"count":0,"href":"https:\/\/www.europesays.com\/fr\/wp-json\/wp\/v2\/posts\/690387\/revisions"}],"wp:featuredmedia":[{"embeddable":true,"href":"https:\/\/www.europesays.com\/fr\/wp-json\/wp\/v2\/media\/690388"}],"wp:attachment":[{"href":"https:\/\/www.europesays.com\/fr\/wp-json\/wp\/v2\/media?parent=690387"}],"wp:term":[{"taxonomy":"category","embeddable":true,"href":"https:\/\/www.europesays.com\/fr\/wp-json\/wp\/v2\/categories?post=690387"},{"taxonomy":"post_tag","embeddable":true,"href":"https:\/\/www.europesays.com\/fr\/wp-json\/wp\/v2\/tags?post=690387"}],"curies":[{"name":"wp","href":"https:\/\/api.w.org\/{rel}","templated":true}]}}