{"id":690389,"date":"2026-01-26T12:55:13","date_gmt":"2026-01-26T12:55:13","guid":{"rendered":"https:\/\/www.europesays.com\/fr\/690389\/"},"modified":"2026-01-26T12:55:13","modified_gmt":"2026-01-26T12:55:13","slug":"leurope-mise-sur-leolien-offshore-en-mer-du-nord-pour-reduire-sa-dependance-a-moscou-26-01-2026-a-1335","status":"publish","type":"post","link":"https:\/\/www.europesays.com\/fr\/690389\/","title":{"rendered":"L\u2019Europe mise sur l\u2019\u00e9olien offshore en mer du Nord pour r\u00e9duire sa d\u00e9pendance \u00e0 Moscou &#8211; 26\/01\/2026 \u00e0 13:35"},"content":{"rendered":"<p>        <img decoding=\"async\" src=\"https:\/\/www.europesays.com\/fr\/wp-content\/uploads\/2026\/01\/246b1020b7dec8945878e76864a31e58-760x507.jpg\" alt=\"Le Royaume-Uni domine l\u2019Europe en \u00e9olien offshore avec ses vastes parcs en mer du Nord. ( Ritzau Scanpix \/ THOMAS TRAASDAHL )\" loading=\"eager\" fetchpriority=\"high\" width=\"760\" height=\"507\" style=\"max-width: 100%!important; height: auto;\"\/><\/p>\n<p class=\"c-image-news__legend\">Le Royaume-Uni domine l\u2019Europe en \u00e9olien offshore avec ses vastes parcs en mer du Nord. ( Ritzau Scanpix \/ THOMAS TRAASDAHL )<\/p>\n<p> Dix pays europ\u00e9ens, dont la France et le Royaume-Uni, ont sign\u00e9 ce lundi une d\u00e9claration pour cr\u00e9er \u00ab\u00a0le plus grand p\u00f4le mondial d\u2019\u00e9nergie propre\u00a0\u00bb dans les eaux nord-europ\u00e9ennes.<\/p>\n<p>\n Les ministres de l&rsquo;Energie de la Belgique, du Danemark, de la France, de l&rsquo;Allemagne, de l&rsquo;Islande, de l&rsquo;Irlande, du Luxembourg, des Pays-Bas et de la Norv\u00e8ge ont sign\u00e9 une d\u00e9claration commune pour cr\u00e9er<br \/>\n <strong><br \/>\n  \u00ab\u00a0le plus grand p\u00f4le mondial d&rsquo;\u00e9nergie propre\u00a0\u00bb<br \/>\n <\/strong><br \/>\n , selon un communiqu\u00e9 publi\u00e9 par le minist\u00e8re allemand de l&rsquo;Economie et de l&rsquo;\u00e9nergie.\n<\/p>\n<p>\n Cette d\u00e9claration a \u00e9t\u00e9 adopt\u00e9e \u00e0 l&rsquo;occasion du troisi\u00e8me sommet sur la coop\u00e9ration \u00e9nerg\u00e9tique et s\u00e9curitaire dans la r\u00e9gion de la mer du Nord, qui se tient lundi 26 janvier pour la premi\u00e8re fois en Allemagne.\n<\/p>\n<p>\n Lors de la deuxi\u00e8me \u00e9dition de ce sommet en 2023,<br \/>\n <strong><br \/>\n  les pays participants avaient convenu de d\u00e9velopper en mer du Nord jusqu&rsquo;\u00e0 300 gigawatts de capacit\u00e9 \u00e9nerg\u00e9tique d&rsquo;ici \u00e0 2050, avec un objectif interm\u00e9diaire de 120 GW pour 2030<br \/>\n <\/strong><br \/>\n , jusqu&rsquo;\u00e0 pr\u00e9sent en passe d&rsquo;\u00eatre manqu\u00e9, selon les experts du secteur.\n<\/p>\n<p>\n Le nouvel accord pr\u00e9voit que l&rsquo;Allemagne, la Norv\u00e8ge, la France, le Danemark et le Royaume-Uni lancent<br \/>\n <strong><br \/>\n  une \u00ab\u00a0flotte sans pr\u00e9c\u00e9dent\u00a0\u00bb de projets conjoints d\u2019\u00e9olien offshore, repr\u00e9sentant une capacit\u00e9 totale de 100 GW<br \/>\n <\/strong><br \/>\n , selon un communiqu\u00e9 s\u00e9par\u00e9 du minist\u00e8re britannique de l&rsquo;Energie qui ne pr\u00e9cise pas le calendrier.\n<\/p>\n<p>\n Cette production \u00e9quivaut aux besoins \u00e9lectriques de pr\u00e8s de 100 millions de foyers.\n<\/p>\n<p>\n L&rsquo;accord doit permettre de renforcer la \u00ab\u00a0r\u00e9silience\u00a0\u00bb et la \u00ab\u00a0s\u00e9curit\u00e9 des approvisionnements\u00a0\u00bb de l&rsquo;Europe, a d\u00e9clar\u00e9 Katherina Reiche, minist\u00e8re allemande l&rsquo;Economie et de l&rsquo;Energie, lors de la signature de la d\u00e9claration.\n<\/p>\n<p> R\u00e9duire sa d\u00e9pendance au gaz russe<\/p>\n<p>\n Une grande partie de l&rsquo;Europe, l&rsquo;Allemagne en t\u00eate, a longtemps d\u00e9pendu des livraisons de gaz russe, jusqu&rsquo;\u00e0 d\u00e9cider de s&rsquo;en sevrer apr\u00e8s l&rsquo;invasion de Ukraine par Moscou en 2022. Cette rupture avait provoqu\u00e9 une flamb\u00e9e historique de l&rsquo;inflation, plongeant de nombreuses industries \u00e9nergivores dans la crise.\n<\/p>\n<p>\n Pour autant, les dirigeants europ\u00e9ens, pr\u00e9sents \u00e0 Hambourg, ont soulign\u00e9 ne plus jamais vouloir se retrouver dans cette position.<br \/>\n <strong><br \/>\n  \u00ab\u00a0Nous envoyons un signal tr\u00e8s clair \u00e0 la Russie: nous ne vous laisserons plus utiliser l&rsquo;\u00e9nergie contre nous\u00a0\u00bb<br \/>\n <\/strong><br \/>\n , a d\u00e9clar\u00e9 Dan J\u00f8rgensen, commissaire europ\u00e9en \u00e0 l&rsquo;\u00e9nergie.\n<\/p>\n<p>\n L\u2019initiative vise aussi \u00e0<br \/>\n <strong><br \/>\n  offrir une meilleure visibilit\u00e9 aux industriels et aux gestionnaires de r\u00e9seaux<br \/>\n <\/strong><br \/>\n , dans un contexte de tensions croissantes autour des infrastructures \u00e9nerg\u00e9tiques en mer du Nord, comme en mer Baltique.\n<\/p>\n<p>\n Dans ces deux mers, les attaques hybrides sont imput\u00e9es \u00e0 la Russie. Des cargos russes sont soup\u00e7onn\u00e9s d&rsquo;approcher des infrastructures strat\u00e9giques &#8211; parcs \u00e9oliens, gazoducs et c\u00e2bles de communication &#8211; pour les endommager et livrer des informations \u00e0 Moscou.<\/p>\n","protected":false},"excerpt":{"rendered":"Le Royaume-Uni domine l\u2019Europe en \u00e9olien offshore avec ses vastes parcs en mer du Nord. ( Ritzau Scanpix&hellip;\n","protected":false},"author":2,"featured_media":690390,"comment_status":"","ping_status":"","sticky":false,"template":"","format":"standard","meta":{"footnotes":""},"categories":[1586],"tags":[400,11,398,408,405,1777,674,1011,27,403,402,399,404,12,25,401,406,407],"class_list":{"0":"post-690389","1":"post","2":"type-post","3":"status-publish","4":"format-standard","5":"has-post-thumbnail","7":"category-europe","8":"tag-action-cac-40","9":"tag-actualites","10":"tag-bourse-de-paris","11":"tag-boursorama","12":"tag-cotations","13":"tag-eu","14":"tag-europe","15":"tag-fr","16":"tag-france","17":"tag-indices-devises","18":"tag-investir","19":"tag-investissement","20":"tag-marche-boursier","21":"tag-news","22":"tag-republique-francaise","23":"tag-sicav","24":"tag-trackers","25":"tag-warrants"},"share_on_mastodon":{"url":"https:\/\/pubeurope.com\/@fr\/115961510450964230","error":""},"_links":{"self":[{"href":"https:\/\/www.europesays.com\/fr\/wp-json\/wp\/v2\/posts\/690389","targetHints":{"allow":["GET"]}}],"collection":[{"href":"https:\/\/www.europesays.com\/fr\/wp-json\/wp\/v2\/posts"}],"about":[{"href":"https:\/\/www.europesays.com\/fr\/wp-json\/wp\/v2\/types\/post"}],"author":[{"embeddable":true,"href":"https:\/\/www.europesays.com\/fr\/wp-json\/wp\/v2\/users\/2"}],"replies":[{"embeddable":true,"href":"https:\/\/www.europesays.com\/fr\/wp-json\/wp\/v2\/comments?post=690389"}],"version-history":[{"count":0,"href":"https:\/\/www.europesays.com\/fr\/wp-json\/wp\/v2\/posts\/690389\/revisions"}],"wp:featuredmedia":[{"embeddable":true,"href":"https:\/\/www.europesays.com\/fr\/wp-json\/wp\/v2\/media\/690390"}],"wp:attachment":[{"href":"https:\/\/www.europesays.com\/fr\/wp-json\/wp\/v2\/media?parent=690389"}],"wp:term":[{"taxonomy":"category","embeddable":true,"href":"https:\/\/www.europesays.com\/fr\/wp-json\/wp\/v2\/categories?post=690389"},{"taxonomy":"post_tag","embeddable":true,"href":"https:\/\/www.europesays.com\/fr\/wp-json\/wp\/v2\/tags?post=690389"}],"curies":[{"name":"wp","href":"https:\/\/api.w.org\/{rel}","templated":true}]}}