{"id":690411,"date":"2026-01-26T13:12:12","date_gmt":"2026-01-26T13:12:12","guid":{"rendered":"https:\/\/www.europesays.com\/fr\/690411\/"},"modified":"2026-01-26T13:12:12","modified_gmt":"2026-01-26T13:12:12","slug":"star-academy-2025-victor-repete-diego-libre-dans-sa-tete-star-academy","status":"publish","type":"post","link":"https:\/\/www.europesays.com\/fr\/690411\/","title":{"rendered":"Star Academy 2025 &#8211; Victor r\u00e9p\u00e8te \u00ab\u00a0Diego libre dans sa t\u00eate\u00a0\u00bb &#8211; Star Academy"},"content":{"rendered":"<p class=\"default-2\">Victor r\u00e9p\u00e8te \u00ab\u00a0Diego libre dans sa t\u00eate\u00a0\u00bb. Une nouvelle semaine d\u00e9cisive s\u2019ouvre pour l&rsquo;acad\u00e9micien, qui affrontera Ambre lors de cette deuxi\u00e8me demi-finale. Apr\u00e8s avoir marqu\u00e9 les esprits avec sa carte blanche sur \u00ab\u00a0Havana\u00a0\u00bb de Camila Cabello, Victor devra une nouvelle fois convaincre lors des \u00e9valuations pr\u00e9vues demain.BONUS issu du flux live \u00ab\u00a0En direct du Ch\u00e2teau\u00a0\u00bb 2026.<\/p>\n<p>Divertissement, Chanson3m02<\/p>\n<p>Publi\u00e9 le 26 janv. 2026 \u00e0 14:00<\/p>\n","protected":false},"excerpt":{"rendered":"Victor r\u00e9p\u00e8te \u00ab\u00a0Diego libre dans sa t\u00eate\u00a0\u00bb. Une nouvelle semaine d\u00e9cisive s\u2019ouvre pour l&rsquo;acad\u00e9micien, qui affrontera Ambre lors&hellip;\n","protected":false},"author":2,"featured_media":690412,"comment_status":"","ping_status":"","sticky":false,"template":"","format":"standard","meta":{"footnotes":""},"categories":[1356],"tags":[58,59,8644,67916,67917,67915,1011,27,5095,67918,67919,62746,62750,62735,62747,62751,62743,62742,62748,62749,62744,62745,252,1364,62740,62741],"class_list":{"0":"post-690411","1":"post","2":"type-post","3":"status-publish","4":"format-standard","5":"has-post-thumbnail","7":"category-television","8":"tag-divertissement","9":"tag-entertainment","10":"tag-exclu","11":"tag-exclu-star-academy","12":"tag-exclu-star-academy-tf1","13":"tag-exclu-tf1","14":"tag-fr","15":"tag-france","16":"tag-star-academy","17":"tag-star-academy-exclu","18":"tag-star-academy-exclu-tf1","19":"tag-star-academy-streaming","20":"tag-star-academy-streaming-gratuit","21":"tag-star-academy-tf1","22":"tag-star-academy-tf1-streaming","23":"tag-star-academy-tf1-streaming-gratuit","24":"tag-star-academy-tf1-video","25":"tag-star-academy-video","26":"tag-streaming-gratuit-star-academy","27":"tag-streaming-gratuit-star-academy-tf1","28":"tag-streaming-star-academy","29":"tag-streaming-star-academy-tf1","30":"tag-television","31":"tag-tv","32":"tag-video-star-academy","33":"tag-video-star-academy-tf1"},"share_on_mastodon":{"url":"","error":"Validation failed: Text character limit of 500 exceeded"},"_links":{"self":[{"href":"https:\/\/www.europesays.com\/fr\/wp-json\/wp\/v2\/posts\/690411","targetHints":{"allow":["GET"]}}],"collection":[{"href":"https:\/\/www.europesays.com\/fr\/wp-json\/wp\/v2\/posts"}],"about":[{"href":"https:\/\/www.europesays.com\/fr\/wp-json\/wp\/v2\/types\/post"}],"author":[{"embeddable":true,"href":"https:\/\/www.europesays.com\/fr\/wp-json\/wp\/v2\/users\/2"}],"replies":[{"embeddable":true,"href":"https:\/\/www.europesays.com\/fr\/wp-json\/wp\/v2\/comments?post=690411"}],"version-history":[{"count":0,"href":"https:\/\/www.europesays.com\/fr\/wp-json\/wp\/v2\/posts\/690411\/revisions"}],"wp:featuredmedia":[{"embeddable":true,"href":"https:\/\/www.europesays.com\/fr\/wp-json\/wp\/v2\/media\/690412"}],"wp:attachment":[{"href":"https:\/\/www.europesays.com\/fr\/wp-json\/wp\/v2\/media?parent=690411"}],"wp:term":[{"taxonomy":"category","embeddable":true,"href":"https:\/\/www.europesays.com\/fr\/wp-json\/wp\/v2\/categories?post=690411"},{"taxonomy":"post_tag","embeddable":true,"href":"https:\/\/www.europesays.com\/fr\/wp-json\/wp\/v2\/tags?post=690411"}],"curies":[{"name":"wp","href":"https:\/\/api.w.org\/{rel}","templated":true}]}}